{"id":24707,"date":"2026-09-01T16:03:02","date_gmt":"2026-09-01T19:03:02","guid":{"rendered":"https:\/\/fatoelado.com\/?p=24707"},"modified":"2026-09-01T16:03:02","modified_gmt":"2026-09-01T19:03:02","slug":"limpeza-de-pocos-pode-aumentar-producao-de-agua-em-ate-20-no-piaui","status":"publish","type":"post","link":"https:\/\/fatoelado.com\/?p=24707","title":{"rendered":"Limpeza de po\u00e7os pode aumentar produ\u00e7\u00e3o de \u00e1gua em at\u00e9 20% no Piau\u00ed"},"content":{"rendered":"<p><img decoding=\"async\" class=\"aligncenter\" src=\"https:\/\/cidadeverde.com\/assets\/uploads\/posts\/WhatsApp_Image_2026-09-01_at_09_27_01.jpeg\" \/><\/p>\n<p>A Opera\u00e7\u00e3o B-R-O-BR\u00d3, da \u00c1guas do Piau\u00ed, est\u00e1 executando cerca de 70 a\u00e7\u00f5es nos 40 munic\u00edpios que integram a Regional Litoral. Com investimentos de mais de R$ 1,5 milh\u00e3o, as atividades iniciaram ainda em junho, como prepara\u00e7\u00e3o antecipada para o per\u00edodo mais quente do ano, e seguem ao longo dos pr\u00f3ximos meses. O objetivo \u00e9 refor\u00e7ar a seguran\u00e7a h\u00eddrica e efici\u00eancia dos sistemas de abastecimento durante o per\u00edodo em que se aumenta a demanda por \u00e1gua enquanto os mananciais sofrem com a estiagem.<\/p>\n<p>Entre as a\u00e7\u00f5es j\u00e1 realizadas est\u00e3o: a aquisi\u00e7\u00e3o de bombas reserva para a Base Parna\u00edba; instala\u00e7\u00e3o de novo sistema de bombeamento de alta press\u00e3o (booster) em Parna\u00edba com foco na distribui\u00e7\u00e3o de \u00e1gua para os munic\u00edpios de Lu\u00eds Correia e Cajueiro da Praia; substitui\u00e7\u00e3o da tubula\u00e7\u00e3o de capta\u00e7\u00e3o em Murici dos Portelas; realoca\u00e7\u00e3o do flutuante do sistema de capta\u00e7\u00e3o em Pedro II e reativa\u00e7\u00e3o de po\u00e7os na Orla do A\u00e7ude Joana; melhorias na capta\u00e7\u00e3o em Piripiri e nas Esta\u00e7\u00f5es de Tratamento de \u00c1gua (ETAs) de Barras, Matias Ol\u00edmpio e Miguel Alves.<\/p>\n<p>De acordo com o gerente executivo da Regional Litoral da \u00c1guas do Piau\u00ed, C\u00e9lio Dam\u00e1sio, o planejamento de a\u00e7\u00f5es considera as necessidades espec\u00edficas dos sistemas de abastecimento de cada munic\u00edpio em opera\u00e7\u00e3o. \u201cEstamos preparando toda a Regional Litoral para operar com mais seguran\u00e7a e efici\u00eancia durante o B-R-O-BR\u00d3. O cronograma re\u00fane a\u00e7\u00f5es de diferentes naturezas, visando antecipar as necessidades e fortalecer os sistemas para o enfrentamento deste per\u00edodo que est\u00e1 sendo marcado pelo Super El Ni\u00f1o\u201d, afirma.<\/p>\n<h2><strong>Pr\u00f3ximos passos<\/strong><\/h2>\n<p>Na \u00faltima semana, iniciou-se o cronograma de limpeza de po\u00e7os da Regional Litoral. A primeira cidade beneficiada foi Luzil\u00e2ndia. Esta semana, as equipes est\u00e3o revitalizando os po\u00e7os de Batalha e, em seguida, ir\u00e3o para as cidades de Piracuruca, Buriti dos Lopes, Cocal, Piripiri, Esperantina, Boa Hora, dentre outras. Este servi\u00e7o permite remover materiais acumulados no interior dos po\u00e7os e avaliar as condi\u00e7\u00f5es dos equipamentos e das estruturas de capta\u00e7\u00e3o, contribuindo para ampliar a produ\u00e7\u00e3o de \u00e1gua em at\u00e9 20% e reduzir o risco de falhas operacionais.<\/p>\n<h2><strong>Opera\u00e7\u00e3o B-R-O-BR\u00d3<\/strong><\/h2>\n<p>As a\u00e7\u00f5es da Opera\u00e7\u00e3o B-R-O-BR\u00d3 na Regional Litoral integram o conjunto de mais de 480 a\u00e7\u00f5es previstas pela \u00c1guas do Piau\u00ed em todo o estado e que somam R$ 73 milh\u00f5es em investimentos. O trabalho complementa os investimentos j\u00e1 realizados pela concession\u00e1ria desde o in\u00edcio da concess\u00e3o, com foco na amplia\u00e7\u00e3o da oferta de \u00e1gua, recupera\u00e7\u00e3o de estruturas, moderniza\u00e7\u00e3o dos sistemas e melhoria cont\u00ednua da opera\u00e7\u00e3o.<\/p>\n<p>&nbsp;<\/p>\n<p>Fonte: Portal CidadeVerde.<br \/>\nConfira esta e outras mat\u00e9rias na \u00edntegra pelo link: https:\/\/cidadeverde.com\/parnaiba\/135003\/limpeza-de-pocos-pode-aumentar-producao-de-agua-em-ate-20-no-piaui<\/p>\n","protected":false},"excerpt":{"rendered":"<p>A Opera\u00e7\u00e3o B-R-O-BR\u00d3, da \u00c1guas do Piau\u00ed, est\u00e1 executando cerca de 70 a\u00e7\u00f5es nos 40 munic\u00edpios que integram a Regional Litoral. Com investimentos de mais de R$ 1,5 milh\u00e3o, as atividades iniciaram ainda em junho, como prepara\u00e7\u00e3o antecipada para o per\u00edodo mais quente do ano, e seguem ao longo dos pr\u00f3ximos meses. O objetivo \u00e9 [&hellip;]<\/p>\n","protected":false},"author":3,"featured_media":24708,"comment_status":"open","ping_status":"open","sticky":false,"template":"","format":"standard","meta":{"om_disable_all_campaigns":false,"_monsterinsights_skip_tracking":false,"_monsterinsights_sitenote_active":false,"_monsterinsights_sitenote_note":"","_monsterinsights_sitenote_category":0,"footnotes":""},"categories":[33],"tags":[],"class_list":["post-24707","post","type-post","status-publish","format-standard","has-post-thumbnail","hentry","category-piaui"],"jetpack_featured_media_url":"https:\/\/fatoelado.com\/wp-content\/uploads\/2026\/09\/WhatsApp_Image_2026-09-01_at_09_27_01.jpeg","_links":{"self":[{"href":"https:\/\/fatoelado.com\/index.php?rest_route=\/wp\/v2\/posts\/24707","targetHints":{"allow":["GET"]}}],"collection":[{"href":"https:\/\/fatoelado.com\/index.php?rest_route=\/wp\/v2\/posts"}],"about":[{"href":"https:\/\/fatoelado.com\/index.php?rest_route=\/wp\/v2\/types\/post"}],"author":[{"embeddable":true,"href":"https:\/\/fatoelado.com\/index.php?rest_route=\/wp\/v2\/users\/3"}],"replies":[{"embeddable":true,"href":"https:\/\/fatoelado.com\/index.php?rest_route=%2Fwp%2Fv2%2Fcomments&post=24707"}],"version-history":[{"count":2,"href":"https:\/\/fatoelado.com\/index.php?rest_route=\/wp\/v2\/posts\/24707\/revisions"}],"predecessor-version":[{"id":24710,"href":"https:\/\/fatoelado.com\/index.php?rest_route=\/wp\/v2\/posts\/24707\/revisions\/24710"}],"wp:featuredmedia":[{"embeddable":true,"href":"https:\/\/fatoelado.com\/index.php?rest_route=\/wp\/v2\/media\/24708"}],"wp:attachment":[{"href":"https:\/\/fatoelado.com\/index.php?rest_route=%2Fwp%2Fv2%2Fmedia&parent=24707"}],"wp:term":[{"taxonomy":"category","embeddable":true,"href":"https:\/\/fatoelado.com\/index.php?rest_route=%2Fwp%2Fv2%2Fcategories&post=24707"},{"taxonomy":"post_tag","embeddable":true,"href":"https:\/\/fatoelado.com\/index.php?rest_route=%2Fwp%2Fv2%2Ftags&post=24707"}],"curies":[{"name":"wp","href":"https:\/\/api.w.org\/{rel}","templated":true}]}}