{"id":24697,"date":"2026-09-01T16:00:07","date_gmt":"2026-09-01T19:00:07","guid":{"rendered":"https:\/\/fatoelado.com\/?p=24697"},"modified":"2026-09-01T16:00:07","modified_gmt":"2026-09-01T19:00:07","slug":"cortes-de-arvores-na-ufpi-causa-protestos-reitoria-diz-que-ha-risco-de-acidente","status":"publish","type":"post","link":"https:\/\/fatoelado.com\/?p=24697","title":{"rendered":"Cortes de \u00e1rvores na UFPI causa protestos; reitoria diz que h\u00e1 risco de acidente"},"content":{"rendered":"<div class=\"galleryslider top\">\n<div id=\"slider-top\" class=\"galery flexslider\">\n<div class=\"flex-viewport\">\n<p><small><\/small><img decoding=\"async\" class=\"aligncenter\" title=\"Podas de \u00e1rvores na Ufpi\" draggable=\"false\" src=\"https:\/\/cidadeverde.com\/assets\/uploads\/colecoes\/15094\/2026\/09\/arvore7.jpg\" alt=\"arvore7.jpg\" \/><span class=\"caption\"><strong>Podas de \u00e1rvores na Ufpi<\/strong><br \/>\n<small>Yala Sena<\/small><\/span><\/p>\n<\/div>\n<\/div>\n<\/div>\n<div id=\"post-body-news\" class=\"post-body\">\n<p>A poda de \u00e1rvores na UFPI (Universidade Federal do Piau\u00ed) est\u00e1 causando protestos de estudantes e rea\u00e7\u00e3o dos movimentos em defesa da arboriza\u00e7\u00e3o. \u00c1rvores como\u00a0<em>hura crepitans<\/em>, conhecida como \u201c\u00e1rvore dinamite da Amaz\u00f4nia\u201d e ip\u00eas foram cortadas no campus ministro Petr\u00f4nio Portella, no bairro Ininga, zona Leste de Teresina. A reitoria, em nota, argumentou que as \u00e1rvores que passaram por podas est\u00e3o condenadas com cupins, h\u00e1 risco de acidentes e que ser\u00e3o substitu\u00eddas com plantas nativas.<\/p>\n<p>A estudante Hamanda Soares, que faz doutorado no setor de Biologia da UFPI, criticou a poda e disse que a a\u00e7\u00e3o pegou a comunidade ufpiana de surpresa.<\/p>\n<blockquote><p>\u201c\u00c9 uma poda feita de forma irrespons\u00e1vel, sem elabora\u00e7\u00e3o t\u00e9cnica. As \u00e1rvores no setor de biologia t\u00eam hist\u00f3ria e mem\u00f3ria e elas fazem parte de um ecossistema n\u00e3o s\u00f3 para a sombra das pessoas, mas para a produ\u00e7\u00e3o de carbono e ninho para esp\u00e9cies. Em pleno B-R-O Br\u00f3 virou uma matan\u00e7a de \u00e1rvores\u201d, afirmou Hamanda.<\/p><\/blockquote>\n<p>A doutoranda disse que os cortes das \u00e1rvores acontecem no momento em que Teresina recebe o t\u00edtulo de \u201ccapital amiga da \u00e1rvore\u201d e em pleno B-R-O Br\u00f3, de altas temperaturas.<\/p>\n<p>A professora Ana Carolina, do projeto de extens\u00e3o Reflorir do Departamento de Biologia da UFPI, destacou que\u00a0<strong>a poda precisa ser feita no tempo certo para evitar impactos na \u00e1rvore.\u00a0<\/strong><\/p>\n<p>\u201cFazendo poda no pingo do B-R-O Br\u00f3 impacta porque nesse per\u00edodo de sol forte, a \u00e1rvore pode ficar debilitada e dif\u00edcil de reabilitar. Melhor per\u00edodo de poda \u00e9 quando tem chuvas\u201d, disse.<\/p>\n<p><strong>O projeto Reflorir tem quatro anos e realiza a\u00e7\u00f5es de educa\u00e7\u00e3o ambiental e de manejo de jardins.\u00a0<\/strong><\/p>\n<p><strong>As podas ocorreram em p\u00e9s de mangas em frente \u00e0 reitoria, no setor de Biologia e no estacionamento na biblioteca.\u00a0<\/strong><\/p>\n<p><img decoding=\"async\" class=\"aligncenter\" src=\"https:\/\/cidadeverde.com\/assets\/uploads\/colecoes\/2\/2026\/09\/arvore9.jpg\" alt=\"arvore9.jpg\" \/><\/p>\n<p>A assessoria da UFPI garante que as \u00e1rvores est\u00e3o condenadas por pragas e que ser\u00e3o substitu\u00eddas por \u00e1rvores nativas.<\/p>\n<h2><strong>Veja nota:\u00a0<\/strong><\/h2>\n<blockquote><p>A Coordenadoria de Sustentabilidade Ambiental (COSAM\/PREUNI\/UFPI) informa que os servi\u00e7os de poda realizados no Campus Ministro Petr\u00f4nio Portella foram definidos a partir de levantamento t\u00e9cnico, com o objetivo de reduzir riscos \u00e0 seguran\u00e7a das pessoas e \u00e0 infraestrutura da Universidade.<\/p>\n<p>A interven\u00e7\u00e3o priorizou \u00e1rvores de grande porte em \u00e1reas de circula\u00e7\u00e3o e conviv\u00eancia, pr\u00f3ximas a edifica\u00e7\u00f5es e \u00e0 rede el\u00e9trica, especialmente aquelas com comprometimento aparente ou necessidade de manuten\u00e7\u00e3o. A a\u00e7\u00e3o preventiva tamb\u00e9m considerou ocorr\u00eancias anteriores, como quedas de galhos sobre ve\u00edculo, tetos e salas de aula, situa\u00e7\u00f5es que ofereceram riscos \u00e0 comunidade universit\u00e1ria e provocaram interrup\u00e7\u00f5es no fornecimento de energia el\u00e9trica.<\/p>\n<p>Os servi\u00e7os foram programados para o per\u00edodo de estiagem, que oferece melhores condi\u00e7\u00f5es para a opera\u00e7\u00e3o dos equipamentos e reduz riscos associados a chuvas, ventos, descargas el\u00e9tricas e instabilidade do solo. Al\u00e9m da seguran\u00e7a, a defini\u00e7\u00e3o do per\u00edodo considera aspectos fitossanit\u00e1rios: podas realizadas em per\u00edodos chuvosos podem aumentar o risco de infec\u00e7\u00f5es por fungos e bact\u00e9rias e da ocorr\u00eancia de cancros, devido \u00e0 alta umidade. Em per\u00edodos secos, por outro lado, a planta tende a cicatrizar e compartimentalizar os cortes de forma mais eficiente. O cronograma foi finalizado na \u00faltima semana de agosto.<\/p>\n<p>A COSAM informa ainda que as \u00e1rvores ser\u00e3o monitoradas e que est\u00e1 prevista a reposi\u00e7\u00e3o de esp\u00e9cies nativas na UFPI, especialmente nos espa\u00e7os mais afetados. Os dados levantados tamb\u00e9m contribuir\u00e3o para a elabora\u00e7\u00e3o do Manual de Arboriza\u00e7\u00e3o da UFPI.<\/p>\n<p>A COSAM reconhece a import\u00e2ncia ambiental, paisag\u00edstica e social da arboriza\u00e7\u00e3o e refor\u00e7a que as medidas adotadas buscam conciliar sua preserva\u00e7\u00e3o com a seguran\u00e7a da comunidade universit\u00e1ria, do patrim\u00f4nio p\u00fablico e dos servi\u00e7os essenciais.<\/p><\/blockquote>\n<\/div>\n<p>&nbsp;<\/p>\n<p>Fonte: Portal CidadeVerde.<br \/>\nConfira esta e outras mat\u00e9rias na \u00edntegra pelo link: https:\/\/cidadeverde.com\/ultimas\/462118\/cortes-de-arvores-na-ufpi-causa-protestos-reitoria-diz-que-ha-risco-de-acidente<\/p>\n","protected":false},"excerpt":{"rendered":"<p>Podas de \u00e1rvores na Ufpi Yala Sena A poda de \u00e1rvores na UFPI (Universidade Federal do Piau\u00ed) est\u00e1 causando protestos de estudantes e rea\u00e7\u00e3o dos movimentos em defesa da arboriza\u00e7\u00e3o. \u00c1rvores como\u00a0hura crepitans, conhecida como \u201c\u00e1rvore dinamite da Amaz\u00f4nia\u201d e ip\u00eas foram cortadas no campus ministro Petr\u00f4nio Portella, no bairro Ininga, zona Leste de Teresina. [&hellip;]<\/p>\n","protected":false},"author":3,"featured_media":24698,"comment_status":"open","ping_status":"open","sticky":false,"template":"","format":"standard","meta":{"om_disable_all_campaigns":false,"_monsterinsights_skip_tracking":false,"_monsterinsights_sitenote_active":false,"_monsterinsights_sitenote_note":"","_monsterinsights_sitenote_category":0,"footnotes":""},"categories":[33],"tags":[],"class_list":["post-24697","post","type-post","status-publish","format-standard","has-post-thumbnail","hentry","category-piaui"],"jetpack_featured_media_url":"https:\/\/fatoelado.com\/wp-content\/uploads\/2026\/09\/arvore7.jpg","_links":{"self":[{"href":"https:\/\/fatoelado.com\/index.php?rest_route=\/wp\/v2\/posts\/24697","targetHints":{"allow":["GET"]}}],"collection":[{"href":"https:\/\/fatoelado.com\/index.php?rest_route=\/wp\/v2\/posts"}],"about":[{"href":"https:\/\/fatoelado.com\/index.php?rest_route=\/wp\/v2\/types\/post"}],"author":[{"embeddable":true,"href":"https:\/\/fatoelado.com\/index.php?rest_route=\/wp\/v2\/users\/3"}],"replies":[{"embeddable":true,"href":"https:\/\/fatoelado.com\/index.php?rest_route=%2Fwp%2Fv2%2Fcomments&post=24697"}],"version-history":[{"count":1,"href":"https:\/\/fatoelado.com\/index.php?rest_route=\/wp\/v2\/posts\/24697\/revisions"}],"predecessor-version":[{"id":24699,"href":"https:\/\/fatoelado.com\/index.php?rest_route=\/wp\/v2\/posts\/24697\/revisions\/24699"}],"wp:featuredmedia":[{"embeddable":true,"href":"https:\/\/fatoelado.com\/index.php?rest_route=\/wp\/v2\/media\/24698"}],"wp:attachment":[{"href":"https:\/\/fatoelado.com\/index.php?rest_route=%2Fwp%2Fv2%2Fmedia&parent=24697"}],"wp:term":[{"taxonomy":"category","embeddable":true,"href":"https:\/\/fatoelado.com\/index.php?rest_route=%2Fwp%2Fv2%2Fcategories&post=24697"},{"taxonomy":"post_tag","embeddable":true,"href":"https:\/\/fatoelado.com\/index.php?rest_route=%2Fwp%2Fv2%2Ftags&post=24697"}],"curies":[{"name":"wp","href":"https:\/\/api.w.org\/{rel}","templated":true}]}}