{"id":24688,"date":"2026-08-31T17:50:58","date_gmt":"2026-08-31T20:50:58","guid":{"rendered":"https:\/\/fatoelado.com\/?p=24688"},"modified":"2026-08-31T17:50:58","modified_gmt":"2026-08-31T20:50:58","slug":"neymar-defende-crianca-hostilizada-por-torcedores-apos-ganhar-camisa-do-santos","status":"publish","type":"post","link":"https:\/\/fatoelado.com\/?p=24688","title":{"rendered":"Neymar defende crian\u00e7a hostilizada por torcedores ap\u00f3s ganhar camisa do Santos"},"content":{"rendered":"<p><img decoding=\"async\" class=\"aligncenter\" src=\"https:\/\/cidadeverde.com\/assets\/uploads\/colecoes\/2\/2026\/03\/neymar-santos.jpg\" alt=\"neymar-santos.jpg\" \/><\/p>\n<p>&nbsp;<\/p>\n<p>Neymar lamentou a hostiliza\u00e7\u00e3o de uma crian\u00e7a por parte de torcedores do Corinthians ap\u00f3s o menino receber do jogador uma camisa do Santos. O caso aconteceu na tarde de domingo (30), depois da partida entre Corinthians e Santos, na Neo Qu\u00edmica Arena, na zona leste da capital paulista.<\/p>\n<p>O jogo, v\u00e1lido pela 25\u00aa rodada do Campeonato Brasileiro, terminou em 1&#215;0 para o Santos. Ap\u00f3s a partida, Neymar presenteou uma crian\u00e7a, torcedora do Corinthians, com a camisa que usou na vit\u00f3ria,<\/p>\n<p>Ao receber o presente, o menino foi hostilizado por outros torcedores que estavam na Neo Qu\u00edmica Arena. A crian\u00e7a precisou deixar o est\u00e1dio escoltada pela pol\u00edcia.<\/p>\n<p>Nas redes sociais, Neymar criticou a atitude dos torcedores. Em um story, o jogador escreveu: \u201cIsso nunca pode ser motivo de confus\u00e3o. Gostar de um jogador que n\u00e3o \u00e9 do seu time do cora\u00e7\u00e3o faz parte.\u201d Na sequ\u00eancia, Neymar defendeu o menino. \u201c\u00c9 uma crian\u00e7a. Qual pai ou m\u00e3e n\u00e3o faria a vontade do filho?\u201d, escreveu o craque do Peixe.<\/p>\n<p>Com a vit\u00f3ria sobre o Corinthians, o Santos chegou aos 29 pontos e se afastou da zona de rebaixamento. O time ocupa agora a 14\u00aa coloca\u00e7\u00e3o na tabela.<\/p>\n<p>No dia 2, o Peixe enfrenta o Palmeiras, na Vila Belmiro, em mais um cl\u00e1ssico v\u00e1lido pela Copa do Brasil.<\/p>\n<p>Depois, o Santos viaja para o Rio Grande do Sul, onde enfrenta o Internacional pelo Campeonato Brasileiro. A partida ser\u00e1 no est\u00e1dio Beira-Rio.<\/p>\n<p>J\u00e1 o Corinthians recebe a Chapecoense pelo Brasileir\u00e3o no dia 6. Tr\u00eas dias depois, no dia 9, o Tim\u00e3o enfrenta o Estudiantes pela Libertadores. A partida ser\u00e1 no est\u00e1dio Jorge Luis Hirschi, em La Plata, na Argentina.<\/p>\n<p>&nbsp;<\/p>\n<p>Fonte: Portal CidadeVerde.<br \/>\nConfira esta e outras mat\u00e9rias na \u00edntegra pelo link: https:\/\/cidadeverde.com\/esporte\/462023\/neymar-defende-crianca-hostilizada-por-torcedores-apos-ganhar-camisa-do-santos<\/p>\n","protected":false},"excerpt":{"rendered":"<p>&nbsp; Neymar lamentou a hostiliza\u00e7\u00e3o de uma crian\u00e7a por parte de torcedores do Corinthians ap\u00f3s o menino receber do jogador uma camisa do Santos. O caso aconteceu na tarde de domingo (30), depois da partida entre Corinthians e Santos, na Neo Qu\u00edmica Arena, na zona leste da capital paulista. O jogo, v\u00e1lido pela 25\u00aa rodada [&hellip;]<\/p>\n","protected":false},"author":3,"featured_media":24689,"comment_status":"open","ping_status":"open","sticky":false,"template":"","format":"standard","meta":{"om_disable_all_campaigns":false,"_monsterinsights_skip_tracking":false,"_monsterinsights_sitenote_active":false,"_monsterinsights_sitenote_note":"","_monsterinsights_sitenote_category":0,"footnotes":""},"categories":[48],"tags":[],"class_list":["post-24688","post","type-post","status-publish","format-standard","has-post-thumbnail","hentry","category-esportes"],"jetpack_featured_media_url":"https:\/\/fatoelado.com\/wp-content\/uploads\/2026\/08\/neymar-santos.jpg","_links":{"self":[{"href":"https:\/\/fatoelado.com\/index.php?rest_route=\/wp\/v2\/posts\/24688","targetHints":{"allow":["GET"]}}],"collection":[{"href":"https:\/\/fatoelado.com\/index.php?rest_route=\/wp\/v2\/posts"}],"about":[{"href":"https:\/\/fatoelado.com\/index.php?rest_route=\/wp\/v2\/types\/post"}],"author":[{"embeddable":true,"href":"https:\/\/fatoelado.com\/index.php?rest_route=\/wp\/v2\/users\/3"}],"replies":[{"embeddable":true,"href":"https:\/\/fatoelado.com\/index.php?rest_route=%2Fwp%2Fv2%2Fcomments&post=24688"}],"version-history":[{"count":1,"href":"https:\/\/fatoelado.com\/index.php?rest_route=\/wp\/v2\/posts\/24688\/revisions"}],"predecessor-version":[{"id":24690,"href":"https:\/\/fatoelado.com\/index.php?rest_route=\/wp\/v2\/posts\/24688\/revisions\/24690"}],"wp:featuredmedia":[{"embeddable":true,"href":"https:\/\/fatoelado.com\/index.php?rest_route=\/wp\/v2\/media\/24689"}],"wp:attachment":[{"href":"https:\/\/fatoelado.com\/index.php?rest_route=%2Fwp%2Fv2%2Fmedia&parent=24688"}],"wp:term":[{"taxonomy":"category","embeddable":true,"href":"https:\/\/fatoelado.com\/index.php?rest_route=%2Fwp%2Fv2%2Fcategories&post=24688"},{"taxonomy":"post_tag","embeddable":true,"href":"https:\/\/fatoelado.com\/index.php?rest_route=%2Fwp%2Fv2%2Ftags&post=24688"}],"curies":[{"name":"wp","href":"https:\/\/api.w.org\/{rel}","templated":true}]}}