{"id":21195,"date":"2026-05-02T19:11:07","date_gmt":"2026-05-02T22:11:07","guid":{"rendered":"https:\/\/fatoelado.com\/?p=21195"},"modified":"2026-05-02T19:11:07","modified_gmt":"2026-05-02T22:11:07","slug":"por-meio-de-concessoes-piaui-amplia-rede-hoteleira-nas-cidades-de-teresina-sao-raimundo-nonato-e-pedro-ii","status":"publish","type":"post","link":"https:\/\/fatoelado.com\/?p=21195","title":{"rendered":"Por meio de concess\u00f5es, Piau\u00ed amplia rede hoteleira nas cidades de Teresina, S\u00e3o Raimundo Nonato e Pedro II"},"content":{"rendered":"<h2 class=\"elementor-heading-title elementor-size-default\" style=\"text-align: center;\">Iniciativa re\u00fane contratos de at\u00e9 35 anos e moderniza\u00e7\u00e3o de empreendimentos para atender \u00e0 demanda tur\u00edstica.<\/h2>\n<p>&nbsp;<\/p>\n<p class=\"p1\">As concess\u00f5es para reforma, amplia\u00e7\u00e3o e moderniza\u00e7\u00e3o t\u00eam viabilizado investimentos em infraestrutura no Piau\u00ed e, no setor hoteleiro, j\u00e1 resultam em tr\u00eas empreendimentos em diferentes regi\u00f5es do estado. Os projetos envolvem concess\u00f5es de longo prazo e recursos privados em S\u00e3o Raimundo Nonato, com o Hotel Serra da Capivara, que est\u00e1 em funcionamento h\u00e1 dois anos; em Teresina, com o Hotel Mandu, implantado recentemente; e em Pedro II, onde o antigo Hotel Rimo ser\u00e1 revitalizado com investimento superior a R$ 7 milh\u00f5es. A iniciativa amplia a oferta de hospedagem, gera empregos e impulsiona o turismo.<\/p>\n<p class=\"p1\"><span class=\"s1\">O governador Rafael Fonteles destaca que o modelo tem permitido a execu\u00e7\u00e3o dos projetos e a atra\u00e7\u00e3o de investidores para o setor. \u201cEsse modelo tem garantido a recupera\u00e7\u00e3o de equipamentos p\u00fablicos com investimento privado e colocado esses espa\u00e7os a servi\u00e7o do turismo, gerando emprego, renda e novas oportunidades nas regi\u00f5es\u201d, afirmou o governador.<\/span><\/p>\n<figure id=\"attachment_135414\" class=\"wp-caption alignnone\" aria-describedby=\"caption-attachment-135414\"><img loading=\"lazy\" decoding=\"async\" class=\"wp-image-135414 size-full\" src=\"https:\/\/www.pi.gov.br\/wp-content\/uploads\/2026\/05\/IMG_9862.jpeg\" sizes=\"auto, (max-width: 1280px) 100vw, 1280px\" srcset=\"https:\/\/www.pi.gov.br\/wp-content\/uploads\/2026\/05\/IMG_9862.jpeg 1280w, https:\/\/www.pi.gov.br\/wp-content\/uploads\/2026\/05\/IMG_9862-300x200.jpeg 300w, https:\/\/www.pi.gov.br\/wp-content\/uploads\/2026\/05\/IMG_9862-1024x683.jpeg 1024w, https:\/\/www.pi.gov.br\/wp-content\/uploads\/2026\/05\/IMG_9862-768x512.jpeg 768w\" alt=\"\" width=\"1280\" height=\"854\" \/><figcaption id=\"caption-attachment-135414\" class=\"wp-caption-text\">Foto: Gabriel Paulino<\/figcaption><\/figure>\n<p class=\"p1\"><span class=\"s1\">Em S\u00e3o Raimundo Nonato, o Hotel Serra da Capivara integra a pol\u00edtica de valoriza\u00e7\u00e3o do Parque Nacional da Serra da Capivara. O empreendimento passou por \u201cretrofit\u201d, com preserva\u00e7\u00e3o das caracter\u00edsticas originais, aliadas \u00e0 moderniza\u00e7\u00e3o dos ambientes. A ambienta\u00e7\u00e3o incorpora elementos naturais e obras de artes\u00e3os da regi\u00e3o, refor\u00e7ando a identidade cultural local e contribuindo para a experi\u00eancia dos visitantes.<\/span><\/p>\n<figure id=\"attachment_135415\" class=\"wp-caption alignnone\" aria-describedby=\"caption-attachment-135415\"><img loading=\"lazy\" decoding=\"async\" class=\"wp-image-135415 size-full\" src=\"https:\/\/www.pi.gov.br\/wp-content\/uploads\/2026\/05\/IMG_9860.jpeg\" sizes=\"auto, (max-width: 1000px) 100vw, 1000px\" srcset=\"https:\/\/www.pi.gov.br\/wp-content\/uploads\/2026\/05\/IMG_9860.jpeg 1000w, https:\/\/www.pi.gov.br\/wp-content\/uploads\/2026\/05\/IMG_9860-300x200.jpeg 300w, https:\/\/www.pi.gov.br\/wp-content\/uploads\/2026\/05\/IMG_9860-768x512.jpeg 768w\" alt=\"\" width=\"1000\" height=\"667\" \/><figcaption id=\"caption-attachment-135415\" class=\"wp-caption-text\">Hotel Serra da Capivara, localizado em S\u00e3o Raimundo Nonato (Foto: Secom)<\/figcaption><\/figure>\n<p class=\"p1\"><span class=\"s1\">Em Teresina, o Hotel Mandu foi implantado dentro da concess\u00e3o do Centro de Conven\u00e7\u00f5es, como projeto associado. O empreendimento possui tr\u00eas pavimentos, 60 apartamentos su\u00edtes, restaurante estilo american bar, academia, elevador e jardim interno, totalizando 2.126,99 m\u00b2 de \u00e1rea constru\u00edda, com investimento de R$ 7,5 milh\u00f5es.<\/span><\/p>\n<figure id=\"attachment_135416\" class=\"wp-caption alignnone\" aria-describedby=\"caption-attachment-135416\"><img loading=\"lazy\" decoding=\"async\" class=\"wp-image-135416 size-full\" src=\"https:\/\/www.pi.gov.br\/wp-content\/uploads\/2026\/05\/IMG_9861.jpeg\" sizes=\"auto, (max-width: 1280px) 100vw, 1280px\" srcset=\"https:\/\/www.pi.gov.br\/wp-content\/uploads\/2026\/05\/IMG_9861.jpeg 1280w, https:\/\/www.pi.gov.br\/wp-content\/uploads\/2026\/05\/IMG_9861-300x200.jpeg 300w, https:\/\/www.pi.gov.br\/wp-content\/uploads\/2026\/05\/IMG_9861-1024x683.jpeg 1024w, https:\/\/www.pi.gov.br\/wp-content\/uploads\/2026\/05\/IMG_9861-768x512.jpeg 768w\" alt=\"\" width=\"1280\" height=\"854\" \/><figcaption id=\"caption-attachment-135416\" class=\"wp-caption-text\">Hotel Mandu, recentemente inaugurado em Teresina (Foto: Gabriel Paulino)<\/figcaption><\/figure>\n<p class=\"p1\"><span class=\"s1\">O presidente da Associa\u00e7\u00e3o Brasileira de Turism\u00f3logos e Profissionais do Turismo (ABBTUR), Alex Albuquerque, refor\u00e7a que o novo hotel amplia a estrutura tur\u00edstica e gera impacto direto no setor. \u201c\u00c9 um equipamento novo, importante para o setor de hospedagem, alinhado \u00e0s tend\u00eancias do mercado. Ele gera novas oportunidades, com mais empregos e atua\u00e7\u00e3o de profissionais como guias, recepcionistas e prestadores de servi\u00e7os. \u00c9 um novo momento para o turismo da capital e do estado\u201d, frisou Albuquerque.<\/span><\/p>\n<figure id=\"attachment_135417\" class=\"wp-caption alignnone\" aria-describedby=\"caption-attachment-135417\"><img loading=\"lazy\" decoding=\"async\" class=\"wp-image-135417 size-full\" src=\"https:\/\/www.pi.gov.br\/wp-content\/uploads\/2026\/05\/IMG_9865.jpeg\" sizes=\"auto, (max-width: 1280px) 100vw, 1280px\" srcset=\"https:\/\/www.pi.gov.br\/wp-content\/uploads\/2026\/05\/IMG_9865.jpeg 1280w, https:\/\/www.pi.gov.br\/wp-content\/uploads\/2026\/05\/IMG_9865-300x200.jpeg 300w, https:\/\/www.pi.gov.br\/wp-content\/uploads\/2026\/05\/IMG_9865-1024x683.jpeg 1024w, https:\/\/www.pi.gov.br\/wp-content\/uploads\/2026\/05\/IMG_9865-768x512.jpeg 768w\" alt=\"\" width=\"1280\" height=\"854\" \/><figcaption id=\"caption-attachment-135417\" class=\"wp-caption-text\">Alex Albuquerque, presidente Nacional da ABBTUR (Foto: Gabriel Paulino)<\/figcaption><\/figure>\n<p class=\"p1\"><strong><span class=\"s1\">Hotel ser\u00e1 reativado em Pedro II<\/span><\/strong><\/p>\n<p class=\"p1\"><span class=\"s1\">Na \u201cTerra da Opala\u201d, o im\u00f3vel, atualmente desativado, est\u00e1 localizado na Avenida Itamaraty, bairro Vila Oper\u00e1ria, e faz parte da antiga Rede Integrada de Hot\u00e9is e Pousadas do Piau\u00ed (Rimo). O hotel\u00a0<\/span>foi concedido por 35 anos \u00e0 iniciativa privada e passar\u00e1 por reforma, amplia\u00e7\u00e3o e moderniza\u00e7\u00e3o. A proposta \u00e9 transformar o espa\u00e7o em um empreendimento de padr\u00e3o elevado, com gest\u00e3o moderna e foco na valoriza\u00e7\u00e3o regional.<\/p>\n<p class=\"p1\"><span class=\"s1\">Segundo o secret\u00e1rio da Administra\u00e7\u00e3o do Estado, Samuel Nascimento, a ideia \u00e9 que tudo isso seja feito preservando a import\u00e2ncia hist\u00f3rica e cultural do empreendimento para o munic\u00edpio. \u201cO Hotel de Pedro II faz parte da mem\u00f3ria afetiva da cidade e do estado. Com a concess\u00e3o, esse espa\u00e7o ter\u00e1 uma gest\u00e3o moderna, contribuindo para movimentar a economia e gerar empregos, mas sempre mantendo sua import\u00e2ncia hist\u00f3rica\u201d, disse o secret\u00e1rio.<\/span><\/p>\n<figure id=\"attachment_135419\" class=\"wp-caption alignnone\" aria-describedby=\"caption-attachment-135419\"><img loading=\"lazy\" decoding=\"async\" class=\"wp-image-135419 size-full\" src=\"https:\/\/www.pi.gov.br\/wp-content\/uploads\/2026\/05\/IMG_9863.jpeg\" sizes=\"auto, (max-width: 1280px) 100vw, 1280px\" srcset=\"https:\/\/www.pi.gov.br\/wp-content\/uploads\/2026\/05\/IMG_9863.jpeg 1280w, https:\/\/www.pi.gov.br\/wp-content\/uploads\/2026\/05\/IMG_9863-300x200.jpeg 300w, https:\/\/www.pi.gov.br\/wp-content\/uploads\/2026\/05\/IMG_9863-1024x683.jpeg 1024w, https:\/\/www.pi.gov.br\/wp-content\/uploads\/2026\/05\/IMG_9863-768x512.jpeg 768w\" alt=\"\" width=\"1280\" height=\"854\" \/><figcaption id=\"caption-attachment-135419\" class=\"wp-caption-text\">Samuel Pontes, gestor da Sead (Foto: Gabriel Paulino)<\/p>\n<p>Fonte: Portal pi.Gov.<br \/>\nConfira esta e outras mat\u00e9rias na \u00edntegra pelo link: https:\/\/www.pi.gov.br\/por-meio-de-concessoes-piaui-amplia-rede-hoteleira-nas-cidades-de-teresina-sao-raimundo-nonato-e-pedro-ii\/<\/figcaption><\/figure>\n","protected":false},"excerpt":{"rendered":"<p>Iniciativa re\u00fane contratos de at\u00e9 35 anos e moderniza\u00e7\u00e3o de empreendimentos para atender \u00e0 demanda tur\u00edstica. &nbsp; As concess\u00f5es para reforma, amplia\u00e7\u00e3o e moderniza\u00e7\u00e3o t\u00eam viabilizado investimentos em infraestrutura no Piau\u00ed e, no setor hoteleiro, j\u00e1 resultam em tr\u00eas empreendimentos em diferentes regi\u00f5es do estado. Os projetos envolvem concess\u00f5es de longo prazo e recursos privados [&hellip;]<\/p>\n","protected":false},"author":3,"featured_media":21196,"comment_status":"open","ping_status":"open","sticky":false,"template":"","format":"standard","meta":{"om_disable_all_campaigns":false,"_monsterinsights_skip_tracking":false,"_monsterinsights_sitenote_active":false,"_monsterinsights_sitenote_note":"","_monsterinsights_sitenote_category":0,"footnotes":""},"categories":[33],"tags":[],"class_list":["post-21195","post","type-post","status-publish","format-standard","has-post-thumbnail","hentry","category-piaui"],"jetpack_featured_media_url":"https:\/\/fatoelado.com\/wp-content\/uploads\/2026\/05\/IMG_9862.jpeg","_links":{"self":[{"href":"https:\/\/fatoelado.com\/index.php?rest_route=\/wp\/v2\/posts\/21195","targetHints":{"allow":["GET"]}}],"collection":[{"href":"https:\/\/fatoelado.com\/index.php?rest_route=\/wp\/v2\/posts"}],"about":[{"href":"https:\/\/fatoelado.com\/index.php?rest_route=\/wp\/v2\/types\/post"}],"author":[{"embeddable":true,"href":"https:\/\/fatoelado.com\/index.php?rest_route=\/wp\/v2\/users\/3"}],"replies":[{"embeddable":true,"href":"https:\/\/fatoelado.com\/index.php?rest_route=%2Fwp%2Fv2%2Fcomments&post=21195"}],"version-history":[{"count":1,"href":"https:\/\/fatoelado.com\/index.php?rest_route=\/wp\/v2\/posts\/21195\/revisions"}],"predecessor-version":[{"id":21197,"href":"https:\/\/fatoelado.com\/index.php?rest_route=\/wp\/v2\/posts\/21195\/revisions\/21197"}],"wp:featuredmedia":[{"embeddable":true,"href":"https:\/\/fatoelado.com\/index.php?rest_route=\/wp\/v2\/media\/21196"}],"wp:attachment":[{"href":"https:\/\/fatoelado.com\/index.php?rest_route=%2Fwp%2Fv2%2Fmedia&parent=21195"}],"wp:term":[{"taxonomy":"category","embeddable":true,"href":"https:\/\/fatoelado.com\/index.php?rest_route=%2Fwp%2Fv2%2Fcategories&post=21195"},{"taxonomy":"post_tag","embeddable":true,"href":"https:\/\/fatoelado.com\/index.php?rest_route=%2Fwp%2Fv2%2Ftags&post=21195"}],"curies":[{"name":"wp","href":"https:\/\/api.w.org\/{rel}","templated":true}]}}