{"id":21192,"date":"2026-05-02T12:10:02","date_gmt":"2026-05-02T15:10:02","guid":{"rendered":"https:\/\/fatoelado.com\/?p=21192"},"modified":"2026-05-02T12:10:02","modified_gmt":"2026-05-02T15:10:02","slug":"companhia-porto-piaui-e-escola-do-mar-iniciam-parceria-estrategica-com-primeiros-estagiarios","status":"publish","type":"post","link":"https:\/\/fatoelado.com\/?p=21192","title":{"rendered":"Companhia Porto Piau\u00ed e Escola do Mar iniciam parceria estrat\u00e9gica com primeiros estagi\u00e1rios"},"content":{"rendered":"<h2 class=\"elementor-heading-title elementor-size-default\" style=\"text-align: center;\">Os alunos do curso de T\u00e9cnico Portu\u00e1rio da Escola do Mar cumprem est\u00e1gio de seis meses na Companhia Porto Piau\u00ed.<\/h2>\n<p>&nbsp;<\/p>\n<p>A Companhia Porto Piau\u00ed recebeu os dois primeiros estagi\u00e1rios oriundos da Escola do Mar. Os estudantes, que cursam o ensino m\u00e9dio integrado ao t\u00e9cnico portu\u00e1rio, marcam o in\u00edcio de uma parceria estrat\u00e9gica. Instalada em Lu\u00eds Correia, a Escola do Mar combina tradi\u00e7\u00e3o, inova\u00e7\u00e3o e sustentabilidade para capacitar jovens em setores fundamentais como pesca, portos e transporte aquavi\u00e1rio.<\/p>\n<p>Aos 22 anos, Marcus Vin\u00edcius Veras realiza o sonho de iniciar sua carreira no setor portu\u00e1rio. Aluno da Escola do Mar, ele cumpre o est\u00e1gio de seis meses na Diretoria de Opera\u00e7\u00f5es da Porto Piau\u00ed, onde aprende de perto sobre seguran\u00e7a e coordena\u00e7\u00e3o portu\u00e1ria a poucas semanas de sua formatura do curso de t\u00e9cnico portu\u00e1rio.<\/p>\n<figure id=\"attachment_134159\" class=\"wp-caption alignnone\" aria-describedby=\"caption-attachment-134159\"><img loading=\"lazy\" decoding=\"async\" class=\"wp-image-134159 size-full\" src=\"https:\/\/www.pi.gov.br\/wp-content\/uploads\/2026\/04\/Marcus-Vinicius.jpeg\" sizes=\"auto, (max-width: 1600px) 100vw, 1600px\" srcset=\"https:\/\/www.pi.gov.br\/wp-content\/uploads\/2026\/04\/Marcus-Vinicius.jpeg 1600w, https:\/\/www.pi.gov.br\/wp-content\/uploads\/2026\/04\/Marcus-Vinicius-300x225.jpeg 300w, https:\/\/www.pi.gov.br\/wp-content\/uploads\/2026\/04\/Marcus-Vinicius-1024x768.jpeg 1024w, https:\/\/www.pi.gov.br\/wp-content\/uploads\/2026\/04\/Marcus-Vinicius-768x576.jpeg 768w, https:\/\/www.pi.gov.br\/wp-content\/uploads\/2026\/04\/Marcus-Vinicius-1536x1152.jpeg 1536w\" alt=\"\" width=\"1600\" height=\"1200\" \/><figcaption id=\"caption-attachment-134159\" class=\"wp-caption-text\">Marcus Vin\u00edcius Veras, estagi\u00e1rio e aluno da Escola do Mar ( Foto: Porto Piau\u00ed)<\/figcaption><\/figure>\n<p>Natural do Cear\u00e1, Vin\u00edcius veio morar em Lu\u00eds Correia ainda crian\u00e7a, aos 7 anos. Quando n\u00e3o est\u00e1 na escola, ele ajuda o pai, que trabalha com manuten\u00e7\u00e3o de equipamentos usados pelos pescadores locais. Desde que iniciou os estudos na Escola do Mar, percebeu o caminho que precisava percorrer para alcan\u00e7ar seu objetivo: a carreira mar\u00edtima.<\/p>\n<p>\u201cEsse est\u00e1gio abre muitas portas, e eu sempre quis trabalhar embarcado. Na pr\u00e1tica, a gente aprende ainda mais. O pessoal aqui me acolheu super bem, e estou aproveitando cada experi\u00eancia\u201d, relatou Marcus Vin\u00edcius.<\/p>\n<figure id=\"attachment_106800\" class=\"wp-caption alignnone\" aria-describedby=\"caption-attachment-106800\"><img loading=\"lazy\" decoding=\"async\" class=\"size-full wp-image-106800\" src=\"https:\/\/www.pi.gov.br\/wp-content\/uploads\/2025\/12\/Curso-tecnico-na-Escola-do-Mar-scaled.jpg\" sizes=\"auto, (max-width: 2560px) 100vw, 2560px\" srcset=\"https:\/\/www.pi.gov.br\/wp-content\/uploads\/2025\/12\/Curso-tecnico-na-Escola-do-Mar-scaled.jpg 2560w, https:\/\/www.pi.gov.br\/wp-content\/uploads\/2025\/12\/Curso-tecnico-na-Escola-do-Mar-300x200.jpg 300w, https:\/\/www.pi.gov.br\/wp-content\/uploads\/2025\/12\/Curso-tecnico-na-Escola-do-Mar-1024x683.jpg 1024w, https:\/\/www.pi.gov.br\/wp-content\/uploads\/2025\/12\/Curso-tecnico-na-Escola-do-Mar-768x512.jpg 768w, https:\/\/www.pi.gov.br\/wp-content\/uploads\/2025\/12\/Curso-tecnico-na-Escola-do-Mar-1536x1024.jpg 1536w, https:\/\/www.pi.gov.br\/wp-content\/uploads\/2025\/12\/Curso-tecnico-na-Escola-do-Mar-2048x1365.jpg 2048w\" alt=\"\" width=\"2560\" height=\"1707\" \/><figcaption id=\"caption-attachment-106800\" class=\"wp-caption-text\">Curso t\u00e9cnico na Escola do Mar (Ascom Seduc)<\/figcaption><\/figure>\n<p>Para o presidente da Porto Piau\u00ed, Raimundo Dias, a parceria com a Escola do Mar \u00e9 essencial para formar profissionais locais. \u201c\u00c9 um grande prazer contar com gente de Lu\u00eds Correia, Parna\u00edba e do Piau\u00ed. A escola j\u00e1 traz esses talentos, agora como estagi\u00e1rios e, em breve, como profissionais\u201d, finalizou.<\/p>\n<figure id=\"attachment_105848\" class=\"wp-caption alignnone\" aria-describedby=\"caption-attachment-105848\"><img loading=\"lazy\" decoding=\"async\" class=\"wp-image-105848 size-full\" src=\"https:\/\/www.pi.gov.br\/wp-content\/uploads\/2025\/12\/Escola-do-Mar-navio-patrulha-5.jpeg\" sizes=\"auto, (max-width: 1600px) 100vw, 1600px\" srcset=\"https:\/\/www.pi.gov.br\/wp-content\/uploads\/2025\/12\/Escola-do-Mar-navio-patrulha-5.jpeg 1600w, https:\/\/www.pi.gov.br\/wp-content\/uploads\/2025\/12\/Escola-do-Mar-navio-patrulha-5-300x225.jpeg 300w, https:\/\/www.pi.gov.br\/wp-content\/uploads\/2025\/12\/Escola-do-Mar-navio-patrulha-5-1024x768.jpeg 1024w, https:\/\/www.pi.gov.br\/wp-content\/uploads\/2025\/12\/Escola-do-Mar-navio-patrulha-5-768x576.jpeg 768w, https:\/\/www.pi.gov.br\/wp-content\/uploads\/2025\/12\/Escola-do-Mar-navio-patrulha-5-1536x1152.jpeg 1536w\" alt=\"\" width=\"1600\" height=\"1200\" \/><figcaption id=\"caption-attachment-105848\" class=\"wp-caption-text\">Foto: Ascom Seduc<\/p>\n<p>Fonte: Portal pi.Gov.<br \/>\nConfira esta e outras mat\u00e9rias na \u00edntegra pelo link: https:\/\/www.pi.gov.br\/companhia-porto-piaui-e-escola-do-mar-iniciam-parceria-estrategica-com-primeiros-estagiarios\/<\/figcaption><\/figure>\n","protected":false},"excerpt":{"rendered":"<p>Os alunos do curso de T\u00e9cnico Portu\u00e1rio da Escola do Mar cumprem est\u00e1gio de seis meses na Companhia Porto Piau\u00ed. &nbsp; A Companhia Porto Piau\u00ed recebeu os dois primeiros estagi\u00e1rios oriundos da Escola do Mar. Os estudantes, que cursam o ensino m\u00e9dio integrado ao t\u00e9cnico portu\u00e1rio, marcam o in\u00edcio de uma parceria estrat\u00e9gica. Instalada em [&hellip;]<\/p>\n","protected":false},"author":3,"featured_media":21193,"comment_status":"open","ping_status":"open","sticky":false,"template":"","format":"standard","meta":{"om_disable_all_campaigns":false,"_monsterinsights_skip_tracking":false,"_monsterinsights_sitenote_active":false,"_monsterinsights_sitenote_note":"","_monsterinsights_sitenote_category":0,"footnotes":""},"categories":[33],"tags":[],"class_list":["post-21192","post","type-post","status-publish","format-standard","has-post-thumbnail","hentry","category-piaui"],"jetpack_featured_media_url":"https:\/\/fatoelado.com\/wp-content\/uploads\/2026\/05\/Escola-do-Mar-navio-patrulha-5.jpeg","_links":{"self":[{"href":"https:\/\/fatoelado.com\/index.php?rest_route=\/wp\/v2\/posts\/21192","targetHints":{"allow":["GET"]}}],"collection":[{"href":"https:\/\/fatoelado.com\/index.php?rest_route=\/wp\/v2\/posts"}],"about":[{"href":"https:\/\/fatoelado.com\/index.php?rest_route=\/wp\/v2\/types\/post"}],"author":[{"embeddable":true,"href":"https:\/\/fatoelado.com\/index.php?rest_route=\/wp\/v2\/users\/3"}],"replies":[{"embeddable":true,"href":"https:\/\/fatoelado.com\/index.php?rest_route=%2Fwp%2Fv2%2Fcomments&post=21192"}],"version-history":[{"count":1,"href":"https:\/\/fatoelado.com\/index.php?rest_route=\/wp\/v2\/posts\/21192\/revisions"}],"predecessor-version":[{"id":21194,"href":"https:\/\/fatoelado.com\/index.php?rest_route=\/wp\/v2\/posts\/21192\/revisions\/21194"}],"wp:featuredmedia":[{"embeddable":true,"href":"https:\/\/fatoelado.com\/index.php?rest_route=\/wp\/v2\/media\/21193"}],"wp:attachment":[{"href":"https:\/\/fatoelado.com\/index.php?rest_route=%2Fwp%2Fv2%2Fmedia&parent=21192"}],"wp:term":[{"taxonomy":"category","embeddable":true,"href":"https:\/\/fatoelado.com\/index.php?rest_route=%2Fwp%2Fv2%2Fcategories&post=21192"},{"taxonomy":"post_tag","embeddable":true,"href":"https:\/\/fatoelado.com\/index.php?rest_route=%2Fwp%2Fv2%2Ftags&post=21192"}],"curies":[{"name":"wp","href":"https:\/\/api.w.org\/{rel}","templated":true}]}}