{"id":21172,"date":"2026-05-02T12:03:43","date_gmt":"2026-05-02T15:03:43","guid":{"rendered":"https:\/\/fatoelado.com\/?p=21172"},"modified":"2026-05-02T12:03:43","modified_gmt":"2026-05-02T15:03:43","slug":"judocas-piauienses-embarcam-para-disputar-o-pan-americano-no-equador","status":"publish","type":"post","link":"https:\/\/fatoelado.com\/?p=21172","title":{"rendered":"Judocas Piauienses embarcam para disputar o Pan-Americano no Equador"},"content":{"rendered":"<h2 class=\"article-subtitle\" style=\"text-align: center;\">Os atletas foram beneficiados pelo programa Bolsa Atleta Piau\u00ed, desenvolvido pelo Governo do Estado por meio da Secretaria dos Esportes (Secepi).<\/h2>\n<p>&nbsp;<\/p>\n<div class=\"article-image-featured\" style=\"text-align: center;\"><img decoding=\"async\" class=\"i-amphtml-fill-content i-amphtml-replaced-content aligncenter\" src=\"https:\/\/www.meionews.com\/uploads\/imagens\/2026\/5\/1\/atletas--a4242ab2b38b68b6.jpg\" alt=\"Atletas | Ascom Secepi\" data-amp-loading=\"lazy\" \/><small>Atletas | Foto: Ascom Secepi<\/small><\/div>\n<div class=\"g-news\"><\/div>\n<div class=\"article-html\">\n<div class=\"article-html-more\">\n<p><strong>Tr\u00eas judocas piauienses viajaram na quinta-feira (30) para representar o Brasil no Campeonato Pan-Americano de Jud\u00f4 Veteranos 2026, marcado para os dias 2 e 3 de maio, em Guayaquil, no Equador.\u00a0<\/strong>A equipe \u00e9 formada por Stanley Torres, Pedro Bento e Assis J\u00fanior, todos beneficiados pelo programa Bolsa Atleta Piau\u00ed, desenvolvido pelo Governo do Estado por meio da Secretaria dos Esportes (Secepi).<\/p>\n<p>O torneio re\u00fane competidores experientes de v\u00e1rios pa\u00edses das Am\u00e9ricas e est\u00e1 entre os principais eventos do calend\u00e1rio internacional da modalidade. A programa\u00e7\u00e3o inclui disputas de alto n\u00edvel t\u00e9cnico nas categorias Cadete, J\u00fanior e Veteranos, al\u00e9m da presen\u00e7a de atletas brasileiros de estados como Maranh\u00e3o e S\u00e3o Paulo.<\/p>\n<p>Pedro Bento chega \u00e0 competi\u00e7\u00e3o como campe\u00e3o da edi\u00e7\u00e3o de 2025, realizada em Canc\u00fan, no M\u00e9xico, enquanto Assis J\u00fanior foi medalhista no mesmo evento. Ao lado de Stanley Torres, eles refor\u00e7am a delega\u00e7\u00e3o piauiense na busca por bons resultados no cen\u00e1rio continental.<\/p>\n<p>As disputas acontecer\u00e3o na Arena Jos\u00e9 Desimavilla, localizada no complexo da Federa\u00e7\u00e3o Deportiva del Guayas, reunindo nomes de destaque do jud\u00f4 nas Am\u00e9ricas. A expectativa \u00e9 de que os atletas contribuam para fortalecer ainda mais a presen\u00e7a do Piau\u00ed no cen\u00e1rio internacional da modalidade.<\/p>\n<p>&nbsp;<\/p>\n<div class=\"article-more\">\n<div class=\"more-news\">Fonte: Portal MeioNews.<br \/>\nConfira esta e outras mat\u00e9rias na \u00edntegra pelo link: https:\/\/www.meionews.com\/esportes\/judocas-piauienses-embarcam-para-disputar-o-pan-americano-no-equador-562472<\/div>\n<\/div>\n<\/div>\n<\/div>\n","protected":false},"excerpt":{"rendered":"<p>Os atletas foram beneficiados pelo programa Bolsa Atleta Piau\u00ed, desenvolvido pelo Governo do Estado por meio da Secretaria dos Esportes (Secepi). &nbsp; Atletas | Foto: Ascom Secepi Tr\u00eas judocas piauienses viajaram na quinta-feira (30) para representar o Brasil no Campeonato Pan-Americano de Jud\u00f4 Veteranos 2026, marcado para os dias 2 e 3 de maio, em [&hellip;]<\/p>\n","protected":false},"author":3,"featured_media":21173,"comment_status":"open","ping_status":"open","sticky":false,"template":"","format":"standard","meta":{"om_disable_all_campaigns":false,"_monsterinsights_skip_tracking":false,"_monsterinsights_sitenote_active":false,"_monsterinsights_sitenote_note":"","_monsterinsights_sitenote_category":0,"footnotes":""},"categories":[48],"tags":[],"class_list":["post-21172","post","type-post","status-publish","format-standard","has-post-thumbnail","hentry","category-esportes"],"jetpack_featured_media_url":"https:\/\/fatoelado.com\/wp-content\/uploads\/2026\/05\/atletas-a4242ab2b38b68b6.jpg","_links":{"self":[{"href":"https:\/\/fatoelado.com\/index.php?rest_route=\/wp\/v2\/posts\/21172","targetHints":{"allow":["GET"]}}],"collection":[{"href":"https:\/\/fatoelado.com\/index.php?rest_route=\/wp\/v2\/posts"}],"about":[{"href":"https:\/\/fatoelado.com\/index.php?rest_route=\/wp\/v2\/types\/post"}],"author":[{"embeddable":true,"href":"https:\/\/fatoelado.com\/index.php?rest_route=\/wp\/v2\/users\/3"}],"replies":[{"embeddable":true,"href":"https:\/\/fatoelado.com\/index.php?rest_route=%2Fwp%2Fv2%2Fcomments&post=21172"}],"version-history":[{"count":1,"href":"https:\/\/fatoelado.com\/index.php?rest_route=\/wp\/v2\/posts\/21172\/revisions"}],"predecessor-version":[{"id":21174,"href":"https:\/\/fatoelado.com\/index.php?rest_route=\/wp\/v2\/posts\/21172\/revisions\/21174"}],"wp:featuredmedia":[{"embeddable":true,"href":"https:\/\/fatoelado.com\/index.php?rest_route=\/wp\/v2\/media\/21173"}],"wp:attachment":[{"href":"https:\/\/fatoelado.com\/index.php?rest_route=%2Fwp%2Fv2%2Fmedia&parent=21172"}],"wp:term":[{"taxonomy":"category","embeddable":true,"href":"https:\/\/fatoelado.com\/index.php?rest_route=%2Fwp%2Fv2%2Fcategories&post=21172"},{"taxonomy":"post_tag","embeddable":true,"href":"https:\/\/fatoelado.com\/index.php?rest_route=%2Fwp%2Fv2%2Ftags&post=21172"}],"curies":[{"name":"wp","href":"https:\/\/api.w.org\/{rel}","templated":true}]}}