{"id":21165,"date":"2026-05-02T11:59:59","date_gmt":"2026-05-02T14:59:59","guid":{"rendered":"https:\/\/fatoelado.com\/?p=21165"},"modified":"2026-05-02T11:59:59","modified_gmt":"2026-05-02T14:59:59","slug":"policia-apreende-3-adolescentes-por-abuso-sexual-contra-criancas-em-sp","status":"publish","type":"post","link":"https:\/\/fatoelado.com\/?p=21165","title":{"rendered":"Pol\u00edcia apreende 3 adolescentes por abuso sexual contra crian\u00e7as em SP"},"content":{"rendered":"<p><img decoding=\"async\" class=\"aligncenter\" src=\"https:\/\/cidadeverde.com\/assets\/uploads\/colecoes\/2\/2025\/12\/estupro-abuso_sexual.jpg\" alt=\"estupro-abuso_sexual.jpg\" \/><\/p>\n<p>A pol\u00edcia apreendeu tr\u00eas adolescentes suspeitos de envolvimento em um caso de abuso sexual contra duas crian\u00e7as, de 7 e 10 anos, em S\u00e3o Miguel Paulista, na zona leste de S\u00e3o Paulo. O crime ocorreu em abril e segue sob investiga\u00e7\u00e3o.<\/p>\n<p>De acordo com a Secretaria de Seguran\u00e7a P\u00fablica, dois dos adolescentes foram encontrados na capital paulista e um terceiro foi localizado em Jundia\u00ed, no interior do estado.<\/p>\n<p>As investiga\u00e7\u00f5es apontam que cinco pessoas participaram do abuso. Al\u00e9m dos tr\u00eas apreendidos, outros dois suspeitos ainda est\u00e3o foragidos \u2014 sendo um adolescente e um jovem maior de idade.<\/p>\n<p>O caso \u00e9 conduzido pelo 63\u00ba Distrito Policial, que segue em busca dos suspeitos que ainda n\u00e3o foram localizados.<\/p>\n<p>At\u00e9 o momento, a Secretaria de Seguran\u00e7a P\u00fablica n\u00e3o divulgou detalhes adicionais sobre a din\u00e2mica do crime, devido \u00e0 gravidade do caso e \u00e0 necessidade de preservar as v\u00edtimas.<\/p>\n<p>&nbsp;<\/p>\n<p>Fonte: Portal CidadeVerde.<br \/>\nConfira esta e outras mat\u00e9rias na \u00edntegra pelo link: https:\/\/cidadeverde.com\/noticias\/455290\/policia-apreende-3-adolescentes-por-abuso-sexual-contra-criancas-em-sp<\/p>\n","protected":false},"excerpt":{"rendered":"<p>A pol\u00edcia apreendeu tr\u00eas adolescentes suspeitos de envolvimento em um caso de abuso sexual contra duas crian\u00e7as, de 7 e 10 anos, em S\u00e3o Miguel Paulista, na zona leste de S\u00e3o Paulo. O crime ocorreu em abril e segue sob investiga\u00e7\u00e3o. De acordo com a Secretaria de Seguran\u00e7a P\u00fablica, dois dos adolescentes foram encontrados na [&hellip;]<\/p>\n","protected":false},"author":3,"featured_media":21166,"comment_status":"open","ping_status":"open","sticky":false,"template":"","format":"standard","meta":{"om_disable_all_campaigns":false,"_monsterinsights_skip_tracking":false,"_monsterinsights_sitenote_active":false,"_monsterinsights_sitenote_note":"","_monsterinsights_sitenote_category":0,"footnotes":""},"categories":[47,542],"tags":[],"class_list":["post-21165","post","type-post","status-publish","format-standard","has-post-thumbnail","hentry","category-nacionais","category-policia"],"jetpack_featured_media_url":"https:\/\/fatoelado.com\/wp-content\/uploads\/2026\/05\/estupro-abuso_sexual.jpg","_links":{"self":[{"href":"https:\/\/fatoelado.com\/index.php?rest_route=\/wp\/v2\/posts\/21165","targetHints":{"allow":["GET"]}}],"collection":[{"href":"https:\/\/fatoelado.com\/index.php?rest_route=\/wp\/v2\/posts"}],"about":[{"href":"https:\/\/fatoelado.com\/index.php?rest_route=\/wp\/v2\/types\/post"}],"author":[{"embeddable":true,"href":"https:\/\/fatoelado.com\/index.php?rest_route=\/wp\/v2\/users\/3"}],"replies":[{"embeddable":true,"href":"https:\/\/fatoelado.com\/index.php?rest_route=%2Fwp%2Fv2%2Fcomments&post=21165"}],"version-history":[{"count":2,"href":"https:\/\/fatoelado.com\/index.php?rest_route=\/wp\/v2\/posts\/21165\/revisions"}],"predecessor-version":[{"id":21168,"href":"https:\/\/fatoelado.com\/index.php?rest_route=\/wp\/v2\/posts\/21165\/revisions\/21168"}],"wp:featuredmedia":[{"embeddable":true,"href":"https:\/\/fatoelado.com\/index.php?rest_route=\/wp\/v2\/media\/21166"}],"wp:attachment":[{"href":"https:\/\/fatoelado.com\/index.php?rest_route=%2Fwp%2Fv2%2Fmedia&parent=21165"}],"wp:term":[{"taxonomy":"category","embeddable":true,"href":"https:\/\/fatoelado.com\/index.php?rest_route=%2Fwp%2Fv2%2Fcategories&post=21165"},{"taxonomy":"post_tag","embeddable":true,"href":"https:\/\/fatoelado.com\/index.php?rest_route=%2Fwp%2Fv2%2Ftags&post=21165"}],"curies":[{"name":"wp","href":"https:\/\/api.w.org\/{rel}","templated":true}]}}