{"id":21159,"date":"2026-05-02T05:28:43","date_gmt":"2026-05-02T08:28:43","guid":{"rendered":"https:\/\/fatoelado.com\/?p=21159"},"modified":"2026-05-01T23:30:07","modified_gmt":"2026-05-02T02:30:07","slug":"uniao-europeia-elimina-tarifas-para-produtos-brasileiros-e-mercosul","status":"publish","type":"post","link":"https:\/\/fatoelado.com\/?p=21159","title":{"rendered":"Uni\u00e3o Europeia elimina tarifas para produtos brasileiros e Mercosul"},"content":{"rendered":"<h2 class=\"article-subtitle\" style=\"text-align: center;\">O acordo Mercosul e Uni\u00e3o Europeia entra em vigor. Veja como a redu\u00e7\u00e3o de tarifas para 5 mil produtos beneficia exporta\u00e7\u00f5es e fortalece a economia.<\/h2>\n<p>&nbsp;<\/p>\n<div class=\"article-image-featured\" style=\"text-align: center;\"><img decoding=\"async\" class=\"i-amphtml-fill-content i-amphtml-replaced-content aligncenter\" src=\"https:\/\/www.meionews.com\/uploads\/imagens\/2026\/5\/1\/acordo-mercosul-e-uniao-europeia-entra-em-vigor--72c88c2ac05ea421.jpg\" alt=\"Acordo Mercosul e Uni\u00e3o Europeia entra em vigor | Foto: Luis Robayo\/AFP\" data-amp-loading=\"lazy\" \/><small>Acordo Mercosul e Uni\u00e3o Europeia entra em vigor | Foto: Luis Robayo\/AFP<\/small><\/div>\n<div class=\"g-news\"><\/div>\n<div class=\"article-html\">\n<div class=\"article-html-more\">\n<p>Ap\u00f3s mais de duas d\u00e9cadas de negocia\u00e7\u00e3o,\u00a0<strong>o acordo comercial entre o Mercosul e a Uni\u00e3o Europeia<\/strong> entra em vigor nesta sexta-feira. O tratado facilita o com\u00e9rcio entre 31 pa\u00edses, com cerca de 720 milh\u00f5es de pessoas e Produto Interno Bruto (PIB) de mais de US$ 22 trilh\u00f5es.<\/p>\n<p>Nesta primeira etapa, passa a valer a esfera comercial do acordo, que promove, dentre outras coisas, a redu\u00e7\u00e3o de tarifas, compras governamentais e facilita\u00e7\u00e3o de com\u00e9rcio.<\/p>\n<p>A partir de 1\u00b0 de maio, a Uni\u00e3o Europeia elimina tarifas de importa\u00e7\u00e3o para mais de 5 mil produtos, o que representa cerca de metade do universo tarif\u00e1rio. Ao longo da implementa\u00e7\u00e3o, o acordo pode alcan\u00e7ar a liberaliza\u00e7\u00e3o de mais de 90% do com\u00e9rcio bilateral, ampliando o acesso das exporta\u00e7\u00f5es brasileiras a um mercado de cerca de 450 milh\u00f5es de consumidores.<\/p>\n<p>A Uni\u00e3o Europeia eliminar\u00e1 tarifas para\u00a0<strong>92% das exporta\u00e7\u00f5es do Mercosul, no valor aproximado de US$ 61 bilh\u00f5es.\u00a0<\/strong>Al\u00e9m disso, conceder\u00e1 acesso preferencial para outros 7,5%, equivalente a US$ 4,7 bilh\u00f5es, beneficiando assim quase a totalidade das exporta\u00e7\u00f5es do bloco para a UE.<\/p>\n<p>Desta forma, amplia-se significativamente o acesso do Mercosul ao mercado europeu, melhoram-se as condi\u00e7\u00f5es de com\u00e9rcio e fortalece-se a competitividade das empresas da regi\u00e3o.<\/p>\n<p>Hoje, os pa\u00edses que o Brasil mant\u00e9m acordos comerciais respondem por 8,9% das importa\u00e7\u00f5es mundiais. Com a integra\u00e7\u00e3o Mercosul-Uni\u00e3o Europeia, esse percentual pode chegar a 37,6%.<\/p>\n<p>O tratado foi dividido em dois: o Acordo de Parceria UE\u2013Mercosul (Empa, na sigla em ingl\u00eas) e o Acordo Comercial Tempor\u00e1rio (iTA, tamb\u00e9m pela sigla em ingl\u00eas). Essa divis\u00e3o foi feita para facilitar a aprova\u00e7\u00e3o do acordo.<\/p>\n<p><strong>Para o Empa entrar em vigor, ser\u00e1 necess\u00e1rio a ratifica\u00e7\u00e3o por todos os Estados-membros da UE<\/strong>. A avalia\u00e7\u00e3o de diplomadas \u00e9 que isso n\u00e3o vai ocorrer. Por isso, a norma est\u00e1 entrando em vigor por meio do Acordo Comercial Tempor\u00e1rio.<\/p>\n<p class=\"ads\">\n<div class=\"article-more\">\n<div class=\"more-news\">Fonte: Portal MeioNews.<br \/>\nConfira esta e outras mat\u00e9rias na \u00edntegra pelo link: https:\/\/www.meionews.com\/politica\/uniao-europeia-elimina-tarifas-para-produtos-brasileiros-e-mercosul-562468<\/div>\n<\/div>\n<\/div>\n<\/div>\n","protected":false},"excerpt":{"rendered":"<p>O acordo Mercosul e Uni\u00e3o Europeia entra em vigor. Veja como a redu\u00e7\u00e3o de tarifas para 5 mil produtos beneficia exporta\u00e7\u00f5es e fortalece a economia. &nbsp; Acordo Mercosul e Uni\u00e3o Europeia entra em vigor | Foto: Luis Robayo\/AFP Ap\u00f3s mais de duas d\u00e9cadas de negocia\u00e7\u00e3o,\u00a0o acordo comercial entre o Mercosul e a Uni\u00e3o Europeia entra [&hellip;]<\/p>\n","protected":false},"author":3,"featured_media":21160,"comment_status":"open","ping_status":"open","sticky":false,"template":"","format":"standard","meta":{"om_disable_all_campaigns":false,"_monsterinsights_skip_tracking":false,"_monsterinsights_sitenote_active":false,"_monsterinsights_sitenote_note":"","_monsterinsights_sitenote_category":0,"footnotes":""},"categories":[47],"tags":[],"class_list":["post-21159","post","type-post","status-publish","format-standard","has-post-thumbnail","hentry","category-nacionais"],"jetpack_featured_media_url":"https:\/\/fatoelado.com\/wp-content\/uploads\/2026\/05\/acordo-mercosul-e-uniao-europeia-entra-em-vigor-72c88c2ac05ea421.jpg","_links":{"self":[{"href":"https:\/\/fatoelado.com\/index.php?rest_route=\/wp\/v2\/posts\/21159","targetHints":{"allow":["GET"]}}],"collection":[{"href":"https:\/\/fatoelado.com\/index.php?rest_route=\/wp\/v2\/posts"}],"about":[{"href":"https:\/\/fatoelado.com\/index.php?rest_route=\/wp\/v2\/types\/post"}],"author":[{"embeddable":true,"href":"https:\/\/fatoelado.com\/index.php?rest_route=\/wp\/v2\/users\/3"}],"replies":[{"embeddable":true,"href":"https:\/\/fatoelado.com\/index.php?rest_route=%2Fwp%2Fv2%2Fcomments&post=21159"}],"version-history":[{"count":1,"href":"https:\/\/fatoelado.com\/index.php?rest_route=\/wp\/v2\/posts\/21159\/revisions"}],"predecessor-version":[{"id":21161,"href":"https:\/\/fatoelado.com\/index.php?rest_route=\/wp\/v2\/posts\/21159\/revisions\/21161"}],"wp:featuredmedia":[{"embeddable":true,"href":"https:\/\/fatoelado.com\/index.php?rest_route=\/wp\/v2\/media\/21160"}],"wp:attachment":[{"href":"https:\/\/fatoelado.com\/index.php?rest_route=%2Fwp%2Fv2%2Fmedia&parent=21159"}],"wp:term":[{"taxonomy":"category","embeddable":true,"href":"https:\/\/fatoelado.com\/index.php?rest_route=%2Fwp%2Fv2%2Fcategories&post=21159"},{"taxonomy":"post_tag","embeddable":true,"href":"https:\/\/fatoelado.com\/index.php?rest_route=%2Fwp%2Fv2%2Ftags&post=21159"}],"curies":[{"name":"wp","href":"https:\/\/api.w.org\/{rel}","templated":true}]}}