{"id":21155,"date":"2026-05-02T05:26:50","date_gmt":"2026-05-02T08:26:50","guid":{"rendered":"https:\/\/fatoelado.com\/?p=21155"},"modified":"2026-05-01T23:28:38","modified_gmt":"2026-05-02T02:28:38","slug":"rafael-fonteles-anuncia-calcinha-preta-como-1a-atracao-do-sao-joao-de-teresina","status":"publish","type":"post","link":"https:\/\/fatoelado.com\/?p=21155","title":{"rendered":"Rafael Fonteles anuncia Calcinha Preta como 1\u00aa atra\u00e7\u00e3o do S\u00e3o Jo\u00e3o de Teresina"},"content":{"rendered":"<h2 class=\"article-subtitle\" style=\"text-align: center;\">Segundo Rafael Fonteles, a proposta do festival \u00e9 valorizar artistas locais, fortalecer as quadrilhas juninas, uma tradi\u00e7\u00e3o em que o Piau\u00ed tem destaque nacional<\/h2>\n<p>&nbsp;<\/p>\n<div class=\"article-image-featured\" style=\"text-align: center;\"><img decoding=\"async\" class=\"i-amphtml-fill-content i-amphtml-replaced-content aligncenter\" src=\"https:\/\/www.meionews.com\/uploads\/imagens\/2026\/5\/1\/o-anuncio-foi-feito-por-meio-das-redes-sociais--a723cdf550712472.jpg\" alt=\"O an\u00fancio foi feito por meio das redes sociais | Foto: Reprodu\u00e7\u00e3o\" data-amp-loading=\"lazy\" \/><small>O an\u00fancio foi feito por meio das redes sociais | Foto: Reprodu\u00e7\u00e3o<\/small><\/div>\n<div class=\"g-news\"><\/div>\n<div class=\"article-html\">\n<div class=\"article-html-more\">\n<p>O<strong><u>\u00a0governador do Rafael Fonteles anunciou, nesta sexta-feira (1\u00ba), a banda Calcinha Preta como a primeira atra\u00e7\u00e3o confirmada do S\u00e3o Jo\u00e3o de Teresina<\/u><\/strong>, dentro do tradicional Festival de Folguedos de Teresina.<\/p>\n<p>O an\u00fancio foi feito por meio das redes sociais, ap\u00f3s a repercuss\u00e3o do show recente do Alok na capital. Antes da confirma\u00e7\u00e3o, o governador chegou a abrir uma enquete para que o p\u00fablico ajudasse na escolha das atra\u00e7\u00f5es nacionais do evento.<\/p>\n<h2>Valoriza\u00e7\u00e3o<\/h2>\n<p>Segundo Rafael Fonteles, a proposta do festival \u00e9 valorizar artistas locais, fortalecer as quadrilhas juninas, uma tradi\u00e7\u00e3o em que o Piau\u00ed tem destaque nacional. Ao mesmo tempo, trazer nomes conhecidos da m\u00fasica para impulsionar o turismo, a economia criativa e a gera\u00e7\u00e3o de emprego e renda no estado.<\/p>\n<div class=\"article-more\">\n<div><\/div>\n<div><\/div>\n<div class=\"more-news\">Fonte: Portal MeioNews.<br \/>\nConfira esta e outras mat\u00e9rias na \u00edntegra pelo link: https:\/\/www.meionews.com\/piaui\/rafael-fonteles-anuncia-calcinha-preta-como-1-atracao-do-sao-joao-de-teresina-562478<\/div>\n<\/div>\n<\/div>\n<\/div>\n","protected":false},"excerpt":{"rendered":"<p>Segundo Rafael Fonteles, a proposta do festival \u00e9 valorizar artistas locais, fortalecer as quadrilhas juninas, uma tradi\u00e7\u00e3o em que o Piau\u00ed tem destaque nacional &nbsp; O an\u00fancio foi feito por meio das redes sociais | Foto: Reprodu\u00e7\u00e3o O\u00a0governador do Rafael Fonteles anunciou, nesta sexta-feira (1\u00ba), a banda Calcinha Preta como a primeira atra\u00e7\u00e3o confirmada do [&hellip;]<\/p>\n","protected":false},"author":3,"featured_media":21156,"comment_status":"open","ping_status":"open","sticky":false,"template":"","format":"standard","meta":{"om_disable_all_campaigns":false,"_monsterinsights_skip_tracking":false,"_monsterinsights_sitenote_active":false,"_monsterinsights_sitenote_note":"","_monsterinsights_sitenote_category":0,"footnotes":""},"categories":[33],"tags":[],"class_list":["post-21155","post","type-post","status-publish","format-standard","has-post-thumbnail","hentry","category-piaui"],"jetpack_featured_media_url":"https:\/\/fatoelado.com\/wp-content\/uploads\/2026\/05\/o-anuncio-foi-feito-por-meio-das-redes-sociais-a723cdf550712472.jpg","_links":{"self":[{"href":"https:\/\/fatoelado.com\/index.php?rest_route=\/wp\/v2\/posts\/21155","targetHints":{"allow":["GET"]}}],"collection":[{"href":"https:\/\/fatoelado.com\/index.php?rest_route=\/wp\/v2\/posts"}],"about":[{"href":"https:\/\/fatoelado.com\/index.php?rest_route=\/wp\/v2\/types\/post"}],"author":[{"embeddable":true,"href":"https:\/\/fatoelado.com\/index.php?rest_route=\/wp\/v2\/users\/3"}],"replies":[{"embeddable":true,"href":"https:\/\/fatoelado.com\/index.php?rest_route=%2Fwp%2Fv2%2Fcomments&post=21155"}],"version-history":[{"count":2,"href":"https:\/\/fatoelado.com\/index.php?rest_route=\/wp\/v2\/posts\/21155\/revisions"}],"predecessor-version":[{"id":21158,"href":"https:\/\/fatoelado.com\/index.php?rest_route=\/wp\/v2\/posts\/21155\/revisions\/21158"}],"wp:featuredmedia":[{"embeddable":true,"href":"https:\/\/fatoelado.com\/index.php?rest_route=\/wp\/v2\/media\/21156"}],"wp:attachment":[{"href":"https:\/\/fatoelado.com\/index.php?rest_route=%2Fwp%2Fv2%2Fmedia&parent=21155"}],"wp:term":[{"taxonomy":"category","embeddable":true,"href":"https:\/\/fatoelado.com\/index.php?rest_route=%2Fwp%2Fv2%2Fcategories&post=21155"},{"taxonomy":"post_tag","embeddable":true,"href":"https:\/\/fatoelado.com\/index.php?rest_route=%2Fwp%2Fv2%2Ftags&post=21155"}],"curies":[{"name":"wp","href":"https:\/\/api.w.org\/{rel}","templated":true}]}}