{"id":21152,"date":"2026-05-02T05:25:23","date_gmt":"2026-05-02T08:25:23","guid":{"rendered":"https:\/\/fatoelado.com\/?p=21152"},"modified":"2026-05-01T23:26:46","modified_gmt":"2026-05-02T02:26:46","slug":"raphinha-faz-coro-por-convocacao-de-neymar-para-a-copa-ele-e-o-cara-do-hexa","status":"publish","type":"post","link":"https:\/\/fatoelado.com\/?p=21152","title":{"rendered":"Raphinha faz coro por convoca\u00e7\u00e3o de Neymar para a Copa: &#8216;Ele \u00e9 o cara do hexa&#8217;"},"content":{"rendered":"<p>O debate sobre a presen\u00e7a de Neymar na Copa do Mundo de 2026 ganhou mais um cap\u00edtulo, desta vez com o respaldo de Raphinha. Em entrevista ao apresentador Luciano Huck, o atacante n\u00e3o escondeu a admira\u00e7\u00e3o pelo companheiro e fez quest\u00e3o de defender sua convoca\u00e7\u00e3o.<\/p>\n<p><em><strong>Foto: Lucas Figueiredo\/CBF<\/strong><\/em><\/p>\n<p><img decoding=\"async\" class=\"aligncenter\" src=\"https:\/\/cidadeverde.com\/assets\/uploads\/colecoes\/2\/2026\/05\/1ababa1_11.jpg\" alt=\"1ababa1_11.jpg\" \/><\/p>\n<p>Para Raphinha, o protagonismo de Neymar dentro da sele\u00e7\u00e3o vai al\u00e9m do campo e tem impacto direto no desempenho coletivo.<\/p>\n<p>&#8220;Para mim, o Neymar \u00e9 o cara do hexa. Para mim \u00e9 o Neymar. Acho que a gente tem que ter o entendimento de quem ele \u00e9 para o futebol brasileiro. E estando bem fisicamente, ele \u00e9 um cara muito importante que pode ajudar a gente a conquistar esse campeonato &#8221;<\/p>\n<p>O jogador ainda detalhou como foi recebido pelo camisa 10 nos primeiros momentos com a equipe nacional, ressaltando o papel do atacante como lideran\u00e7a no grupo.<\/p>\n<p>&#8220;Foi um cara que me acolheu dentro da sele\u00e7\u00e3o, me abra\u00e7ou como se ele j\u00e1 me conhecesse h\u00e1 muito tempo. Me deu confian\u00e7a para poder jogar meu futebol. Me abra\u00e7ou, me abra\u00e7ou de verdade. E o Neymar nesta sele\u00e7\u00e3o vai ajudar, se o Ancelotti colocar.&#8221;<\/p>\n<p><em><strong>SITUA\u00c7\u00c3O DE NEYMAR E A DECIS\u00c3O DE ANCELOTTI<\/strong><\/em><\/p>\n<p>Apesar do apoio p\u00fablico de Raphinha, a presen\u00e7a de Neymar no Mundial ainda n\u00e3o \u00e9 garantida. O t\u00e9cnico Carlo Ancelotti tem adotado como crit\u00e9rio principal a condi\u00e7\u00e3o f\u00edsica dos atletas e n\u00e3o convocou o atacante desde que assumiu a sele\u00e7\u00e3o.<\/p>\n<p>Atualmente no Santos, Neymar busca retomar ritmo de jogo ap\u00f3s enfrentar problemas f\u00edsicos recentes. O pr\u00f3prio treinador j\u00e1 indicou que s\u00f3 levar\u00e1 jogadores que estejam 100% preparados para competir em alto n\u00edvel.<\/p>\n<p>Ainda assim, Ancelotti n\u00e3o descarta o nome do camisa 10 para a lista final. A defini\u00e7\u00e3o acontecer\u00e1 na convoca\u00e7\u00e3o marcada para o dia 18 de maio, pouco antes do in\u00edcio da Copa do Mundo, que come\u00e7a em junho.<\/p>\n<p>&nbsp;<\/p>\n<p>Fonte: Portal CidadeVerde.<br \/>\nConfira esta e outras mat\u00e9rias na \u00edntegra pelo link: https:\/\/cidadeverde.com\/noticias\/455283\/raphinha-faz-coro-por-convocacao-de-neymar-para-a-copa-ele-e-o-cara-do-hexa<\/p>\n","protected":false},"excerpt":{"rendered":"<p>O debate sobre a presen\u00e7a de Neymar na Copa do Mundo de 2026 ganhou mais um cap\u00edtulo, desta vez com o respaldo de Raphinha. Em entrevista ao apresentador Luciano Huck, o atacante n\u00e3o escondeu a admira\u00e7\u00e3o pelo companheiro e fez quest\u00e3o de defender sua convoca\u00e7\u00e3o. Foto: Lucas Figueiredo\/CBF Para Raphinha, o protagonismo de Neymar dentro [&hellip;]<\/p>\n","protected":false},"author":3,"featured_media":21153,"comment_status":"open","ping_status":"open","sticky":false,"template":"","format":"standard","meta":{"om_disable_all_campaigns":false,"_monsterinsights_skip_tracking":false,"_monsterinsights_sitenote_active":false,"_monsterinsights_sitenote_note":"","_monsterinsights_sitenote_category":0,"footnotes":""},"categories":[48],"tags":[],"class_list":["post-21152","post","type-post","status-publish","format-standard","has-post-thumbnail","hentry","category-esportes"],"jetpack_featured_media_url":"https:\/\/fatoelado.com\/wp-content\/uploads\/2026\/05\/1ababa1_11-1.jpg","_links":{"self":[{"href":"https:\/\/fatoelado.com\/index.php?rest_route=\/wp\/v2\/posts\/21152","targetHints":{"allow":["GET"]}}],"collection":[{"href":"https:\/\/fatoelado.com\/index.php?rest_route=\/wp\/v2\/posts"}],"about":[{"href":"https:\/\/fatoelado.com\/index.php?rest_route=\/wp\/v2\/types\/post"}],"author":[{"embeddable":true,"href":"https:\/\/fatoelado.com\/index.php?rest_route=\/wp\/v2\/users\/3"}],"replies":[{"embeddable":true,"href":"https:\/\/fatoelado.com\/index.php?rest_route=%2Fwp%2Fv2%2Fcomments&post=21152"}],"version-history":[{"count":1,"href":"https:\/\/fatoelado.com\/index.php?rest_route=\/wp\/v2\/posts\/21152\/revisions"}],"predecessor-version":[{"id":21154,"href":"https:\/\/fatoelado.com\/index.php?rest_route=\/wp\/v2\/posts\/21152\/revisions\/21154"}],"wp:featuredmedia":[{"embeddable":true,"href":"https:\/\/fatoelado.com\/index.php?rest_route=\/wp\/v2\/media\/21153"}],"wp:attachment":[{"href":"https:\/\/fatoelado.com\/index.php?rest_route=%2Fwp%2Fv2%2Fmedia&parent=21152"}],"wp:term":[{"taxonomy":"category","embeddable":true,"href":"https:\/\/fatoelado.com\/index.php?rest_route=%2Fwp%2Fv2%2Fcategories&post=21152"},{"taxonomy":"post_tag","embeddable":true,"href":"https:\/\/fatoelado.com\/index.php?rest_route=%2Fwp%2Fv2%2Ftags&post=21152"}],"curies":[{"name":"wp","href":"https:\/\/api.w.org\/{rel}","templated":true}]}}