{"id":21120,"date":"2026-05-01T10:45:11","date_gmt":"2026-05-01T13:45:11","guid":{"rendered":"https:\/\/fatoelado.com\/?p=21120"},"modified":"2026-05-01T10:45:11","modified_gmt":"2026-05-01T13:45:11","slug":"gilmar-ironiza-criticas-por-eventos-ninguem-vai-fazer-algo-errado-em-coquetel","status":"publish","type":"post","link":"https:\/\/fatoelado.com\/?p=21120","title":{"rendered":"Gilmar ironiza cr\u00edticas por eventos: \u201cNingu\u00e9m vai fazer algo errado em coquetel&#8221;"},"content":{"rendered":"<p><iframe loading=\"lazy\" src=\"https:\/\/www.youtube.com\/embed\/6boM5vcxfEk?rel=0\" width=\"790\" height=\"437\" frameborder=\"0\" allowfullscreen=\"allowfullscreen\" data-mce-fragment=\"1\"><\/iframe><\/p>\n<p>O ministro Gilmar Mendes, do Supremo Tribunal Federal (STF), disse nesta quinta-feira (30) n\u00e3o ver irregularidades em manter rela\u00e7\u00f5es com advogados que eventualmente representem casos na Corte.<\/p>\n<p>Em entrevista ao SBT News, Gilmar brincou que os ministros n\u00e3o saem de \u201cum ovo\u201d e constroem v\u00ednculos fora do Supremo com a imprensa e advogados sem preju\u00edzo \u00e0 atua\u00e7\u00e3o profissional das partes.<\/p>\n<p>Como exemplo, citou a rela\u00e7\u00e3o pr\u00f3xima com Ives Gandra, uma das mentes por tr\u00e1s do impeachment da ex-presidente Dilma Rousseff. &#8220;N\u00e3o h\u00e1 essa contamina\u00e7\u00e3o que costumam fazer&#8221;, afirmou.<\/p>\n<p>Gilmar \u00e9 respons\u00e1vel por organizar anualmente o F\u00f3rum de Lisboa, evento realizado na capital portuguesa e que re\u00fane autoridades do alto escal\u00e3o da Rep\u00fablica, figuras do meio acad\u00eamico e outros convidados, como empres\u00e1rios e lobistas. O f\u00f3rum passou a ser pejorativamente apelidado de \u201cGilmarPalooza\u201d.<\/p>\n<p>Pesa tamb\u00e9m sobre os ministros\u00a0<strong>cr\u00edticas pela participa\u00e7\u00e3o em eventos informais no exterior patrocinados por Daniel Vorcaro<\/strong>. Um deles, em Londres, envolveu Alexandre de Moraes e Dias Toffoli para a degusta\u00e7\u00e3o do u\u00edsque Macallan, em abril de 2024.<\/p>\n<p>O decano ironizou cr\u00edticos de eventos como esse como indicativo de que os ministros estariam cometendo desvios \u00e9ticos. \u201cSe algu\u00e9m quiser fazer algo errado, n\u00e3o far\u00e1 num encontro em coquetel ou em evento. Respeite um pouco a intelig\u00eancia alheia, seja mais respeitoso com os pr\u00f3prios fatos&#8221;, afirmou.<\/p>\n<p>&nbsp;<\/p>\n<p>Fonte: Portal CidadeVerde.<br \/>\nConfira esta e outras mat\u00e9rias na \u00edntegra pelo link: https:\/\/cidadeverde.com\/noticias\/455234\/gilmar-ironiza-criticas-por-eventos-ninguem-vai-fazer-algo-errado-em-coquetel<\/p>\n","protected":false},"excerpt":{"rendered":"<p>O ministro Gilmar Mendes, do Supremo Tribunal Federal (STF), disse nesta quinta-feira (30) n\u00e3o ver irregularidades em manter rela\u00e7\u00f5es com advogados que eventualmente representem casos na Corte. Em entrevista ao SBT News, Gilmar brincou que os ministros n\u00e3o saem de \u201cum ovo\u201d e constroem v\u00ednculos fora do Supremo com a imprensa e advogados sem preju\u00edzo [&hellip;]<\/p>\n","protected":false},"author":3,"featured_media":21121,"comment_status":"open","ping_status":"open","sticky":false,"template":"","format":"standard","meta":{"om_disable_all_campaigns":false,"_monsterinsights_skip_tracking":false,"_monsterinsights_sitenote_active":false,"_monsterinsights_sitenote_note":"","_monsterinsights_sitenote_category":0,"footnotes":""},"categories":[47,30],"tags":[],"class_list":["post-21120","post","type-post","status-publish","format-standard","has-post-thumbnail","hentry","category-nacionais","category-politica"],"jetpack_featured_media_url":"https:\/\/fatoelado.com\/wp-content\/uploads\/2026\/05\/Captura-de-tela-2026-05-01-104441.png","_links":{"self":[{"href":"https:\/\/fatoelado.com\/index.php?rest_route=\/wp\/v2\/posts\/21120","targetHints":{"allow":["GET"]}}],"collection":[{"href":"https:\/\/fatoelado.com\/index.php?rest_route=\/wp\/v2\/posts"}],"about":[{"href":"https:\/\/fatoelado.com\/index.php?rest_route=\/wp\/v2\/types\/post"}],"author":[{"embeddable":true,"href":"https:\/\/fatoelado.com\/index.php?rest_route=\/wp\/v2\/users\/3"}],"replies":[{"embeddable":true,"href":"https:\/\/fatoelado.com\/index.php?rest_route=%2Fwp%2Fv2%2Fcomments&post=21120"}],"version-history":[{"count":1,"href":"https:\/\/fatoelado.com\/index.php?rest_route=\/wp\/v2\/posts\/21120\/revisions"}],"predecessor-version":[{"id":21122,"href":"https:\/\/fatoelado.com\/index.php?rest_route=\/wp\/v2\/posts\/21120\/revisions\/21122"}],"wp:featuredmedia":[{"embeddable":true,"href":"https:\/\/fatoelado.com\/index.php?rest_route=\/wp\/v2\/media\/21121"}],"wp:attachment":[{"href":"https:\/\/fatoelado.com\/index.php?rest_route=%2Fwp%2Fv2%2Fmedia&parent=21120"}],"wp:term":[{"taxonomy":"category","embeddable":true,"href":"https:\/\/fatoelado.com\/index.php?rest_route=%2Fwp%2Fv2%2Fcategories&post=21120"},{"taxonomy":"post_tag","embeddable":true,"href":"https:\/\/fatoelado.com\/index.php?rest_route=%2Fwp%2Fv2%2Ftags&post=21120"}],"curies":[{"name":"wp","href":"https:\/\/api.w.org\/{rel}","templated":true}]}}