{"id":21117,"date":"2026-05-01T10:44:14","date_gmt":"2026-05-01T13:44:14","guid":{"rendered":"https:\/\/fatoelado.com\/?p=21117"},"modified":"2026-05-01T10:44:14","modified_gmt":"2026-05-01T13:44:14","slug":"pl-da-dosimetria-reducao-de-penas-dos-condenados-e-automatica-entenda","status":"publish","type":"post","link":"https:\/\/fatoelado.com\/?p=21117","title":{"rendered":"PL da Dosimetria: redu\u00e7\u00e3o de penas dos condenados \u00e9 autom\u00e1tica? Entenda"},"content":{"rendered":"<p><img decoding=\"async\" class=\"aligncenter\" src=\"https:\/\/cidadeverde.com\/assets\/uploads\/colecoes\/2\/2026\/03\/senado_federal_foto_saulo_cruz_agencia_senado.jpg\" alt=\"Senado Federal, Congresso\" \/><\/p>\n<p>O Congresso Nacional derrubou, nesta quinta-feira (30), o veto integral do presidente Lula (PT) ao projeto de lei (PL) da dosimetria. O projeto reduz penas de condenados pelos atos golpistas contra os Tr\u00eas Poderes, em 8 de janeiro de 2023.<\/p>\n<p>Com a derrubada, o projeto agora vira lei.<strong>\u00a0A \u00fanica sa\u00edda do governo Lula para impedir que isso ocorra \u00e9 judicializar a quest\u00e3o e recorrer ao Supremo Tribunal Federal (STF)<\/strong>, que pode declarar a inconstitucionalidade de trechos ou da \u00edntegra da lei.<\/p>\n<p>O deputado federal Lindbergh Farias (PT-RJ), l\u00edder do PT na C\u00e2mara,\u00a0<strong>j\u00e1 afirmou que vai recorrer ao recurso para declarar a inconstitucionalidade do projeto<\/strong>. Para ele, a lei da dosimentria<strong>\u00a0interfere na compet\u00eancia do Judici\u00e1rio e tem &#8220;desvio de finalidade&#8221; para beneficiar um p\u00fablico determinado.<\/strong><\/p>\n<p>Apesar da derrubada do veto de Lula, a redu\u00e7\u00e3o das penas dos condenados por golpe n\u00e3o \u00e9 imediata. Para que o processo ocorra,\u00a0<strong>as defesas dever\u00e3o solicitar a revis\u00e3o das senten\u00e7as ao STF, ap\u00f3s a promulga\u00e7\u00e3o da lei.<\/strong><\/p>\n<p>Pela Constitui\u00e7\u00e3o, o projeto deve ser encaminhado para promulga\u00e7\u00e3o pelo presidente da Rep\u00fablica em at\u00e9 48 horas. Caso isso n\u00e3o ocorra, a tarefa caber\u00e1 ao presidente do Senado, Davi Alcolumbre (Uni\u00e3o Brasil-AP).<\/p>\n<h2>Como ser\u00e1 o c\u00e1lculo das penas?<\/h2>\n<p>O texto estabelece tr\u00eas mudan\u00e7as principais no c\u00e1lculo das penas.\u00a0<strong>A proposta altera a forma de c\u00e1lculo das penas ao impedir o ac\u00famulo de puni\u00e7\u00f5es para crimes cometidos no mesmo contexto &#8211; como tentativa de golpe e aboli\u00e7\u00e3o violenta do Estado &#8211; aplicando apenas a pena mais severa.<\/strong><\/p>\n<p>O texto tamb\u00e9m prev\u00ea um abatimento significativo, de at\u00e9 dois ter\u00e7os, para condenados pelos atos de 8 de janeiro que n\u00e3o tenham tido papel de lideran\u00e7a nem de financiamento. Por fim, facilita a progress\u00e3o de regime ao permitir a ida para o semiaberto ap\u00f3s o cumprimento de apenas 16% da pena, inclusive em situa\u00e7\u00f5es que envolvam reincid\u00eancia ou crimes com viol\u00eancia ou grave amea\u00e7a.<\/p>\n<p>A derrubada do veto pode beneficiar o ex-presidente Jair Bolsonaro (PL), condenado a 27 anos e 3 meses de pris\u00e3o por crimes contra o Estado Democr\u00e1tico de Direito. Tamb\u00e9m podem ser favorecidos os militares Almir Garnier, Paulo S\u00e9rgio Nogueira, Walter Braga Netto e Augusto Heleno.<\/p>\n<p>Com a dosimetria, a pena em regime fechado de Bolsonaro, atualmente em pris\u00e3o domiciliar, poderia cair de 7 anos para 3 anos e 8 meses, de acordo com o advogado Celso Vilardi, que representa o ex-presidente. O c\u00e1lculo foi informado em dezembro do ano passado \u00e0 colunista do SBT News Raquel Landim.<\/p>\n<p>&nbsp;<\/p>\n<p>Fonte: Portal CidadeVerde.<br \/>\nConfira esta e outras mat\u00e9rias na \u00edntegra pelo link: https:\/\/cidadeverde.com\/noticias\/455237\/pl-da-dosimetria-reducao-de-penas-dos-condenados-e-automatica-entenda<\/p>\n","protected":false},"excerpt":{"rendered":"<p>O Congresso Nacional derrubou, nesta quinta-feira (30), o veto integral do presidente Lula (PT) ao projeto de lei (PL) da dosimetria. O projeto reduz penas de condenados pelos atos golpistas contra os Tr\u00eas Poderes, em 8 de janeiro de 2023. Com a derrubada, o projeto agora vira lei.\u00a0A \u00fanica sa\u00edda do governo Lula para impedir [&hellip;]<\/p>\n","protected":false},"author":3,"featured_media":21118,"comment_status":"open","ping_status":"open","sticky":false,"template":"","format":"standard","meta":{"om_disable_all_campaigns":false,"_monsterinsights_skip_tracking":false,"_monsterinsights_sitenote_active":false,"_monsterinsights_sitenote_note":"","_monsterinsights_sitenote_category":0,"footnotes":""},"categories":[47,30],"tags":[],"class_list":["post-21117","post","type-post","status-publish","format-standard","has-post-thumbnail","hentry","category-nacionais","category-politica"],"jetpack_featured_media_url":"https:\/\/fatoelado.com\/wp-content\/uploads\/2026\/05\/mulher_ozempic_mounjaro_aplicacao-4-1.jpg","_links":{"self":[{"href":"https:\/\/fatoelado.com\/index.php?rest_route=\/wp\/v2\/posts\/21117","targetHints":{"allow":["GET"]}}],"collection":[{"href":"https:\/\/fatoelado.com\/index.php?rest_route=\/wp\/v2\/posts"}],"about":[{"href":"https:\/\/fatoelado.com\/index.php?rest_route=\/wp\/v2\/types\/post"}],"author":[{"embeddable":true,"href":"https:\/\/fatoelado.com\/index.php?rest_route=\/wp\/v2\/users\/3"}],"replies":[{"embeddable":true,"href":"https:\/\/fatoelado.com\/index.php?rest_route=%2Fwp%2Fv2%2Fcomments&post=21117"}],"version-history":[{"count":1,"href":"https:\/\/fatoelado.com\/index.php?rest_route=\/wp\/v2\/posts\/21117\/revisions"}],"predecessor-version":[{"id":21119,"href":"https:\/\/fatoelado.com\/index.php?rest_route=\/wp\/v2\/posts\/21117\/revisions\/21119"}],"wp:featuredmedia":[{"embeddable":true,"href":"https:\/\/fatoelado.com\/index.php?rest_route=\/wp\/v2\/media\/21118"}],"wp:attachment":[{"href":"https:\/\/fatoelado.com\/index.php?rest_route=%2Fwp%2Fv2%2Fmedia&parent=21117"}],"wp:term":[{"taxonomy":"category","embeddable":true,"href":"https:\/\/fatoelado.com\/index.php?rest_route=%2Fwp%2Fv2%2Fcategories&post=21117"},{"taxonomy":"post_tag","embeddable":true,"href":"https:\/\/fatoelado.com\/index.php?rest_route=%2Fwp%2Fv2%2Ftags&post=21117"}],"curies":[{"name":"wp","href":"https:\/\/api.w.org\/{rel}","templated":true}]}}