{"id":21109,"date":"2026-05-01T05:22:32","date_gmt":"2026-05-01T08:22:32","guid":{"rendered":"https:\/\/fatoelado.com\/?p=21109"},"modified":"2026-04-30T23:23:30","modified_gmt":"2026-05-01T02:23:30","slug":"fifa-confirma-ira-na-copa-do-mundo-de-2026-com-jogos-previstos-nos-eua","status":"publish","type":"post","link":"https:\/\/fatoelado.com\/?p=21109","title":{"rendered":"Fifa confirma Ir\u00e3 na Copa do Mundo de 2026 com jogos previstos nos EUA"},"content":{"rendered":"<h2 class=\"article-subtitle\" style=\"text-align: center;\">Declara\u00e7\u00e3o de Gianni Infantino ocorre em meio a tens\u00f5es geopol\u00edticas e d\u00favidas sobre participa\u00e7\u00e3o iraniana<\/h2>\n<p>&nbsp;<\/p>\n<div class=\"article-image-featured\" style=\"text-align: center;\"><img decoding=\"async\" class=\"i-amphtml-fill-content i-amphtml-replaced-content aligncenter\" src=\"https:\/\/www.meionews.com\/uploads\/imagens\/2026\/4\/30\/fifa-confirma-ira-na-copa-de-2026-com-jogos-previstos-nos-eua--e132c0c2c7373c1d.jpg\" alt=\"Fifa confirma Ir\u00e3 na Copa de 2026 com jogos previstos nos EUA | AFP\" data-amp-loading=\"lazy\" \/><small>Fifa confirma Ir\u00e3 na Copa de 2026 com jogos previstos nos EUA | Foto: AFP<\/small><\/div>\n<div class=\"g-news\"><\/div>\n<div class=\"article-html\">\n<div class=\"article-html-more\">\n<p>O presidente da\u00a0<strong data-end=\"263\" data-start=\"218\">Federa\u00e7\u00e3o Internacional de Futebol (Fifa)<\/strong>,\u00a0<strong data-end=\"285\" data-start=\"265\">Gianni Infantino<\/strong>, confirmou nesta quinta-feira (30) que a\u00a0<strong data-end=\"382\" data-start=\"327\">sele\u00e7\u00e3o do Ir\u00e3 participar\u00e1 da Copa do Mundo de 2026<\/strong>\u00a0e disputar\u00e1 partidas nos\u00a0<strong data-end=\"426\" data-start=\"408\">Estados Unidos<\/strong>, um dos pa\u00edses-sede do torneio, que tamb\u00e9m ser\u00e1 realizado no\u00a0<strong data-end=\"498\" data-start=\"488\">M\u00e9xico<\/strong>\u00a0e no\u00a0<strong data-end=\"514\" data-start=\"504\">Canad\u00e1<\/strong>, em junho. A declara\u00e7\u00e3o foi feita durante congresso de delegados da entidade, realizado no Canad\u00e1, e ocorre em meio a questionamentos sobre a presen\u00e7a iraniana devido a tens\u00f5es internacionais.<\/p>\n<h2 data-end=\"757\" data-section-id=\"1hxmlrt\" data-start=\"709\"><strong data-end=\"757\" data-start=\"712\">Confirma\u00e7\u00e3o em meio a crise internacional<\/strong><\/h2>\n<p>Durante o discurso, Infantino foi direto ao abordar o tema.<em><span class=\"highlight\">\u00a0\u201c<strong data-end=\"929\" data-start=\"820\">Gostaria de come\u00e7ar confirmando desde j\u00e1 que, \u00e9 claro, o Ir\u00e3 participar\u00e1 da Copa do Mundo da Fifa de 2026<\/strong>\u201d,\u00a0<\/span><\/em>afirmou. Ele acrescentou:\u00a0<span class=\"highlight\"><em>\u201c<strong data-end=\"1017\" data-start=\"959\">E, \u00e9 claro, o Ir\u00e3 jogar\u00e1 nos Estados Unidos da Am\u00e9rica<\/strong>\u201d.\u00a0<\/em><\/span>Segundo o dirigente, a decis\u00e3o est\u00e1 alinhada ao esp\u00edrito do torneio.\u00a0<span class=\"highlight\"><em>\u201c<strong data-end=\"1156\" data-start=\"1090\">A raz\u00e3o para isso \u00e9 muito simples. \u00c9 porque temos que nos unir<\/strong>\u201d<\/em><\/span>, disse.<\/p>\n<p>A participa\u00e7\u00e3o do Ir\u00e3 vinha sendo colocada em d\u00favida ap\u00f3s o agravamento de conflitos no Oriente M\u00e9dio, especialmente depois de a\u00e7\u00f5es militares envolvendo\u00a0<strong data-end=\"1339\" data-start=\"1321\">Estados Unidos<\/strong>,\u00a0<strong data-end=\"1351\" data-start=\"1341\">Israel<\/strong>\u00a0e o pr\u00f3prio Ir\u00e3 no in\u00edcio do ano.<\/p>\n<h2 data-end=\"1427\" data-section-id=\"p32use\" data-start=\"1387\"><strong data-end=\"1427\" data-start=\"1390\">Jogos previstos em solo americano<\/strong><\/h2>\n<p>De acordo com a tabela oficial da competi\u00e7\u00e3o, o Ir\u00e3 deve disputar seus jogos da fase inicial em cidades dos Estados Unidos. Est\u00e3o previstos confrontos contra\u00a0<strong data-end=\"1604\" data-start=\"1587\">Nova Zel\u00e2ndia<\/strong>\u00a0e\u00a0<strong data-end=\"1618\" data-start=\"1607\">B\u00e9lgica<\/strong>, em\u00a0<strong data-end=\"1638\" data-start=\"1623\">Los Angeles<\/strong>, al\u00e9m de partida contra o\u00a0<strong data-end=\"1674\" data-start=\"1665\">Egito<\/strong>, em\u00a0<strong data-end=\"1690\" data-start=\"1679\">Seattle<\/strong>.<\/p>\n<p>O centro de treinamento da sele\u00e7\u00e3o iraniana tamb\u00e9m j\u00e1 tem local definido: ser\u00e1 na cidade de\u00a0<strong data-end=\"1795\" data-start=\"1785\">Tucson<\/strong>, no estado do\u00a0<strong data-end=\"1821\" data-start=\"1810\">Arizona<\/strong>.<\/p>\n<p>&nbsp;<\/p>\n<div class=\"dimg\"><img decoding=\"async\" class=\"i-amphtml-intrinsic-sizer\" role=\"presentation\" src=\"data:;base64,<svg height=\"689px\" width=\"1024px\" xmlns=\"http:\/\/www.w3.org\/2000\/svg\" version=\"1.1\"\/>&#8221; alt=&#8221;&#8221; aria-hidden=&#8221;true&#8221; \/><img decoding=\"async\" class=\"i-amphtml-fill-content i-amphtml-replaced-content\" src=\"https:\/\/www.meionews.com\/uploads\/imagens\/2026\/4\/30\/fifa-confirma-ira-na-copa-do-mundo-de-2026-com-jogos-previstos-nos-eua--0c30bc9364fe87cd.jpg\" alt=\"Ir\u00e3 x EUA na Copa do Mundo de 2022 no Catar - Foto: Marvin Ibo\/Getty\" data-amp-loading=\"lazy\" \/><\/div>\n<p><span class=\"fr-inner\">Ir\u00e3 x EUA na Copa do Mundo de 2022 no Catar &#8211; Foto: Marvin Ibo\/Getty<\/span>&nbsp;<\/p>\n<h2 data-end=\"1864\" data-section-id=\"dhxrev\" data-start=\"1824\"><strong data-end=\"1864\" data-start=\"1827\">Posi\u00e7\u00e3o dos governos e incertezas<\/strong><\/h2>\n<p>Apesar da confirma\u00e7\u00e3o da Fifa, o\u00a0<strong data-end=\"1917\" data-start=\"1899\">governo do Ir\u00e3<\/strong>\u00a0ainda n\u00e3o se pronunciou oficialmente sobre a participa\u00e7\u00e3o da equipe no torneio. J\u00e1 o secret\u00e1rio de Estado dos Estados Unidos,\u00a0<strong data-end=\"2059\" data-start=\"2044\">Marco Rubio<\/strong>, declarou que n\u00e3o se op\u00f5e \u00e0 entrada da sele\u00e7\u00e3o iraniana no pa\u00eds, mas indicou que restri\u00e7\u00f5es podem atingir membros da delega\u00e7\u00e3o.<\/p>\n<p>A pr\u00f3pria\u00a0<strong data-end=\"2232\" data-start=\"2199\">Federa\u00e7\u00e3o Iraniana de Futebol<\/strong>\u00a0ainda n\u00e3o confirmou publicamente a participa\u00e7\u00e3o da equipe na competi\u00e7\u00e3o at\u00e9 a \u00faltima atualiza\u00e7\u00e3o.<\/p>\n<h2 data-end=\"2372\" data-section-id=\"hsa9jl\" data-start=\"2332\"><strong data-end=\"2372\" data-start=\"2335\">Problemas com delega\u00e7\u00e3o no Canad\u00e1<\/strong><\/h2>\n<p>A situa\u00e7\u00e3o ganhou novos contornos ap\u00f3s relatos de que representantes da federa\u00e7\u00e3o iraniana foram impedidos de entrar no Canad\u00e1 para participar do congresso da Fifa. Segundo a ag\u00eancia Tasnim, integrantes da delega\u00e7\u00e3o, i<strong>ncluindo o presidente Mehdi Taj,<\/strong>\u00a0o secret\u00e1rio-geral\u00a0<strong data-end=\"2668\" data-start=\"2648\">Hedayat Mombeini<\/strong>\u00a0e o vice\u00a0<strong data-end=\"2694\" data-start=\"2678\">Hamed Momeni<\/strong>, tiveram a entrada barrada mesmo com vistos v\u00e1lidos.<\/p>\n<p>O governo canadense afirmou que restri\u00e7\u00f5es est\u00e3o relacionadas a regras que impedem a entrada de membros ligados \u00e0\u00a0<strong data-end=\"2895\" data-start=\"2863\">Guarda Revolucion\u00e1ria do Ir\u00e3<\/strong>. Em resposta, a Fifa informou que entrou em contato com a delega\u00e7\u00e3o para expressar pesar pelo ocorrido e sinalizou a possibilidade de reuni\u00e3o na sede da entidade.<\/p>\n<h2 data-end=\"3098\" data-section-id=\"1fwxh7e\" data-start=\"3060\"><strong data-end=\"3098\" data-start=\"3063\">Cen\u00e1rio segue em acompanhamento<\/strong><\/h2>\n<p>Com a Copa do Mundo de 2026 se aproximando, o caso segue sendo acompanhado por autoridades esportivas e governos. A confirma\u00e7\u00e3o da Fifa garante, at\u00e9 o momento, a presen\u00e7a do Ir\u00e3 no torneio, mas quest\u00f5es diplom\u00e1ticas ainda podem influenciar os desdobramentos nos pr\u00f3ximos meses.<\/p>\n<p class=\"ads\">\n<div class=\"article-more\">\n<div class=\"more-news\">Fonte: Portal MeioNews.<br \/>\nConfira esta e outras mat\u00e9rias na \u00edntegra pelo link: https:\/\/www.meionews.com\/esportes\/fifa-confirma-ira-na-copa-do-mundo-de-2026-com-jogos-previstos-nos-eua-562362<\/div>\n<\/div>\n<\/div>\n<\/div>\n","protected":false},"excerpt":{"rendered":"<p>Declara\u00e7\u00e3o de Gianni Infantino ocorre em meio a tens\u00f5es geopol\u00edticas e d\u00favidas sobre participa\u00e7\u00e3o iraniana &nbsp; Fifa confirma Ir\u00e3 na Copa de 2026 com jogos previstos nos EUA | Foto: AFP O presidente da\u00a0Federa\u00e7\u00e3o Internacional de Futebol (Fifa),\u00a0Gianni Infantino, confirmou nesta quinta-feira (30) que a\u00a0sele\u00e7\u00e3o do Ir\u00e3 participar\u00e1 da Copa do Mundo de 2026\u00a0e disputar\u00e1 [&hellip;]<\/p>\n","protected":false},"author":3,"featured_media":21110,"comment_status":"open","ping_status":"open","sticky":false,"template":"","format":"standard","meta":{"om_disable_all_campaigns":false,"_monsterinsights_skip_tracking":false,"_monsterinsights_sitenote_active":false,"_monsterinsights_sitenote_note":"","_monsterinsights_sitenote_category":0,"footnotes":""},"categories":[48],"tags":[],"class_list":["post-21109","post","type-post","status-publish","format-standard","has-post-thumbnail","hentry","category-esportes"],"jetpack_featured_media_url":"https:\/\/fatoelado.com\/wp-content\/uploads\/2026\/04\/fifa-confirma-ira-na-copa-de-2026-com-jogos-previstos-nos-eua-e132c0c2c7373c1d.jpg","_links":{"self":[{"href":"https:\/\/fatoelado.com\/index.php?rest_route=\/wp\/v2\/posts\/21109","targetHints":{"allow":["GET"]}}],"collection":[{"href":"https:\/\/fatoelado.com\/index.php?rest_route=\/wp\/v2\/posts"}],"about":[{"href":"https:\/\/fatoelado.com\/index.php?rest_route=\/wp\/v2\/types\/post"}],"author":[{"embeddable":true,"href":"https:\/\/fatoelado.com\/index.php?rest_route=\/wp\/v2\/users\/3"}],"replies":[{"embeddable":true,"href":"https:\/\/fatoelado.com\/index.php?rest_route=%2Fwp%2Fv2%2Fcomments&post=21109"}],"version-history":[{"count":2,"href":"https:\/\/fatoelado.com\/index.php?rest_route=\/wp\/v2\/posts\/21109\/revisions"}],"predecessor-version":[{"id":21112,"href":"https:\/\/fatoelado.com\/index.php?rest_route=\/wp\/v2\/posts\/21109\/revisions\/21112"}],"wp:featuredmedia":[{"embeddable":true,"href":"https:\/\/fatoelado.com\/index.php?rest_route=\/wp\/v2\/media\/21110"}],"wp:attachment":[{"href":"https:\/\/fatoelado.com\/index.php?rest_route=%2Fwp%2Fv2%2Fmedia&parent=21109"}],"wp:term":[{"taxonomy":"category","embeddable":true,"href":"https:\/\/fatoelado.com\/index.php?rest_route=%2Fwp%2Fv2%2Fcategories&post=21109"},{"taxonomy":"post_tag","embeddable":true,"href":"https:\/\/fatoelado.com\/index.php?rest_route=%2Fwp%2Fv2%2Ftags&post=21109"}],"curies":[{"name":"wp","href":"https:\/\/api.w.org\/{rel}","templated":true}]}}