{"id":21105,"date":"2026-05-01T05:20:41","date_gmt":"2026-05-01T08:20:41","guid":{"rendered":"https:\/\/fatoelado.com\/?p=21105"},"modified":"2026-04-30T23:22:22","modified_gmt":"2026-05-01T02:22:22","slug":"lula-anuncia-novo-programa-de-renegociacao-de-dividas","status":"publish","type":"post","link":"https:\/\/fatoelado.com\/?p=21105","title":{"rendered":"Lula anuncia novo programa de renegocia\u00e7\u00e3o de d\u00edvidas"},"content":{"rendered":"<h2 class=\"article-subtitle\" style=\"text-align: center;\">O an\u00fancio foi feito durante pronunciamento em cadeia nacional de televis\u00e3o em raz\u00e3o do Dia do Trabalhador.<\/h2>\n<p>&nbsp;<\/p>\n<div class=\"article-image-featured\" style=\"text-align: center;\"><img decoding=\"async\" class=\"i-amphtml-fill-content i-amphtml-replaced-content aligncenter\" src=\"https:\/\/www.meionews.com\/uploads\/imagens\/2026\/4\/30\/presidente-lula--58759100d69ddecf.jpg\" alt=\"Presidente Lula |  Ricardo Stuckert\/PR\" data-amp-loading=\"lazy\" \/><small>Presidente Lula | Foto: Ricardo Stuckert\/PR<\/small><\/div>\n<div class=\"g-news\"><\/div>\n<div class=\"article-html\">\n<div class=\"article-html-more\">\n<p><strong>O presidente Luiz In\u00e1cio Lula da Silva (PT) declarou nesta quinta-feira (30) que o governo federal prepara um conjunto de medidas voltadas \u00e0 redu\u00e7\u00e3o do endividamento de fam\u00edlias e empresas no pa\u00eds.<\/strong><\/p>\n<p>O an\u00fancio foi feito durante pronunciamento em cadeia nacional de televis\u00e3o em raz\u00e3o do Dia do Trabalhador, celebrado nesta sexta-feira (1\u00ba). Segundo ele, os detalhes das a\u00e7\u00f5es ser\u00e3o apresentados na pr\u00f3xima segunda-feira (4).<\/p>\n<p>&#8220;N\u00f3s encontramos o Brasil e os brasileiros endividados. A d\u00edvida das fam\u00edlias cresceu por anos e agora est\u00e1 sufocando uma parte da sociedade brasileira&#8221;, disse o presidente Lula.<\/p>\n<p>Durante o discurso, o presidente afirmou que o programa Desenrola Brasil ter\u00e1 uma nova etapa, abrangendo renegocia\u00e7\u00f5es de d\u00edvidas como cart\u00e3o de cr\u00e9dito, cheque especial, cr\u00e9dito direto ao consumidor (CDC) e tamb\u00e9m do Fundo de Financiamento Estudantil.<\/p>\n<p>De acordo com Lula, os d\u00e9bitos poder\u00e3o ser renegociados com juros limitados a 1,99% ao m\u00eas, al\u00e9m de descontos que podem variar entre 30% e 90% sobre o valor principal das d\u00edvidas.<\/p>\n<p>O presidente tamb\u00e9m anunciou que trabalhadores poder\u00e3o utilizar at\u00e9 20% do saldo do Fundo de Garantia do Tempo de Servi\u00e7o para quitar parte de suas d\u00edvidas.<\/p>\n<p>O ministro do Trabalho, Luiz Marinho, explicou na quarta-feira (29) que a opera\u00e7\u00e3o ser\u00e1 realizada entre institui\u00e7\u00f5es financeiras. A Caixa Econ\u00f4mica Federal ficar\u00e1 respons\u00e1vel por transferir os recursos do FGTS para o banco onde a d\u00edvida estiver registrada, mediante autoriza\u00e7\u00e3o do trabalhador.<\/p>\n<p>&nbsp;<\/p>\n<div class=\"article-more\">\n<div class=\"more-news\">Fonte: Portal MeioNews.<br \/>\nConfira esta e outras mat\u00e9rias na \u00edntegra pelo link: https:\/\/www.meionews.com\/politica\/lula-anuncia-novo-programa-de-renegociacao-de-dividas-562385<\/div>\n<\/div>\n<\/div>\n<\/div>\n","protected":false},"excerpt":{"rendered":"<p>O an\u00fancio foi feito durante pronunciamento em cadeia nacional de televis\u00e3o em raz\u00e3o do Dia do Trabalhador. &nbsp; Presidente Lula | Foto: Ricardo Stuckert\/PR O presidente Luiz In\u00e1cio Lula da Silva (PT) declarou nesta quinta-feira (30) que o governo federal prepara um conjunto de medidas voltadas \u00e0 redu\u00e7\u00e3o do endividamento de fam\u00edlias e empresas no [&hellip;]<\/p>\n","protected":false},"author":3,"featured_media":21106,"comment_status":"open","ping_status":"open","sticky":false,"template":"","format":"standard","meta":{"om_disable_all_campaigns":false,"_monsterinsights_skip_tracking":false,"_monsterinsights_sitenote_active":false,"_monsterinsights_sitenote_note":"","_monsterinsights_sitenote_category":0,"footnotes":""},"categories":[47],"tags":[],"class_list":["post-21105","post","type-post","status-publish","format-standard","has-post-thumbnail","hentry","category-nacionais"],"jetpack_featured_media_url":"https:\/\/fatoelado.com\/wp-content\/uploads\/2026\/04\/presidente-lula-58759100d69ddecf.jpg","_links":{"self":[{"href":"https:\/\/fatoelado.com\/index.php?rest_route=\/wp\/v2\/posts\/21105","targetHints":{"allow":["GET"]}}],"collection":[{"href":"https:\/\/fatoelado.com\/index.php?rest_route=\/wp\/v2\/posts"}],"about":[{"href":"https:\/\/fatoelado.com\/index.php?rest_route=\/wp\/v2\/types\/post"}],"author":[{"embeddable":true,"href":"https:\/\/fatoelado.com\/index.php?rest_route=\/wp\/v2\/users\/3"}],"replies":[{"embeddable":true,"href":"https:\/\/fatoelado.com\/index.php?rest_route=%2Fwp%2Fv2%2Fcomments&post=21105"}],"version-history":[{"count":1,"href":"https:\/\/fatoelado.com\/index.php?rest_route=\/wp\/v2\/posts\/21105\/revisions"}],"predecessor-version":[{"id":21107,"href":"https:\/\/fatoelado.com\/index.php?rest_route=\/wp\/v2\/posts\/21105\/revisions\/21107"}],"wp:featuredmedia":[{"embeddable":true,"href":"https:\/\/fatoelado.com\/index.php?rest_route=\/wp\/v2\/media\/21106"}],"wp:attachment":[{"href":"https:\/\/fatoelado.com\/index.php?rest_route=%2Fwp%2Fv2%2Fmedia&parent=21105"}],"wp:term":[{"taxonomy":"category","embeddable":true,"href":"https:\/\/fatoelado.com\/index.php?rest_route=%2Fwp%2Fv2%2Fcategories&post=21105"},{"taxonomy":"post_tag","embeddable":true,"href":"https:\/\/fatoelado.com\/index.php?rest_route=%2Fwp%2Fv2%2Ftags&post=21105"}],"curies":[{"name":"wp","href":"https:\/\/api.w.org\/{rel}","templated":true}]}}