{"id":21095,"date":"2026-05-01T05:17:10","date_gmt":"2026-05-01T08:17:10","guid":{"rendered":"https:\/\/fatoelado.com\/?p=21095"},"modified":"2026-04-30T23:18:40","modified_gmt":"2026-05-01T02:18:40","slug":"feriado-do-dia-do-trabalhador-sera-de-chuva-no-norte-do-piaui-veja-previsao","status":"publish","type":"post","link":"https:\/\/fatoelado.com\/?p=21095","title":{"rendered":"Feriado do Dia do Trabalhador ser\u00e1 de chuva no Norte do Piau\u00ed; veja previs\u00e3o"},"content":{"rendered":"<p><img decoding=\"async\" class=\"aligncenter\" src=\"https:\/\/cidadeverde.com\/assets\/uploads\/colecoes\/2\/2026\/03\/whatsapp_image_2026-03-20_at_18_33_09.jpeg\" alt=\"chuva teresina\" \/><\/p>\n<p data-end=\"526\" data-start=\"194\">O feriado do Dia do Trabalhador, nesta sexta-feira (1\u00ba), deve ser marcado por\u00a0<strong data-end=\"299\" data-start=\"272\">tempo inst\u00e1vel no Piau\u00ed<\/strong>, com maior concentra\u00e7\u00e3o de chuvas nas regi\u00f5es Norte e Centro-Norte do estado. A previs\u00e3o indica que o padr\u00e3o se mant\u00e9m ao longo do fim de semana, com possibilidade de volumes mais significativos entre s\u00e1bado (2) e domingo (3).<\/p>\n<p data-end=\"840\" data-start=\"528\">Segundo a Secretaria de Meio Ambiente e Recursos H\u00eddricos (Semarh), a quinta-feira (30), \u00faltimo dia de abril, j\u00e1 registra esse cen\u00e1rio, com\u00a0<strong data-end=\"715\" data-start=\"668\">chuvas concentradas no Norte e Centro-Norte<\/strong>, enquanto as regi\u00f5es Sul e Sudeste seguem com tempo mais quente e pancadas isoladas.<\/p>\n<p data-end=\"1010\" data-start=\"842\">A meteorologista\u00a0<strong data-end=\"876\" data-start=\"859\">S\u00f4nia Feitosa<\/strong>, da Sala de Monitoramento, explica que a tend\u00eancia \u00e9 de continuidade das chuvas nos pr\u00f3ximos dias, principalmente na faixa litor\u00e2nea.<\/p>\n<blockquote data-end=\"1253\" data-start=\"1012\">\n<p data-end=\"1253\" data-start=\"1014\">\u201cAs chuvas seguem concentradas no Norte e Centro-Norte. No litoral, elas devem ocorrer pelos pr\u00f3ximos dias. Entre quinta e sexta, n\u00e3o devem ter grandes acumulados, mas no fim de semana esses volumes podem ser mais significativos\u201d, afirmou.<\/p>\n<\/blockquote>\n<h2 data-end=\"1295\" data-section-id=\"nqwynt\" data-start=\"1260\"><span role=\"text\"><strong data-end=\"1295\" data-start=\"1263\">Como fica o tempo no feriado<\/strong><\/span><\/h2>\n<p data-end=\"1343\" data-start=\"1297\">Para esta sexta-feira (1\u00ba), a previs\u00e3o aponta:<\/p>\n<ul data-end=\"1656\" data-start=\"1345\">\n<li data-end=\"1394\" data-section-id=\"12uao15\" data-start=\"1345\"><strong data-end=\"1357\" data-start=\"1347\">Norte:<\/strong>\u00a0c\u00e9u nublado com chuvas e trovoadas<\/li>\n<li data-end=\"1468\" data-section-id=\"ffshbg\" data-start=\"1395\"><strong data-end=\"1414\" data-start=\"1397\">Centro-Norte:<\/strong>\u00a0pancadas de chuva, principalmente \u00e0 tarde e \u00e0 noite<\/li>\n<li data-end=\"1537\" data-section-id=\"1d9qtci\" data-start=\"1469\"><strong data-end=\"1484\" data-start=\"1471\">Teresina:<\/strong>\u00a0sol entre nuvens, com chuva prevista no fim do dia<\/li>\n<li data-end=\"1656\" data-section-id=\"1xqpz89\" data-start=\"1538\"><strong data-end=\"1558\" data-start=\"1540\">Sul e Sudeste:<\/strong>\u00a0calor, com temperaturas de at\u00e9\u00a0<strong data-end=\"1598\" data-start=\"1590\">35\u00b0C<\/strong>\u00a0e chuvas isoladas<\/li>\n<\/ul>\n<p data-end=\"1852\" data-start=\"1658\">No s\u00e1bado (2), a instabilidade continua, com\u00a0<strong data-end=\"1749\" data-start=\"1703\">chuva ao longo do dia em Teresina e regi\u00e3o<\/strong>, enquanto o Norte segue com maior intensidade de precipita\u00e7\u00e3o.<\/p>\n<h2 data-end=\"1900\" data-section-id=\"13ya96k\" data-start=\"1859\"><span role=\"text\"><strong data-end=\"1900\" data-start=\"1862\">Mapas indicam alta chance de chuva<\/strong><\/span><\/h2>\n<p><em>Foto: Reprodu\u00e7\u00e3o \/ Inpe<\/em><\/p>\n<p><img decoding=\"async\" class=\"aligncenter\" src=\"https:\/\/cidadeverde.com\/assets\/uploads\/colecoes\/2\/2026\/04\/pro_bra_p05_072_3.png\" alt=\"Dados do Instituto Nacional de Pesquisas Espaciais (Inpe)\" \/><\/p>\n<p data-end=\"2217\" data-start=\"1902\">Dados do Instituto Nacional de Pesquisas Espaciais (Inpe) mostram que o Piau\u00ed deve permanecer sob influ\u00eancia de \u00e1reas de instabilidade. Um mapa de probabilidade de precipita\u00e7\u00e3o indica que\u00a0<strong data-end=\"2177\" data-start=\"2090\">grande parte do estado tem entre 60% e 80% de chance de chuva acima de 5 mil\u00edmetros<\/strong>, especialmente no Norte e Centro-Norte.<\/p>\n<p data-end=\"2424\" data-start=\"2219\">Outro mapa de acumulados (modelo COSMO\/Inmet) aponta uma faixa de maior intensidade justamente sobre o Norte do Nordeste, incluindo o Piau\u00ed, refor\u00e7ando a previs\u00e3o de volumes mais elevados no fim de semana.<\/p>\n<p data-end=\"2572\" data-start=\"2426\">Esse padr\u00e3o \u00e9 t\u00edpico da atua\u00e7\u00e3o da\u00a0<strong data-end=\"2506\" data-start=\"2461\">Zona de Converg\u00eancia Intertropical (ZCIT)<\/strong>, principal sistema respons\u00e1vel pelas chuvas neste per\u00edodo do ano.<\/p>\n<h2 data-end=\"2611\" data-section-id=\"1spucw8\" data-start=\"2579\"><span role=\"text\"><strong data-end=\"2611\" data-start=\"2582\">Alerta de chuvas intensas<\/strong><\/span><\/h2>\n<p><em>Foto: Reprodu\u00e7\u00e3o \/ Inmet<\/em><\/p>\n<p><img decoding=\"async\" src=\"https:\/\/cidadeverde.com\/assets\/uploads\/colecoes\/2\/2026\/04\/captura_de_tela_2026-04-30_191458.jpg\" alt=\"alerta inmet fim de abril\" \/><\/p>\n<p data-end=\"2776\" data-start=\"2613\">O Instituto Nacional de Meteorologia (Inmet) emitiu alerta de\u00a0<strong data-end=\"2695\" data-start=\"2675\">perigo potencial<\/strong>\u00a0para chuvas intensas, v\u00e1lido nesta quinta-feira (30), que inclui \u00e1reas do Piau\u00ed.<\/p>\n<p data-end=\"2815\" data-start=\"2778\">De acordo com o aviso, podem ocorrer:<\/p>\n<ul data-end=\"2910\" data-start=\"2816\">\n<li data-end=\"2880\" data-section-id=\"11l2dcm\" data-start=\"2816\">chuva entre\u00a0<strong data-end=\"2853\" data-start=\"2830\">20 e 30 mm por hora<\/strong>\u00a0ou at\u00e9\u00a0<strong data-end=\"2878\" data-start=\"2861\">50 mm por dia<\/strong><\/li>\n<li data-end=\"2910\" data-section-id=\"1kc5n47\" data-start=\"2881\">ventos de at\u00e9\u00a0<strong data-end=\"2908\" data-start=\"2897\">60 km\/h<\/strong><\/li>\n<\/ul>\n<p data-end=\"2955\" data-start=\"2912\">Apesar do baixo risco, h\u00e1 possibilidade de:<\/p>\n<ul data-end=\"3024\" data-start=\"2956\">\n<li data-end=\"2975\" data-section-id=\"3jwihf\" data-start=\"2956\">queda de galhos<\/li>\n<li data-end=\"3000\" data-section-id=\"1vr2fbb\" data-start=\"2976\">alagamentos pontuais<\/li>\n<li data-end=\"3024\" data-section-id=\"11m0h41\" data-start=\"3001\">descargas el\u00e9tricas<\/li>\n<\/ul>\n<h2 data-end=\"3069\" data-section-id=\"1eqi5a9\" data-start=\"3031\"><span role=\"text\"><strong data-end=\"3069\" data-start=\"3034\">Tend\u00eancia para os pr\u00f3ximos dias<\/strong><\/span><\/h2>\n<p data-end=\"3171\" data-start=\"3071\">A previs\u00e3o da Semarh indica que o cen\u00e1rio de instabilidade deve continuar at\u00e9 o in\u00edcio de maio, com:<\/p>\n<ul data-end=\"3298\" data-start=\"3173\">\n<li data-end=\"3223\" data-section-id=\"h8mv9w\" data-start=\"3173\"><strong data-end=\"3221\" data-start=\"3175\">maiores acumulados no Norte e Centro-Norte<\/strong><\/li>\n<li data-end=\"3298\" data-section-id=\"1dxoita\" data-start=\"3224\"><strong data-end=\"3263\" data-start=\"3226\">redu\u00e7\u00e3o gradual das chuvas no Sul<\/strong>, mas ainda com pancadas isoladas<\/li>\n<\/ul>\n<p data-end=\"3549\" data-start=\"3300\">De acordo com a an\u00e1lise meteorol\u00f3gica, a combina\u00e7\u00e3o da ZCIT com sistemas locais favorece\u00a0<strong data-end=\"3440\" data-start=\"3389\">chuvas concentradas em curto intervalo de tempo<\/strong>, o que pode provocar alagamentos e eleva\u00e7\u00e3o r\u00e1pida de pequenos rios.<\/p>\n<h2 data-end=\"3574\" data-section-id=\"ah1oiz\" data-start=\"3556\"><span role=\"text\"><strong data-end=\"3574\" data-start=\"3559\">Orienta\u00e7\u00f5es<\/strong><\/span><\/h2>\n<p data-end=\"3717\" data-start=\"3575\">A recomenda\u00e7\u00e3o \u00e9 evitar abrigo sob \u00e1rvores durante rajadas de vento e n\u00e3o utilizar aparelhos eletr\u00f4nicos ligados \u00e0 tomada durante tempestades.<\/p>\n<p data-end=\"3818\" data-start=\"3719\">Em caso de emerg\u00eancia, a popula\u00e7\u00e3o deve acionar a Defesa Civil (199) ou o Corpo de Bombeiros (193).<\/p>\n<p data-end=\"3818\" data-start=\"3719\">\n<p data-end=\"3818\" data-start=\"3719\">Fonte: Portal CidadeVerde.<br \/>\nConfira esta e outras mat\u00e9rias na \u00edntegra pelo link: https:\/\/cidadeverde.com\/noticias\/455218\/feriado-do-dia-do-trabalhador-sera-de-chuva-no-norte-do-piaui-veja-previsao<\/p>\n","protected":false},"excerpt":{"rendered":"<p>O feriado do Dia do Trabalhador, nesta sexta-feira (1\u00ba), deve ser marcado por\u00a0tempo inst\u00e1vel no Piau\u00ed, com maior concentra\u00e7\u00e3o de chuvas nas regi\u00f5es Norte e Centro-Norte do estado. A previs\u00e3o indica que o padr\u00e3o se mant\u00e9m ao longo do fim de semana, com possibilidade de volumes mais significativos entre s\u00e1bado (2) e domingo (3). Segundo [&hellip;]<\/p>\n","protected":false},"author":3,"featured_media":21096,"comment_status":"open","ping_status":"open","sticky":false,"template":"","format":"standard","meta":{"om_disable_all_campaigns":false,"_monsterinsights_skip_tracking":false,"_monsterinsights_sitenote_active":false,"_monsterinsights_sitenote_note":"","_monsterinsights_sitenote_category":0,"footnotes":""},"categories":[33],"tags":[],"class_list":["post-21095","post","type-post","status-publish","format-standard","has-post-thumbnail","hentry","category-piaui"],"jetpack_featured_media_url":"https:\/\/fatoelado.com\/wp-content\/uploads\/2026\/04\/whatsapp_image_2026-03-20_at_18_33_09.jpeg","_links":{"self":[{"href":"https:\/\/fatoelado.com\/index.php?rest_route=\/wp\/v2\/posts\/21095","targetHints":{"allow":["GET"]}}],"collection":[{"href":"https:\/\/fatoelado.com\/index.php?rest_route=\/wp\/v2\/posts"}],"about":[{"href":"https:\/\/fatoelado.com\/index.php?rest_route=\/wp\/v2\/types\/post"}],"author":[{"embeddable":true,"href":"https:\/\/fatoelado.com\/index.php?rest_route=\/wp\/v2\/users\/3"}],"replies":[{"embeddable":true,"href":"https:\/\/fatoelado.com\/index.php?rest_route=%2Fwp%2Fv2%2Fcomments&post=21095"}],"version-history":[{"count":2,"href":"https:\/\/fatoelado.com\/index.php?rest_route=\/wp\/v2\/posts\/21095\/revisions"}],"predecessor-version":[{"id":21098,"href":"https:\/\/fatoelado.com\/index.php?rest_route=\/wp\/v2\/posts\/21095\/revisions\/21098"}],"wp:featuredmedia":[{"embeddable":true,"href":"https:\/\/fatoelado.com\/index.php?rest_route=\/wp\/v2\/media\/21096"}],"wp:attachment":[{"href":"https:\/\/fatoelado.com\/index.php?rest_route=%2Fwp%2Fv2%2Fmedia&parent=21095"}],"wp:term":[{"taxonomy":"category","embeddable":true,"href":"https:\/\/fatoelado.com\/index.php?rest_route=%2Fwp%2Fv2%2Fcategories&post=21095"},{"taxonomy":"post_tag","embeddable":true,"href":"https:\/\/fatoelado.com\/index.php?rest_route=%2Fwp%2Fv2%2Ftags&post=21095"}],"curies":[{"name":"wp","href":"https:\/\/api.w.org\/{rel}","templated":true}]}}