{"id":21092,"date":"2026-04-30T12:00:30","date_gmt":"2026-04-30T15:00:30","guid":{"rendered":"https:\/\/fatoelado.com\/?p=21092"},"modified":"2026-04-30T12:00:30","modified_gmt":"2026-04-30T15:00:30","slug":"em-preparacao-para-o-festival-de-inverno-aguas-do-piaui-realiza-melhorias-na-estacao-de-tratamento-de-pedro-ii-no-sabado-2","status":"publish","type":"post","link":"https:\/\/fatoelado.com\/?p=21092","title":{"rendered":"Em prepara\u00e7\u00e3o para o Festival de Inverno, \u00c1guas do Piau\u00ed realiza melhorias na Esta\u00e7\u00e3o de Tratamento de Pedro II no s\u00e1bado (2)"},"content":{"rendered":"<h2 class=\"elementor-heading-title elementor-size-default\" style=\"text-align: center;\">Durante a execu\u00e7\u00e3o dos servi\u00e7os, o fornecimento de \u00e1gua ficar\u00e1 temporariamente comprometido.<\/h2>\n<p>&nbsp;<\/p>\n<p>A \u00c1guas do Piau\u00ed informa que realizar\u00e1, neste s\u00e1bado (2), uma manuten\u00e7\u00e3o programada na Esta\u00e7\u00e3o de Tratamento de \u00c1gua (ETA) de Pedro II, no hor\u00e1rio das 9h \u00e0s 17h. A a\u00e7\u00e3o faz parte de um conjunto de melhorias que est\u00e3o sendo implementadas para preparar o sistema de abastecimento para o Festival de Inverno, que ser\u00e1 realizado em junho, reunindo grande p\u00fablico na cidade.<\/p>\n<p>Durante a execu\u00e7\u00e3o dos servi\u00e7os, o fornecimento de \u00e1gua ficar\u00e1 temporariamente comprometido. Por isso, a concession\u00e1ria orienta que os moradores fa\u00e7am reserva de \u00e1gua com anteced\u00eancia, como medida preventiva. Ap\u00f3s a conclus\u00e3o do servi\u00e7o, o fornecimento ser\u00e1 retomado de forma gradativa, podendo levar mais tempo nas \u00e1reas mais elevadas.<\/p>\n<figure id=\"attachment_134958\" class=\"wp-caption alignnone\" aria-describedby=\"caption-attachment-134958\"><img loading=\"lazy\" decoding=\"async\" class=\"size-full wp-image-134958\" src=\"https:\/\/www.pi.gov.br\/wp-content\/uploads\/2026\/04\/IMG_0157.jpeg\" sizes=\"auto, (max-width: 2048px) 100vw, 2048px\" srcset=\"https:\/\/www.pi.gov.br\/wp-content\/uploads\/2026\/04\/IMG_0157.jpeg 2048w, https:\/\/www.pi.gov.br\/wp-content\/uploads\/2026\/04\/IMG_0157-300x225.jpeg 300w, https:\/\/www.pi.gov.br\/wp-content\/uploads\/2026\/04\/IMG_0157-1024x768.jpeg 1024w, https:\/\/www.pi.gov.br\/wp-content\/uploads\/2026\/04\/IMG_0157-768x576.jpeg 768w, https:\/\/www.pi.gov.br\/wp-content\/uploads\/2026\/04\/IMG_0157-1536x1152.jpeg 1536w\" alt=\"\" width=\"2048\" height=\"1536\" \/><figcaption id=\"caption-attachment-134958\" class=\"wp-caption-text\">Foto: \u00c1guas do Piau\u00ed<\/figcaption><\/figure>\n<p>A \u00c1guas do Piau\u00ed refor\u00e7a que seus canais de atendimento seguem \u00e0 disposi\u00e7\u00e3o da popula\u00e7\u00e3o, inclusive para demandas emergenciais, s\u00e3o eles: o 0800 223 2000, que recebe liga\u00e7\u00f5es telef\u00f4nicas e mensagens no WhatsApp, al\u00e9m do Aplicativo \u00c1guas App. A concession\u00e1ria agradece a compreens\u00e3o de todos.<\/p>\n<p>&nbsp;<\/p>\n<p>Fonte: Portal pi.Gov.<br \/>\nConfira esta e outras mat\u00e9rias na \u00edntegra pelo link: https:\/\/www.pi.gov.br\/aguas-do-piaui-realiza-melhorias-na-estacao-de-tratamento-de-pedro-ii-em-preparacao-para-o-festival-de-inverno\/<\/p>\n","protected":false},"excerpt":{"rendered":"<p>Durante a execu\u00e7\u00e3o dos servi\u00e7os, o fornecimento de \u00e1gua ficar\u00e1 temporariamente comprometido. &nbsp; A \u00c1guas do Piau\u00ed informa que realizar\u00e1, neste s\u00e1bado (2), uma manuten\u00e7\u00e3o programada na Esta\u00e7\u00e3o de Tratamento de \u00c1gua (ETA) de Pedro II, no hor\u00e1rio das 9h \u00e0s 17h. A a\u00e7\u00e3o faz parte de um conjunto de melhorias que est\u00e3o sendo implementadas [&hellip;]<\/p>\n","protected":false},"author":3,"featured_media":21093,"comment_status":"open","ping_status":"open","sticky":false,"template":"","format":"standard","meta":{"om_disable_all_campaigns":false,"_monsterinsights_skip_tracking":false,"_monsterinsights_sitenote_active":false,"_monsterinsights_sitenote_note":"","_monsterinsights_sitenote_category":0,"footnotes":""},"categories":[33],"tags":[],"class_list":["post-21092","post","type-post","status-publish","format-standard","has-post-thumbnail","hentry","category-piaui"],"jetpack_featured_media_url":"https:\/\/fatoelado.com\/wp-content\/uploads\/2026\/04\/IMG_0157.jpeg","_links":{"self":[{"href":"https:\/\/fatoelado.com\/index.php?rest_route=\/wp\/v2\/posts\/21092","targetHints":{"allow":["GET"]}}],"collection":[{"href":"https:\/\/fatoelado.com\/index.php?rest_route=\/wp\/v2\/posts"}],"about":[{"href":"https:\/\/fatoelado.com\/index.php?rest_route=\/wp\/v2\/types\/post"}],"author":[{"embeddable":true,"href":"https:\/\/fatoelado.com\/index.php?rest_route=\/wp\/v2\/users\/3"}],"replies":[{"embeddable":true,"href":"https:\/\/fatoelado.com\/index.php?rest_route=%2Fwp%2Fv2%2Fcomments&post=21092"}],"version-history":[{"count":1,"href":"https:\/\/fatoelado.com\/index.php?rest_route=\/wp\/v2\/posts\/21092\/revisions"}],"predecessor-version":[{"id":21094,"href":"https:\/\/fatoelado.com\/index.php?rest_route=\/wp\/v2\/posts\/21092\/revisions\/21094"}],"wp:featuredmedia":[{"embeddable":true,"href":"https:\/\/fatoelado.com\/index.php?rest_route=\/wp\/v2\/media\/21093"}],"wp:attachment":[{"href":"https:\/\/fatoelado.com\/index.php?rest_route=%2Fwp%2Fv2%2Fmedia&parent=21092"}],"wp:term":[{"taxonomy":"category","embeddable":true,"href":"https:\/\/fatoelado.com\/index.php?rest_route=%2Fwp%2Fv2%2Fcategories&post=21092"},{"taxonomy":"post_tag","embeddable":true,"href":"https:\/\/fatoelado.com\/index.php?rest_route=%2Fwp%2Fv2%2Ftags&post=21092"}],"curies":[{"name":"wp","href":"https:\/\/api.w.org\/{rel}","templated":true}]}}