{"id":21089,"date":"2026-04-30T11:59:48","date_gmt":"2026-04-30T14:59:48","guid":{"rendered":"https:\/\/fatoelado.com\/?p=21089"},"modified":"2026-04-30T11:59:48","modified_gmt":"2026-04-30T14:59:48","slug":"seminario-estadual-promove-debate-sobre-riscos-das-mudancas-climaticas-e-saude-mental-dos-trabalhadores","status":"publish","type":"post","link":"https:\/\/fatoelado.com\/?p=21089","title":{"rendered":"Semin\u00e1rio estadual promove debate sobre riscos das mudan\u00e7as clim\u00e1ticas e sa\u00fade mental dos trabalhadores"},"content":{"rendered":"<h2 class=\"elementor-heading-title elementor-size-default\" style=\"text-align: center;\">A discuss\u00e3o sobre o cuidado integral do servidor ocorre numa perspectiva que leva em considera\u00e7\u00e3o mudan\u00e7as clim\u00e1ticas, novos riscos e sa\u00fade mental no ambiente de trabalho.<\/h2>\n<p>&nbsp;<\/p>\n<p>O Semin\u00e1rio Estadual de Sa\u00fade e Seguran\u00e7a do Trabalho reuniu, nesta quinta-feira (30), gestores e servidores do poder p\u00fablico estadual e profissionais e estudantes da \u00e1rea de sa\u00fade e seguran\u00e7a do trabalho para discutir o cuidado integral do trabalhador. O evento, organizado pela Secretaria de Administra\u00e7\u00e3o (Sead), por meio do Centro Integrado de Aten\u00e7\u00e3o ao Servidor P\u00fablico do Estado do Piau\u00ed (Ciaspi), ocorreu no audit\u00f3rio do Conselho Regional de Medicina (CRM).<\/p>\n<p>A discuss\u00e3o sobre o cuidado integral do servidor ocorre numa perspectiva que leva em considera\u00e7\u00e3o mudan\u00e7as clim\u00e1ticas, novos riscos e sa\u00fade mental no ambiente de trabalho. Nesse contexto, a diretora do Ciaspi, Aline Melo, afirma que discutir esses assuntos \u00e9 importante pois a sa\u00fade mental do trabalhador, bem como as consequ\u00eancias das mudan\u00e7as clim\u00e1ticas, est\u00e3o entre os temas que mais causam preocupa\u00e7\u00e3o \u00e0s autoridades que atuam na \u00e1rea da seguran\u00e7a do trabalho.<\/p>\n<p>\u201cO nosso objetivo \u00e9 trazer os riscos psicossociais, demonstrar que a gente precisa conversar mais sobre isso, discutir a sa\u00fade mental dentro das institui\u00e7\u00f5es, sejam elas p\u00fablicas ou privadas, e trazer os servidores e profissionais em geral para o debate, atuando como protagonistas desse processo de mudan\u00e7a. Ent\u00e3o o ideal nesse momento \u00e9 que a gente saia desse evento com a mente mais aberta para o acolhimento\u201d, afirmou Aline Melo.<\/p>\n<p>O secret\u00e1rio da Administra\u00e7\u00e3o, Samuel Pontes do Nascimento, tamb\u00e9m participou do evento e afirmou que essa j\u00e1 \u00e9 uma preocupa\u00e7\u00e3o de toda a gest\u00e3o estadual e que as recomenda\u00e7\u00f5es sobre o cuidado integral com o servidor j\u00e1 \u00e9 prioridade desde o in\u00edcio da gest\u00e3o. \u201cO governador Rafael Fonteles nos deu todo o suporte, desde o in\u00edcio, para cuidarmos dessa demanda. Nossa ideia \u00e9, quando falamos de valoriza\u00e7\u00e3o do servidor, n\u00e3o focar apenas no sal\u00e1rio e em darmos condi\u00e7\u00f5es para o trabalho, precisamos garantir a seguran\u00e7a e a sa\u00fade de forma integral daquelas pessoas que est\u00e3o a servi\u00e7o dos interesses do servi\u00e7o p\u00fablico\u201d, pontuou o gestor.<\/p>\n<figure id=\"attachment_134990\" class=\"wp-caption alignnone\" aria-describedby=\"caption-attachment-134990\"><img loading=\"lazy\" decoding=\"async\" class=\"wp-image-134990 size-full\" src=\"https:\/\/www.pi.gov.br\/wp-content\/uploads\/2026\/04\/seminario1.jpeg\" sizes=\"auto, (max-width: 1280px) 100vw, 1280px\" srcset=\"https:\/\/www.pi.gov.br\/wp-content\/uploads\/2026\/04\/seminario1.jpeg 1280w, https:\/\/www.pi.gov.br\/wp-content\/uploads\/2026\/04\/seminario1-300x200.jpeg 300w, https:\/\/www.pi.gov.br\/wp-content\/uploads\/2026\/04\/seminario1-1024x683.jpeg 1024w, https:\/\/www.pi.gov.br\/wp-content\/uploads\/2026\/04\/seminario1-768x512.jpeg 768w\" alt=\"\" width=\"1280\" height=\"854\" \/><figcaption id=\"caption-attachment-134990\" class=\"wp-caption-text\">Foto: Ascom Sead<\/figcaption><\/figure>\n<p>O presidente da Associa\u00e7\u00e3o Piauiense de Medicina do Trabalho (APMT-PI), Lucas Rego Lopes, afirmou que eventos como esse s\u00e3o importantes para ressaltar a import\u00e2ncia de implantar um ambiente de trabalho seguro e saud\u00e1vel todos os dias. \u201cNesse semin\u00e1rio pudemos discutir a\u00e7\u00f5es que podemos implementar dentro das empresas, tanto privadas como nos \u00f3rg\u00e3os p\u00fablicos, e desenvolver cada vez mais a sa\u00fade e seguran\u00e7a dentro do ambiente de trabalho\u201d, finalizou o especialista em Medicina do Trabalho.<\/p>\n<figure id=\"attachment_134991\" class=\"wp-caption alignnone\" aria-describedby=\"caption-attachment-134991\"><img loading=\"lazy\" decoding=\"async\" class=\"wp-image-134991 size-full\" src=\"https:\/\/www.pi.gov.br\/wp-content\/uploads\/2026\/04\/seminario2.jpeg\" sizes=\"auto, (max-width: 1280px) 100vw, 1280px\" srcset=\"https:\/\/www.pi.gov.br\/wp-content\/uploads\/2026\/04\/seminario2.jpeg 1280w, https:\/\/www.pi.gov.br\/wp-content\/uploads\/2026\/04\/seminario2-300x200.jpeg 300w, https:\/\/www.pi.gov.br\/wp-content\/uploads\/2026\/04\/seminario2-1024x683.jpeg 1024w, https:\/\/www.pi.gov.br\/wp-content\/uploads\/2026\/04\/seminario2-768x512.jpeg 768w\" alt=\"\" width=\"1280\" height=\"854\" \/><figcaption id=\"caption-attachment-134991\" class=\"wp-caption-text\">Foto: Ascom Sead<\/figcaption><\/figure>\n<p><strong>Abril Verde<\/strong><\/p>\n<p>O Semin\u00e1rio Estadual de Sa\u00fade e Seguran\u00e7a do Trabalho faz parte das a\u00e7\u00f5es do Abril Verde, uma campanha nacional de conscientiza\u00e7\u00e3o focada na preven\u00e7\u00e3o de acidentes e doen\u00e7as relacionadas ao trabalho, realizada durante todo o m\u00eas de abril. O objetivo \u00e9 sensibilizar empresas e trabalhadores para a import\u00e2ncia da seguran\u00e7a ocupacional e da sa\u00fade mental.<\/p>\n<figure id=\"attachment_134992\" class=\"wp-caption alignnone\" aria-describedby=\"caption-attachment-134992\"><img loading=\"lazy\" decoding=\"async\" class=\"size-full wp-image-134992\" src=\"https:\/\/www.pi.gov.br\/wp-content\/uploads\/2026\/04\/seminario3.jpeg\" sizes=\"auto, (max-width: 1280px) 100vw, 1280px\" srcset=\"https:\/\/www.pi.gov.br\/wp-content\/uploads\/2026\/04\/seminario3.jpeg 1280w, https:\/\/www.pi.gov.br\/wp-content\/uploads\/2026\/04\/seminario3-300x200.jpeg 300w, https:\/\/www.pi.gov.br\/wp-content\/uploads\/2026\/04\/seminario3-1024x683.jpeg 1024w, https:\/\/www.pi.gov.br\/wp-content\/uploads\/2026\/04\/seminario3-768x512.jpeg 768w\" alt=\"\" width=\"1280\" height=\"854\" \/><figcaption id=\"caption-attachment-134992\" class=\"wp-caption-text\">Foto: Ascom Sead<\/p>\n<p>Fonte: Portal pi.Gov.<br \/>\nConfira esta e outras mat\u00e9rias na \u00edntegra pelo link: https:\/\/www.pi.gov.br\/seminario-estadual-promove-debate-sobre-riscos-das-mudancas-climaticas-e-saude-mental-dos-trabalhadores\/<\/figcaption><\/figure>\n","protected":false},"excerpt":{"rendered":"<p>A discuss\u00e3o sobre o cuidado integral do servidor ocorre numa perspectiva que leva em considera\u00e7\u00e3o mudan\u00e7as clim\u00e1ticas, novos riscos e sa\u00fade mental no ambiente de trabalho. &nbsp; O Semin\u00e1rio Estadual de Sa\u00fade e Seguran\u00e7a do Trabalho reuniu, nesta quinta-feira (30), gestores e servidores do poder p\u00fablico estadual e profissionais e estudantes da \u00e1rea de sa\u00fade [&hellip;]<\/p>\n","protected":false},"author":3,"featured_media":21090,"comment_status":"open","ping_status":"open","sticky":false,"template":"","format":"standard","meta":{"om_disable_all_campaigns":false,"_monsterinsights_skip_tracking":false,"_monsterinsights_sitenote_active":false,"_monsterinsights_sitenote_note":"","_monsterinsights_sitenote_category":0,"footnotes":""},"categories":[33],"tags":[],"class_list":["post-21089","post","type-post","status-publish","format-standard","has-post-thumbnail","hentry","category-piaui"],"jetpack_featured_media_url":"https:\/\/fatoelado.com\/wp-content\/uploads\/2026\/04\/seminario2.jpeg","_links":{"self":[{"href":"https:\/\/fatoelado.com\/index.php?rest_route=\/wp\/v2\/posts\/21089","targetHints":{"allow":["GET"]}}],"collection":[{"href":"https:\/\/fatoelado.com\/index.php?rest_route=\/wp\/v2\/posts"}],"about":[{"href":"https:\/\/fatoelado.com\/index.php?rest_route=\/wp\/v2\/types\/post"}],"author":[{"embeddable":true,"href":"https:\/\/fatoelado.com\/index.php?rest_route=\/wp\/v2\/users\/3"}],"replies":[{"embeddable":true,"href":"https:\/\/fatoelado.com\/index.php?rest_route=%2Fwp%2Fv2%2Fcomments&post=21089"}],"version-history":[{"count":1,"href":"https:\/\/fatoelado.com\/index.php?rest_route=\/wp\/v2\/posts\/21089\/revisions"}],"predecessor-version":[{"id":21091,"href":"https:\/\/fatoelado.com\/index.php?rest_route=\/wp\/v2\/posts\/21089\/revisions\/21091"}],"wp:featuredmedia":[{"embeddable":true,"href":"https:\/\/fatoelado.com\/index.php?rest_route=\/wp\/v2\/media\/21090"}],"wp:attachment":[{"href":"https:\/\/fatoelado.com\/index.php?rest_route=%2Fwp%2Fv2%2Fmedia&parent=21089"}],"wp:term":[{"taxonomy":"category","embeddable":true,"href":"https:\/\/fatoelado.com\/index.php?rest_route=%2Fwp%2Fv2%2Fcategories&post=21089"},{"taxonomy":"post_tag","embeddable":true,"href":"https:\/\/fatoelado.com\/index.php?rest_route=%2Fwp%2Fv2%2Ftags&post=21089"}],"curies":[{"name":"wp","href":"https:\/\/api.w.org\/{rel}","templated":true}]}}