{"id":21084,"date":"2026-04-30T11:59:02","date_gmt":"2026-04-30T14:59:02","guid":{"rendered":"https:\/\/fatoelado.com\/?p=21084"},"modified":"2026-04-30T11:59:02","modified_gmt":"2026-04-30T14:59:02","slug":"detran-amplia-acoes-de-educacao-no-transito-para-reduzir-indices-de-adolescentes-dirigindo-sem-cnh-no-estado","status":"publish","type":"post","link":"https:\/\/fatoelado.com\/?p=21084","title":{"rendered":"Detran amplia a\u00e7\u00f5es de educa\u00e7\u00e3o no tr\u00e2nsito para reduzir \u00edndices de adolescentes dirigindo sem CNH no estado"},"content":{"rendered":"<h2 class=\"elementor-heading-title elementor-size-default\" style=\"text-align: center;\">Entre as principais iniciativas est\u00e3o o projeto Ciranda Educativa e a CNH Social Estudantil.<\/h2>\n<p>&nbsp;<\/p>\n<p>O Departamento Estadual de Tr\u00e2nsito do Piau\u00ed (Detran-PI) ampliou as a\u00e7\u00f5es educativas e de forma\u00e7\u00e3o cidad\u00e3 voltadas \u00e0 conscientiza\u00e7\u00e3o de crian\u00e7as, adolescentes e jovens sobre a import\u00e2ncia do respeito \u00e0s leis de tr\u00e2nsito. Entre as principais iniciativas est\u00e3o o projeto Ciranda Educativa, que leva orienta\u00e7\u00f5es sobre seguran\u00e7a vi\u00e1ria a estudantes das redes p\u00fablica e privada desde o ensino infantil e fundamental, e a CNH Social Estudantil, desenvolvida em parceria com a Secretaria de Estado da Educa\u00e7\u00e3o (Seduc), para expandir oportunidades, promover inclus\u00e3o e refor\u00e7ar a seguran\u00e7a entre jovens, especialmente motociclistas.<\/p>\n<p>Dados divulgados nessa quarta-feira (29) pelo Instituto Brasileiro de Geografia e Estat\u00edstica (IBGE), por meio da Pesquisa Nacional de Sa\u00fade do Escolar (PeNSE) 2024, revelam que \u00a046,1% dos adolescentes piauienses entre 13 e 17 anos afirmam j\u00e1 terem conduzido ve\u00edculos sem Carteira Nacional de Habilita\u00e7\u00e3o (CNH), incluindo carros, motocicletas e at\u00e9 barcos. O \u00edndice coloca o Piau\u00ed na sexta posi\u00e7\u00e3o nacional entre os estados com maior propor\u00e7\u00e3o de escolares que dirigiram nos 30 dias anteriores \u00e0 pesquisa.<\/p>\n<p>Em compara\u00e7\u00e3o com 2019, quando o percentual era de 45,1%, houve aumento de um ponto percentual, refor\u00e7ando a necessidade de ampliar pol\u00edticas p\u00fablicas de preven\u00e7\u00e3o e conscientiza\u00e7\u00e3o. O dado evidencia que dirigir sem habilita\u00e7\u00e3o vai al\u00e9m de uma infra\u00e7\u00e3o legal: representa riscos concretos \u00e0 vida, j\u00e1 que a CNH atesta preparo t\u00e9cnico, conhecimento das normas, capacidade de prevenir sinistros e uso correto de equipamentos de seguran\u00e7a.<\/p>\n<figure id=\"attachment_110394\" class=\"wp-caption alignnone\" aria-describedby=\"caption-attachment-110394\"><img loading=\"lazy\" decoding=\"async\" class=\"size-full wp-image-110394\" src=\"https:\/\/www.pi.gov.br\/wp-content\/uploads\/2026\/01\/Renovacao-CNH3.jpg\" sizes=\"auto, (max-width: 1536px) 100vw, 1536px\" srcset=\"https:\/\/www.pi.gov.br\/wp-content\/uploads\/2026\/01\/Renovacao-CNH3.jpg 1536w, https:\/\/www.pi.gov.br\/wp-content\/uploads\/2026\/01\/Renovacao-CNH3-300x200.jpg 300w, https:\/\/www.pi.gov.br\/wp-content\/uploads\/2026\/01\/Renovacao-CNH3-1024x683.jpg 1024w, https:\/\/www.pi.gov.br\/wp-content\/uploads\/2026\/01\/Renovacao-CNH3-768x512.jpg 768w\" alt=\"\" width=\"1536\" height=\"1024\" \/><figcaption id=\"caption-attachment-110394\" class=\"wp-caption-text\">Foto: Ascom Etipi<\/figcaption><\/figure>\n<p>A diretora-geral do Detran-PI, Luana Barradas, refor\u00e7a as a\u00e7\u00f5es educativas do \u00f3rg\u00e3o e destaca a import\u00e2ncia da idade m\u00ednima de 18 anos para a obten\u00e7\u00e3o da CNH no Brasil.<\/p>\n<p>\u201cEsse \u00e9 um assunto que o Detran-PI vem trabalhando exaustivamente nos \u00faltimos anos. Fazemos campanhas de conscientiza\u00e7\u00e3o, blitz educativas, al\u00e9m de contarmos com o apoio da Pol\u00edcia Militar na fiscaliza\u00e7\u00e3o. S\u00f3 \u00e9 poss\u00edvel tirar a CNH a partir dos 18 anos porque a legisla\u00e7\u00e3o brasileira entende que somente a partir dessa idade a pessoa \u00e9 capaz de compreender os riscos \u00e0 pr\u00f3pria vida e \u00e0 de terceiros, al\u00e9m de poder ter responsabilidade jur\u00eddica completa\u201d, afirma Luana Barradas.<\/p>\n<figure id=\"attachment_73396\" class=\"wp-caption alignnone\" aria-describedby=\"caption-attachment-73396\"><img loading=\"lazy\" decoding=\"async\" class=\"size-full wp-image-73396\" src=\"https:\/\/www.pi.gov.br\/wp-content\/uploads\/2025\/08\/Whats_App_Image_2023_10_10_at_13_56_14_a9474fd980-1024x665-2.jpeg\" sizes=\"auto, (max-width: 1024px) 100vw, 1024px\" srcset=\"https:\/\/www.pi.gov.br\/wp-content\/uploads\/2025\/08\/Whats_App_Image_2023_10_10_at_13_56_14_a9474fd980-1024x665-2.jpeg 1024w, https:\/\/www.pi.gov.br\/wp-content\/uploads\/2025\/08\/Whats_App_Image_2023_10_10_at_13_56_14_a9474fd980-1024x665-2-300x195.jpeg 300w, https:\/\/www.pi.gov.br\/wp-content\/uploads\/2025\/08\/Whats_App_Image_2023_10_10_at_13_56_14_a9474fd980-1024x665-2-768x499.jpeg 768w\" alt=\"\" width=\"1024\" height=\"665\" \/><figcaption id=\"caption-attachment-73396\" class=\"wp-caption-text\">Foto: Ascom Detran-PI<\/figcaption><\/figure>\n<p>A gestora destaca ainda que conduzir um ve\u00edculo exige mais do que habilidade pr\u00e1tica, envolvendo tamb\u00e9m maturidade emocional, responsabilidade legal e capacidade de tomada de decis\u00e3o em situa\u00e7\u00f5es cr\u00edticas. Segundo ela, jovens condutores tendem a estar mais expostos a comportamentos de risco, impulsividade e menor percep\u00e7\u00e3o de perigo, fatores que podem aumentar significativamente as chances de sinistros.<\/p>\n<p>O IBGE mostra ainda que Teresina apresentou percentual inferior \u00e0 m\u00e9dia estadual, com 33,9% dos adolescentes relatando j\u00e1 ter conduzido ve\u00edculos. Ainda assim, o \u00edndice foi o quarto maior entre as capitais brasileiras. O levantamento tamb\u00e9m mostra desigualdades importantes: entre os meninos, 55% disseram j\u00e1 ter dirigido, contra 37,5% entre as meninas. Nas escolas p\u00fablicas, o percentual chegou a 48,1%, enquanto nas privadas ficou em 31,8%.<\/p>\n<p>&nbsp;<\/p>\n<p>Fonte: Portal pi.Gov.<br \/>\nConfira esta e outras mat\u00e9rias na \u00edntegra pelo link: https:\/\/www.pi.gov.br\/detran-pi-amplia-acoes-de-educacao-no-transito-para-reduzir-indices-de-adolescentes-dirigindo-sem-cnh-no-estado\/<\/p>\n","protected":false},"excerpt":{"rendered":"<p>Entre as principais iniciativas est\u00e3o o projeto Ciranda Educativa e a CNH Social Estudantil. &nbsp; O Departamento Estadual de Tr\u00e2nsito do Piau\u00ed (Detran-PI) ampliou as a\u00e7\u00f5es educativas e de forma\u00e7\u00e3o cidad\u00e3 voltadas \u00e0 conscientiza\u00e7\u00e3o de crian\u00e7as, adolescentes e jovens sobre a import\u00e2ncia do respeito \u00e0s leis de tr\u00e2nsito. Entre as principais iniciativas est\u00e3o o projeto [&hellip;]<\/p>\n","protected":false},"author":3,"featured_media":21087,"comment_status":"open","ping_status":"open","sticky":false,"template":"","format":"standard","meta":{"om_disable_all_campaigns":false,"_monsterinsights_skip_tracking":false,"_monsterinsights_sitenote_active":false,"_monsterinsights_sitenote_note":"","_monsterinsights_sitenote_category":0,"footnotes":""},"categories":[33],"tags":[],"class_list":["post-21084","post","type-post","status-publish","format-standard","has-post-thumbnail","hentry","category-piaui"],"jetpack_featured_media_url":"https:\/\/fatoelado.com\/wp-content\/uploads\/2026\/04\/Renovacao-CNH3.jpg","_links":{"self":[{"href":"https:\/\/fatoelado.com\/index.php?rest_route=\/wp\/v2\/posts\/21084","targetHints":{"allow":["GET"]}}],"collection":[{"href":"https:\/\/fatoelado.com\/index.php?rest_route=\/wp\/v2\/posts"}],"about":[{"href":"https:\/\/fatoelado.com\/index.php?rest_route=\/wp\/v2\/types\/post"}],"author":[{"embeddable":true,"href":"https:\/\/fatoelado.com\/index.php?rest_route=\/wp\/v2\/users\/3"}],"replies":[{"embeddable":true,"href":"https:\/\/fatoelado.com\/index.php?rest_route=%2Fwp%2Fv2%2Fcomments&post=21084"}],"version-history":[{"count":1,"href":"https:\/\/fatoelado.com\/index.php?rest_route=\/wp\/v2\/posts\/21084\/revisions"}],"predecessor-version":[{"id":21088,"href":"https:\/\/fatoelado.com\/index.php?rest_route=\/wp\/v2\/posts\/21084\/revisions\/21088"}],"wp:featuredmedia":[{"embeddable":true,"href":"https:\/\/fatoelado.com\/index.php?rest_route=\/wp\/v2\/media\/21087"}],"wp:attachment":[{"href":"https:\/\/fatoelado.com\/index.php?rest_route=%2Fwp%2Fv2%2Fmedia&parent=21084"}],"wp:term":[{"taxonomy":"category","embeddable":true,"href":"https:\/\/fatoelado.com\/index.php?rest_route=%2Fwp%2Fv2%2Fcategories&post=21084"},{"taxonomy":"post_tag","embeddable":true,"href":"https:\/\/fatoelado.com\/index.php?rest_route=%2Fwp%2Fv2%2Ftags&post=21084"}],"curies":[{"name":"wp","href":"https:\/\/api.w.org\/{rel}","templated":true}]}}