{"id":21077,"date":"2026-04-30T11:53:00","date_gmt":"2026-04-30T14:53:00","guid":{"rendered":"https:\/\/fatoelado.com\/?p=21077"},"modified":"2026-04-30T11:53:00","modified_gmt":"2026-04-30T14:53:00","slug":"dificuldade-para-enxergar-pode-indicar-problema-grave","status":"publish","type":"post","link":"https:\/\/fatoelado.com\/?p=21077","title":{"rendered":"Dificuldade para enxergar pode indicar problema grave"},"content":{"rendered":"<p><img decoding=\"async\" class=\"aligncenter\" src=\"https:\/\/cidadeverde.com\/assets\/uploads\/colecoes\/2\/2025\/10\/glaucoma_olho_vis%C3%A3o.jpg\" alt=\"glaucoma_olho_vis\u00e3o.jpg\" \/><\/p>\n<p>Com a reta final de abril, m\u00eas dedicado \u00e0 campanha Abril Marrom, iniciativa voltada \u00e0 conscientiza\u00e7\u00e3o sobre a preven\u00e7\u00e3o da cegueira e reabilita\u00e7\u00e3o visual, um alerta importante ganha for\u00e7a: altera\u00e7\u00f5es visuais comuns, quando negligenciadas, podem comprometer seriamente a qualidade de vida e at\u00e9 levar \u00e0 perda permanente da vis\u00e3o. Entre essas condi\u00e7\u00f5es est\u00e3o os chamados erros refrativos, que ocorrem quando a luz n\u00e3o \u00e9 corretamente focada na retina, estrutura localizada no fundo do olho respons\u00e1vel por formar as imagens.<\/p>\n<p>\u201cErros refrativos ocorrem quando a luz n\u00e3o \u00e9 focalizada corretamente na retina, resultando em vis\u00e3o emba\u00e7ada. Os principais s\u00e3o miopia, hipermetropia e astigmatismo. Apesar de, na maioria dos casos, serem facilmente corrigidos com \u00f3culos, lentes de contato ou cirurgia, continuam sendo uma das maiores causas de baixa de vis\u00e3o no mundo devido \u00e0 falta de acesso a diagn\u00f3stico, corre\u00e7\u00e3o adequada e acompanhamento oftalmol\u00f3gico\u201d, explica o Dr. Pedro Soriano, oftalmologista.<\/p>\n<p>Mesmo sendo considerados quadros comuns, essas altera\u00e7\u00f5es podem evoluir para situa\u00e7\u00f5es mais delicadas. \u201cEmbora geralmente benignos, esses erros podem se tornar mais preocupantes em algumas situa\u00e7\u00f5es. A miopia elevada, por exemplo, aumenta o risco de descolamento de retina, glaucoma e degenera\u00e7\u00e3o macular. J\u00e1 a hipermetropia alta em crian\u00e7as pode levar a estrabismo, que \u00e9 o desalinhamento dos olhos, e ambliopia, conhecida como olho pregui\u00e7oso. O astigmatismo em graus elevados ou irregulares tamb\u00e9m pode estar associado a doen\u00e7as como o ceratocone, que afina e deforma a c\u00f3rnea\u201d, detalha o especialista.<\/p>\n<p>O risco de complica\u00e7\u00f5es mais s\u00e9rias existe, principalmente quando n\u00e3o h\u00e1 corre\u00e7\u00e3o adequada. \u201cErros refrativos n\u00e3o corrigidos podem levar \u00e0 ambliopia quando ocorrem na inf\u00e2ncia, causando perda visual irrevers\u00edvel se n\u00e3o tratados precocemente. Al\u00e9m disso, a miopia alta est\u00e1 associada a doen\u00e7as que podem evoluir para cegueira\u201d, alerta o Dr. Pedro Soriano. Ele destaca que alguns sinais devem servir de alerta para buscar avalia\u00e7\u00e3o m\u00e9dica. \u201cVis\u00e3o emba\u00e7ada para longe ou perto, dor de cabe\u00e7a frequente, cansa\u00e7o ocular, dificuldade para dirigir ou ler e a necessidade de apertar os olhos para focar s\u00e3o ind\u00edcios claros de que algo n\u00e3o vai bem\u201d, afirma.<\/p>\n<p>Entre o p\u00fablico infantil, a aten\u00e7\u00e3o precisa ser redobrada. \u201cNas crian\u00e7as, os erros refrativos podem comprometer diretamente o aprendizado e o desenvolvimento cognitivo. Dificuldade para enxergar o quadro, desaten\u00e7\u00e3o, baixo rendimento escolar e at\u00e9 altera\u00e7\u00f5es comportamentais podem estar relacionados \u00e0 vis\u00e3o n\u00e3o corrigida. Al\u00e9m disso, h\u00e1 risco de ambliopia se o problema n\u00e3o for identificado precocemente\u201d, ressalta o m\u00e9dico.<\/p>\n<p>O uso inadequado de \u00f3culos ou a falta de atualiza\u00e7\u00e3o da prescri\u00e7\u00e3o tamb\u00e9m impacta o dia a dia. \u201cN\u00e3o agrava diretamente o grau, mas pode causar desconforto visual, dores de cabe\u00e7a, queda de rendimento e prejudicar a qualidade de vida. Em crian\u00e7as, a corre\u00e7\u00e3o inadequada pode interferir no desenvolvimento visual adequado\u201d, pontua. Outro fator que vem sendo observado pela ci\u00eancia \u00e9 o aumento do tempo em frente \u00e0s telas. \u201cEstudos mostram associa\u00e7\u00e3o entre atividades de perto, como uso de celulares e computadores, e o crescimento da miopia, especialmente em crian\u00e7as. A redu\u00e7\u00e3o do tempo ao ar livre tamb\u00e9m contribui, enquanto a exposi\u00e7\u00e3o \u00e0 luz natural parece ter efeito protetor\u201d, explica.<\/p>\n<p>Apesar de a corre\u00e7\u00e3o ser simples na maioria dos casos, o diagn\u00f3stico ainda ocorre tardiamente para muitas pessoas. \u201cA falta de percep\u00e7\u00e3o do problema, o acesso limitado a consultas oftalmol\u00f3gicas, a aus\u00eancia de triagem visual em escolas e a adapta\u00e7\u00e3o gradual \u00e0 vis\u00e3o ruim acabam atrasando a identifica\u00e7\u00e3o\u201d, afirma. O oftalmologista refor\u00e7a que, al\u00e9m de \u00f3culos e lentes de contato, existem outras alternativas terap\u00eauticas. \u201cDependendo do caso, podemos indicar cirurgias refrativas, como LASIK e PRK, lentes especiais para controle da miopia e at\u00e9 col\u00edrios espec\u00edficos, como a atropina em baixa dose, para crian\u00e7as. O acompanhamento regular \u00e9 essencial para prevenir complica\u00e7\u00f5es\u201d, acrescenta.<\/p>\n<p>A mensagem central da campanha \u00e9 direta e necess\u00e1ria. \u201cEnxergar bem \u00e9 essencial para qualidade de vida e desenvolvimento. Problemas de vis\u00e3o t\u00eam solu\u00e7\u00e3o na maioria dos casos, mas dependem de diagn\u00f3stico precoce. Consultas regulares com o m\u00e9dico oftalmologista s\u00e3o fundamentais para prevenir a baixa de vis\u00e3o e evitar complica\u00e7\u00f5es mais graves\u201d, finaliza o Dr. Pedro Soriano.<\/p>\n<p>&nbsp;<\/p>\n<p>Fonte: Portal CidadeVerde.<br \/>\nConfira esta e outras mat\u00e9rias na \u00edntegra pelo link: https:\/\/cidadeverde.com\/noticias\/455184\/dificuldade-para-enxergar-pode-indicar-problema-grave<\/p>\n","protected":false},"excerpt":{"rendered":"<p>Com a reta final de abril, m\u00eas dedicado \u00e0 campanha Abril Marrom, iniciativa voltada \u00e0 conscientiza\u00e7\u00e3o sobre a preven\u00e7\u00e3o da cegueira e reabilita\u00e7\u00e3o visual, um alerta importante ganha for\u00e7a: altera\u00e7\u00f5es visuais comuns, quando negligenciadas, podem comprometer seriamente a qualidade de vida e at\u00e9 levar \u00e0 perda permanente da vis\u00e3o. Entre essas condi\u00e7\u00f5es est\u00e3o os chamados [&hellip;]<\/p>\n","protected":false},"author":3,"featured_media":21078,"comment_status":"open","ping_status":"open","sticky":false,"template":"","format":"standard","meta":{"om_disable_all_campaigns":false,"_monsterinsights_skip_tracking":false,"_monsterinsights_sitenote_active":false,"_monsterinsights_sitenote_note":"","_monsterinsights_sitenote_category":0,"footnotes":""},"categories":[42],"tags":[],"class_list":["post-21077","post","type-post","status-publish","format-standard","has-post-thumbnail","hentry","category-saude"],"jetpack_featured_media_url":"https:\/\/fatoelado.com\/wp-content\/uploads\/2026\/04\/glaucoma_olho_visao.jpg","_links":{"self":[{"href":"https:\/\/fatoelado.com\/index.php?rest_route=\/wp\/v2\/posts\/21077","targetHints":{"allow":["GET"]}}],"collection":[{"href":"https:\/\/fatoelado.com\/index.php?rest_route=\/wp\/v2\/posts"}],"about":[{"href":"https:\/\/fatoelado.com\/index.php?rest_route=\/wp\/v2\/types\/post"}],"author":[{"embeddable":true,"href":"https:\/\/fatoelado.com\/index.php?rest_route=\/wp\/v2\/users\/3"}],"replies":[{"embeddable":true,"href":"https:\/\/fatoelado.com\/index.php?rest_route=%2Fwp%2Fv2%2Fcomments&post=21077"}],"version-history":[{"count":1,"href":"https:\/\/fatoelado.com\/index.php?rest_route=\/wp\/v2\/posts\/21077\/revisions"}],"predecessor-version":[{"id":21079,"href":"https:\/\/fatoelado.com\/index.php?rest_route=\/wp\/v2\/posts\/21077\/revisions\/21079"}],"wp:featuredmedia":[{"embeddable":true,"href":"https:\/\/fatoelado.com\/index.php?rest_route=\/wp\/v2\/media\/21078"}],"wp:attachment":[{"href":"https:\/\/fatoelado.com\/index.php?rest_route=%2Fwp%2Fv2%2Fmedia&parent=21077"}],"wp:term":[{"taxonomy":"category","embeddable":true,"href":"https:\/\/fatoelado.com\/index.php?rest_route=%2Fwp%2Fv2%2Fcategories&post=21077"},{"taxonomy":"post_tag","embeddable":true,"href":"https:\/\/fatoelado.com\/index.php?rest_route=%2Fwp%2Fv2%2Ftags&post=21077"}],"curies":[{"name":"wp","href":"https:\/\/api.w.org\/{rel}","templated":true}]}}