{"id":21070,"date":"2026-04-30T11:49:50","date_gmt":"2026-04-30T14:49:50","guid":{"rendered":"https:\/\/fatoelado.com\/?p=21070"},"modified":"2026-04-30T11:49:50","modified_gmt":"2026-04-30T14:49:50","slug":"mec-cria-sisu-para-ocupar-vagas-remanescentes-no-ensino-superior","status":"publish","type":"post","link":"https:\/\/fatoelado.com\/?p=21070","title":{"rendered":"MEC cria Sisu+ para ocupar vagas remanescentes no ensino superior"},"content":{"rendered":"<div id=\"post-body-news\" class=\"post-body\">\n<p><img decoding=\"async\" class=\"aligncenter\" src=\"https:\/\/cidadeverde.com\/assets\/uploads\/colecoes\/2\/2025\/12\/photo_5068877135698660173_x.jpg\" alt=\"sisu\" \/><\/p>\n<p>O Minist\u00e9rio da Educa\u00e7\u00e3o publicou na quarta-feira (29) o edital que estabelece uma etapa complementar do Sistema de Sele\u00e7\u00e3o Unificada (Sisu) para 2026. A nova fase, chamada Sisu+, ser\u00e1 usada para preencher vagas que n\u00e3o foram ocupadas ap\u00f3s o encerramento da lista de espera e de processos seletivos pr\u00f3prios das institui\u00e7\u00f5es.<\/p>\n<p>Segundo o MEC, a iniciativa, in\u00e9dita no programa, tem como objetivo ampliar a ocupa\u00e7\u00e3o das vagas dispon\u00edveis nas universidades p\u00fablicas. Em 2026, o minist\u00e9rio tamb\u00e9m passou a permitir o uso das notas das tr\u00eas \u00faltimas edi\u00e7\u00f5es do Exame Nacional do Ensino M\u00e9dio (Enem), de 2023, 2024 e 2025.<\/p>\n<p>Poder\u00e3o participar apenas estudantes que j\u00e1 tenham feito o Sisu 2026. A sele\u00e7\u00e3o ser\u00e1 feita com base nessas edi\u00e7\u00f5es do Enem, com uso autom\u00e1tico da melhor m\u00e9dia para o curso escolhido. O sistema desconsidera provas em que o candidato tenha participado como treineiro ou zerado a reda\u00e7\u00e3o.<\/p>\n<p>No momento da inscri\u00e7\u00e3o no Sisu+, o candidato poder\u00e1 atualizar informa\u00e7\u00f5es socioecon\u00f4micas, alterar a modalidade de concorr\u00eancia e escolher at\u00e9 duas op\u00e7\u00f5es de curso, independentemente das escolhas feitas na fase regular. Algumas institui\u00e7\u00f5es tamb\u00e9m poder\u00e3o exigir notas m\u00ednimas em \u00e1reas espec\u00edficas do Enem para determinados cursos.<\/p>\n<p>De acordo com o Minist\u00e9rio da Educa\u00e7\u00e3o, o Sisu+ n\u00e3o configura um novo processo seletivo, mas uma etapa extra para ocupar as vagas remanescentes e para a amplia\u00e7\u00e3o do acesso ao ensino superior p\u00fablico. O cronograma de inscri\u00e7\u00e3o dos candidatos e a divulga\u00e7\u00e3o dos resultados ser\u00e3o detalhados em edital espec\u00edfico.<\/p>\n<h2><strong>Sobre a ades\u00e3o<\/strong><\/h2>\n<p>Neste primeiro momento, a ades\u00e3o \u00e9 voltada \u00e0s institui\u00e7\u00f5es p\u00fablicas interessadas em participar do Sisu+. O prazo para para que as universidades fa\u00e7am a inscri\u00e7\u00e3o vai de 4 a 29 de maio, por meio do sistema do MEC.<\/p>\n<p>A participa\u00e7\u00e3o \u00e9 restrita a universidades e institutos que j\u00e1 tenham aderido \u00e0 etapa regular do Sisu 2026 e que disponham de vagas oficialmente n\u00e3o preenchidas, como em casos de desist\u00eancia ou n\u00e3o confirma\u00e7\u00e3o de matr\u00edcula.<\/p>\n<\/div>\n<p>&nbsp;<\/p>\n<p>Fonte: Portal CidadeVerde.<br \/>\nConfira esta e outras mat\u00e9rias na \u00edntegra pelo link: https:\/\/cidadeverde.com\/noticias\/455176\/mec-cria-sisu-para-ocupar-vagas-remanescentes-no-ensino-superior<\/p>\n","protected":false},"excerpt":{"rendered":"<p>O Minist\u00e9rio da Educa\u00e7\u00e3o publicou na quarta-feira (29) o edital que estabelece uma etapa complementar do Sistema de Sele\u00e7\u00e3o Unificada (Sisu) para 2026. A nova fase, chamada Sisu+, ser\u00e1 usada para preencher vagas que n\u00e3o foram ocupadas ap\u00f3s o encerramento da lista de espera e de processos seletivos pr\u00f3prios das institui\u00e7\u00f5es. Segundo o MEC, a [&hellip;]<\/p>\n","protected":false},"author":3,"featured_media":21071,"comment_status":"open","ping_status":"open","sticky":false,"template":"","format":"standard","meta":{"om_disable_all_campaigns":false,"_monsterinsights_skip_tracking":false,"_monsterinsights_sitenote_active":false,"_monsterinsights_sitenote_note":"","_monsterinsights_sitenote_category":0,"footnotes":""},"categories":[32,47],"tags":[],"class_list":["post-21070","post","type-post","status-publish","format-standard","has-post-thumbnail","hentry","category-educacao","category-nacionais"],"jetpack_featured_media_url":"https:\/\/fatoelado.com\/wp-content\/uploads\/2026\/04\/photo_5068877135698660173_x.jpg","_links":{"self":[{"href":"https:\/\/fatoelado.com\/index.php?rest_route=\/wp\/v2\/posts\/21070","targetHints":{"allow":["GET"]}}],"collection":[{"href":"https:\/\/fatoelado.com\/index.php?rest_route=\/wp\/v2\/posts"}],"about":[{"href":"https:\/\/fatoelado.com\/index.php?rest_route=\/wp\/v2\/types\/post"}],"author":[{"embeddable":true,"href":"https:\/\/fatoelado.com\/index.php?rest_route=\/wp\/v2\/users\/3"}],"replies":[{"embeddable":true,"href":"https:\/\/fatoelado.com\/index.php?rest_route=%2Fwp%2Fv2%2Fcomments&post=21070"}],"version-history":[{"count":1,"href":"https:\/\/fatoelado.com\/index.php?rest_route=\/wp\/v2\/posts\/21070\/revisions"}],"predecessor-version":[{"id":21072,"href":"https:\/\/fatoelado.com\/index.php?rest_route=\/wp\/v2\/posts\/21070\/revisions\/21072"}],"wp:featuredmedia":[{"embeddable":true,"href":"https:\/\/fatoelado.com\/index.php?rest_route=\/wp\/v2\/media\/21071"}],"wp:attachment":[{"href":"https:\/\/fatoelado.com\/index.php?rest_route=%2Fwp%2Fv2%2Fmedia&parent=21070"}],"wp:term":[{"taxonomy":"category","embeddable":true,"href":"https:\/\/fatoelado.com\/index.php?rest_route=%2Fwp%2Fv2%2Fcategories&post=21070"},{"taxonomy":"post_tag","embeddable":true,"href":"https:\/\/fatoelado.com\/index.php?rest_route=%2Fwp%2Fv2%2Ftags&post=21070"}],"curies":[{"name":"wp","href":"https:\/\/api.w.org\/{rel}","templated":true}]}}