{"id":21049,"date":"2026-04-30T05:46:11","date_gmt":"2026-04-30T08:46:11","guid":{"rendered":"https:\/\/fatoelado.com\/?p=21049"},"modified":"2026-04-29T22:52:57","modified_gmt":"2026-04-30T01:52:57","slug":"senadores-do-piaui-comentam-rejeicao-de-jorge-messias-ao-stf-apos-votacao","status":"publish","type":"post","link":"https:\/\/fatoelado.com\/?p=21049","title":{"rendered":"Senadores do Piau\u00ed comentam rejei\u00e7\u00e3o de Jorge Messias ao STF ap\u00f3s vota\u00e7\u00e3o"},"content":{"rendered":"<p><img decoding=\"async\" class=\"aligncenter\" src=\"https:\/\/cidadeverde.com\/assets\/uploads\/colecoes\/2\/2026\/04\/55238897763_314bc05a8f_o.jpg\" alt=\"jorge messias\" \/><\/p>\n<p data-end=\"534\" data-start=\"177\">A rejei\u00e7\u00e3o do nome de\u00a0<span class=\"hover:entity-accent entity-underline inline cursor-pointer align-baseline\"><span class=\"whitespace-normal\">Jorge Messias<\/span><\/span>\u00a0ao Supremo Tribunal Federal (STF), nesta quarta-feira (29), repercutiu entre senadores do Piau\u00ed, que acompanharam a vota\u00e7\u00e3o e se posicionaram sobre o resultado no plen\u00e1rio. O indicado do presidente<span class=\"hover:entity-accent entity-underline inline cursor-pointer align-baseline\">\u00a0Lula<\/span>\u00a0recebeu 34 votos favor\u00e1veis e 42 contr\u00e1rios, abaixo dos 41 necess\u00e1rios para aprova\u00e7\u00e3o.<\/p>\n<p data-end=\"836\" data-start=\"536\">A decis\u00e3o,\u00a0<strong>considerada in\u00e9dita na hist\u00f3ria recente do pa\u00eds<\/strong>, representa um rev\u00e9s para o governo federal e obriga o presidente Lula a indicar um novo nome para a vaga na Corte.<\/p>\n<p data-end=\"836\" data-start=\"536\">Os senadores piauienses destacaram tanto o impacto pol\u00edtico da rejei\u00e7\u00e3o quanto o cen\u00e1rio de tens\u00e3o entre Executivo e Legislativo.<\/p>\n<p data-end=\"836\" data-start=\"536\"><strong>O\u00a0senador Ciro Nogueira (Progressistas)\u00a0<\/strong>afirmou que a vota\u00e7\u00e3o no Senado que rejeitou a indica\u00e7\u00e3o de Jorge Messias para o Supremo Tribunal Federal representa bem mais que uma derrota do governo no parlamento.<\/p>\n<blockquote><p>\u201c\u00c9 o fim do governo\u201d, avalia Ciro, que votou a favor da indica\u00e7\u00e3o e fez elogios ao advogado geral da Uni\u00e3o. \u201cUm homem de bem e competente\u201d, afirma.<\/p><\/blockquote>\n<p>O\u00a0<strong>senador Marcelo Castro (MDB) q<\/strong>ue integra a base governista, lamentou a decis\u00e3o e admite desgaste do governo na rela\u00e7\u00e3o com o Congresso Nacional.<\/p>\n<p><em>Foto: Renato Andrade\/Cidadeverde.com<\/em><\/p>\n<p><img decoding=\"async\" src=\"https:\/\/cidadeverde.com\/assets\/uploads\/colecoes\/2\/2026\/04\/whatsapp_image_2026-04-09_at_12_11_46.jpeg\" alt=\"Ciro Nogueira\" \/><\/p>\n<h2><strong>\u201cSabemos quem promoveu tudo isso\u201d, diz Jorge Messias\u00a0<\/strong><\/h2>\n<p>O advogado-geral da Uni\u00e3o, Jorge Messias, afirmou que sofreu um \u201cprocesso de desconstru\u00e7\u00e3o\u201d durante a tramita\u00e7\u00e3o de sua indica\u00e7\u00e3o ao Supremo Tribunal Federal (STF). A declara\u00e7\u00e3o foi dada ap\u00f3s o Senado rejeitar seu nome para a Corte.<\/p>\n<blockquote><p>\u201cPassei cinco meses por um processo de desconstru\u00e7\u00e3o da minha imagem. Toda sorte de mentiras para me desconstruir ocorreu. N\u00f3s sabemos quem promoveu tudo isso\u201d, afirmou.<\/p><\/blockquote>\n<p data-end=\"1176\" data-start=\"838\">Mais cedo, Messias havia sido aprovado na Comiss\u00e3o de Constitui\u00e7\u00e3o e Justi\u00e7a (CCJ) ap\u00f3s uma sabatina de mais de oito horas, com placar apertado de 16 votos a 11. Durante a sess\u00e3o, o advogado-geral da Uni\u00e3o defendeu o equil\u00edbrio entre os Poderes e buscou sinalizar posi\u00e7\u00f5es a diferentes correntes pol\u00edticas.<\/p>\n<h2 data-end=\"1176\" data-start=\"838\"><strong>&#8220;Piau\u00ed me deu r\u00e9gua e compasso&#8221;<\/strong><\/h2>\n<p data-end=\"1390\" data-start=\"1178\">Tamb\u00e9m em sabatina, a rela\u00e7\u00e3o de Messias com o estado do Piau\u00ed foi um dos pontos destacados.\u00a0Jorge Messias destacou sua vida escolar no Piau\u00ed ao defender sua aprova\u00e7\u00e3o para o cargo de ministro do STF. Filho de pernambucanos, o advogado-geral da Uni\u00e3o afirmou que tamb\u00e9m se considera piauiense, j\u00e1 que morou e estudou em Teresina at\u00e9 os seus 17 anos.<\/p>\n<blockquote><p>\u201cVenho de dois estados, porque tenho orgulho de ter nascido em Pernambuco, mas tido a minha vida escolar no Piau\u00ed, no estado do senador Marcelo Castro e do senador Wellington Dias. Estado que me acolheu com muito carinho. Esse estado me deu r\u00e9gua e compasso, foi onde tive minha vida escolar. Meus pais eram humildes, mas nunca deixaram de investir na educa\u00e7\u00e3o\u201d, declarou.<\/p><\/blockquote>\n<p data-end=\"1496\" data-start=\"1349\">A indica\u00e7\u00e3o de Messias ao STF havia sido anunciada pelo governo federal h\u00e1 cerca de cinco meses e enviada formalmente ao Senado no in\u00edcio de abril.<\/p>\n<p data-end=\"1695\" data-start=\"1498\">O Senado n\u00e3o rejeitava indica\u00e7\u00f5es para o STF desde o fim do s\u00e9culo 19. Segundo registros da Casa, as \u00faltimas rejei\u00e7\u00f5es ocorreram em 1894, durante o governo de Floriano Peixoto.<\/p>\n<p data-end=\"1695\" data-start=\"1498\">\n<p data-end=\"1695\" data-start=\"1498\">Fonte: Portal CidadeVerde.<br \/>\nConfira esta e outras mat\u00e9rias na \u00edntegra pelo link: https:\/\/cidadeverde.com\/noticias\/455161\/senadores-do-piaui-comentam-rejeicao-de-jorge-messias-ao-stf-apos-votacao<\/p>\n","protected":false},"excerpt":{"rendered":"<p>A rejei\u00e7\u00e3o do nome de\u00a0Jorge Messias\u00a0ao Supremo Tribunal Federal (STF), nesta quarta-feira (29), repercutiu entre senadores do Piau\u00ed, que acompanharam a vota\u00e7\u00e3o e se posicionaram sobre o resultado no plen\u00e1rio. O indicado do presidente\u00a0Lula\u00a0recebeu 34 votos favor\u00e1veis e 42 contr\u00e1rios, abaixo dos 41 necess\u00e1rios para aprova\u00e7\u00e3o. A decis\u00e3o,\u00a0considerada in\u00e9dita na hist\u00f3ria recente do pa\u00eds, representa [&hellip;]<\/p>\n","protected":false},"author":3,"featured_media":21050,"comment_status":"open","ping_status":"open","sticky":false,"template":"","format":"standard","meta":{"om_disable_all_campaigns":false,"_monsterinsights_skip_tracking":false,"_monsterinsights_sitenote_active":false,"_monsterinsights_sitenote_note":"","_monsterinsights_sitenote_category":0,"footnotes":""},"categories":[33,30],"tags":[],"class_list":["post-21049","post","type-post","status-publish","format-standard","has-post-thumbnail","hentry","category-piaui","category-politica"],"jetpack_featured_media_url":"https:\/\/fatoelado.com\/wp-content\/uploads\/2026\/04\/55238897763_314bc05a8f_o-scaled.jpg","_links":{"self":[{"href":"https:\/\/fatoelado.com\/index.php?rest_route=\/wp\/v2\/posts\/21049","targetHints":{"allow":["GET"]}}],"collection":[{"href":"https:\/\/fatoelado.com\/index.php?rest_route=\/wp\/v2\/posts"}],"about":[{"href":"https:\/\/fatoelado.com\/index.php?rest_route=\/wp\/v2\/types\/post"}],"author":[{"embeddable":true,"href":"https:\/\/fatoelado.com\/index.php?rest_route=\/wp\/v2\/users\/3"}],"replies":[{"embeddable":true,"href":"https:\/\/fatoelado.com\/index.php?rest_route=%2Fwp%2Fv2%2Fcomments&post=21049"}],"version-history":[{"count":1,"href":"https:\/\/fatoelado.com\/index.php?rest_route=\/wp\/v2\/posts\/21049\/revisions"}],"predecessor-version":[{"id":21051,"href":"https:\/\/fatoelado.com\/index.php?rest_route=\/wp\/v2\/posts\/21049\/revisions\/21051"}],"wp:featuredmedia":[{"embeddable":true,"href":"https:\/\/fatoelado.com\/index.php?rest_route=\/wp\/v2\/media\/21050"}],"wp:attachment":[{"href":"https:\/\/fatoelado.com\/index.php?rest_route=%2Fwp%2Fv2%2Fmedia&parent=21049"}],"wp:term":[{"taxonomy":"category","embeddable":true,"href":"https:\/\/fatoelado.com\/index.php?rest_route=%2Fwp%2Fv2%2Fcategories&post=21049"},{"taxonomy":"post_tag","embeddable":true,"href":"https:\/\/fatoelado.com\/index.php?rest_route=%2Fwp%2Fv2%2Ftags&post=21049"}],"curies":[{"name":"wp","href":"https:\/\/api.w.org\/{rel}","templated":true}]}}