{"id":21046,"date":"2026-04-29T13:33:47","date_gmt":"2026-04-29T16:33:47","guid":{"rendered":"https:\/\/fatoelado.com\/?p=21046"},"modified":"2026-04-29T13:33:47","modified_gmt":"2026-04-29T16:33:47","slug":"governador-destaca-impacto-do-shopping-da-praca-pedro-ii-para-retomada-economica-do-centro-de-teresina","status":"publish","type":"post","link":"https:\/\/fatoelado.com\/?p=21046","title":{"rendered":"Governador destaca impacto do Shopping da Pra\u00e7a Pedro II para retomada econ\u00f4mica do Centro de Teresina"},"content":{"rendered":"<h2 class=\"elementor-heading-title elementor-size-default\" style=\"text-align: center;\">O empreendimento conta com dois pavimentos, fortalecendo o com\u00e9rcio local e ampliando oportunidades para empreendedores.<\/h2>\n<p>&nbsp;<\/p>\n<p>O governador Rafael Fonteles participou, nesta quarta-feira (29), da inaugura\u00e7\u00e3o do Shopping da Pra\u00e7a Pedro II, no Centro de Teresina. O empreendimento conta com dois pavimentos e, nesta primeira etapa, disponibiliza 220 boxes distribu\u00eddos entre o t\u00e9rreo e o piso superior, fortalecendo o com\u00e9rcio local e ampliando oportunidades para empreendedores.<\/p>\n<p>Na oportunidade, o governador destacou o impacto do novo espa\u00e7o na economia da capital. \u201cEsse empreendimento mostra a for\u00e7a do com\u00e9rcio, dos empreendedores e do centro da nossa cidade. E claro, a melhoria da economia do nosso pa\u00eds, do nosso estado, da nossa cidade. Porque se tem mais gente apostando no com\u00e9rcio, \u00e9 porque o recurso est\u00e1 circulando, a economia est\u00e1 girando\u201d, afirmou Rafael, ressaltando a import\u00e2ncia dos pequenos e m\u00e9dios neg\u00f3cios na gera\u00e7\u00e3o de emprego e renda.<\/p>\n<figure id=\"attachment_134545\" class=\"wp-caption alignnone\" aria-describedby=\"caption-attachment-134545\"><img loading=\"lazy\" decoding=\"async\" class=\"size-full wp-image-134545\" src=\"https:\/\/www.pi.gov.br\/wp-content\/uploads\/2026\/04\/Inauguracao-do-Shopping-da-Praca-Pedro-II-no-Centro-de-Teresina-gabriel-paulino-23.jpeg\" sizes=\"auto, (max-width: 1280px) 100vw, 1280px\" srcset=\"https:\/\/www.pi.gov.br\/wp-content\/uploads\/2026\/04\/Inauguracao-do-Shopping-da-Praca-Pedro-II-no-Centro-de-Teresina-gabriel-paulino-23.jpeg 1280w, https:\/\/www.pi.gov.br\/wp-content\/uploads\/2026\/04\/Inauguracao-do-Shopping-da-Praca-Pedro-II-no-Centro-de-Teresina-gabriel-paulino-23-300x200.jpeg 300w, https:\/\/www.pi.gov.br\/wp-content\/uploads\/2026\/04\/Inauguracao-do-Shopping-da-Praca-Pedro-II-no-Centro-de-Teresina-gabriel-paulino-23-1024x683.jpeg 1024w, https:\/\/www.pi.gov.br\/wp-content\/uploads\/2026\/04\/Inauguracao-do-Shopping-da-Praca-Pedro-II-no-Centro-de-Teresina-gabriel-paulino-23-768x512.jpeg 768w\" alt=\"\" width=\"1280\" height=\"854\" \/><figcaption id=\"caption-attachment-134545\" class=\"wp-caption-text\">Foto: Gabriel Paulino<\/figcaption><\/figure>\n<p>O diretor executivo do empreendimento, Fl\u00e1vio Cunha, detalhou a estrutura e o funcionamento do shopping. \u201cN\u00f3s temos hoje lojistas de diversos setores, como moda, tecnologia, servi\u00e7os e artesanato. A expectativa \u00e9 receber de duas a tr\u00eas mil pessoas por dia\u201d, explicou o empres\u00e1rio.<\/p>\n<p>Ele destacou ainda que o espa\u00e7o conta com estrutura moderna, incluindo climatiza\u00e7\u00e3o, elevador e escada rolante, al\u00e9m de servi\u00e7os p\u00fablicos dispon\u00edveis para a popula\u00e7\u00e3o.<\/p>\n<figure id=\"attachment_134559\" class=\"wp-caption alignnone\" aria-describedby=\"caption-attachment-134559\"><img loading=\"lazy\" decoding=\"async\" class=\"size-full wp-image-134559\" src=\"https:\/\/www.pi.gov.br\/wp-content\/uploads\/2026\/04\/Inauguracao-do-Shopping-da-Praca-Pedro-II-no-Centro-de-Teresina-francisco-clementino-1.jpeg\" sizes=\"auto, (max-width: 1280px) 100vw, 1280px\" srcset=\"https:\/\/www.pi.gov.br\/wp-content\/uploads\/2026\/04\/Inauguracao-do-Shopping-da-Praca-Pedro-II-no-Centro-de-Teresina-francisco-clementino-1.jpeg 1280w, https:\/\/www.pi.gov.br\/wp-content\/uploads\/2026\/04\/Inauguracao-do-Shopping-da-Praca-Pedro-II-no-Centro-de-Teresina-francisco-clementino-1-300x169.jpeg 300w, https:\/\/www.pi.gov.br\/wp-content\/uploads\/2026\/04\/Inauguracao-do-Shopping-da-Praca-Pedro-II-no-Centro-de-Teresina-francisco-clementino-1-1024x576.jpeg 1024w, https:\/\/www.pi.gov.br\/wp-content\/uploads\/2026\/04\/Inauguracao-do-Shopping-da-Praca-Pedro-II-no-Centro-de-Teresina-francisco-clementino-1-768x432.jpeg 768w\" alt=\"\" width=\"1280\" height=\"720\" \/><figcaption id=\"caption-attachment-134559\" class=\"wp-caption-text\">Foto: Secom<\/figcaption><\/figure>\n<p>Entre os lojistas, a expectativa tamb\u00e9m \u00e9 positiva. A empreendedora Ana Vieira ressaltou a oportunidade de crescimento com a chegada do novo espa\u00e7o. \u201cO Shopping da Pra\u00e7a foi uma oportunidade de revitaliza\u00e7\u00e3o do Centro e a gente n\u00e3o podia perder. A venda j\u00e1 est\u00e1 acontecendo e a ideia \u00e9 crescer cada vez mais\u201d, disse a lojista.<\/p>\n<figure id=\"attachment_134561\" class=\"wp-caption alignnone\" aria-describedby=\"caption-attachment-134561\"><img loading=\"lazy\" decoding=\"async\" class=\"size-full wp-image-134561\" src=\"https:\/\/www.pi.gov.br\/wp-content\/uploads\/2026\/04\/Inauguracao-do-Shopping-da-Praca-Pedro-II-no-Centro-de-Teresina-francisco-clementino-3.jpeg\" sizes=\"auto, (max-width: 1280px) 100vw, 1280px\" srcset=\"https:\/\/www.pi.gov.br\/wp-content\/uploads\/2026\/04\/Inauguracao-do-Shopping-da-Praca-Pedro-II-no-Centro-de-Teresina-francisco-clementino-3.jpeg 1280w, https:\/\/www.pi.gov.br\/wp-content\/uploads\/2026\/04\/Inauguracao-do-Shopping-da-Praca-Pedro-II-no-Centro-de-Teresina-francisco-clementino-3-300x169.jpeg 300w, https:\/\/www.pi.gov.br\/wp-content\/uploads\/2026\/04\/Inauguracao-do-Shopping-da-Praca-Pedro-II-no-Centro-de-Teresina-francisco-clementino-3-1024x576.jpeg 1024w, https:\/\/www.pi.gov.br\/wp-content\/uploads\/2026\/04\/Inauguracao-do-Shopping-da-Praca-Pedro-II-no-Centro-de-Teresina-francisco-clementino-3-768x432.jpeg 768w\" alt=\"\" width=\"1280\" height=\"720\" \/><figcaption id=\"caption-attachment-134561\" class=\"wp-caption-text\">Foto: Secom<\/figcaption><\/figure>\n<p>J\u00e1 a empreendedora Juliane Rodrigues destacou a valoriza\u00e7\u00e3o dos produtos artesanais. \u201cA gente precisava desse momento no Centro da cidade. Aqui o cliente encontra produtos artesanais feitos com muito cuidado, e a expectativa \u00e9 muito boa\u201d, afirmou a lojista.<\/p>\n<p>&nbsp;<\/p>\n<figure id=\"attachment_134564\" class=\"wp-caption alignnone\" aria-describedby=\"caption-attachment-134564\"><img loading=\"lazy\" decoding=\"async\" class=\"size-full wp-image-134564\" src=\"https:\/\/www.pi.gov.br\/wp-content\/uploads\/2026\/04\/Inauguracao-do-Shopping-da-Praca-Pedro-II-no-Centro-de-Teresina-francisco-clementino-6.jpeg\" sizes=\"auto, (max-width: 1280px) 100vw, 1280px\" srcset=\"https:\/\/www.pi.gov.br\/wp-content\/uploads\/2026\/04\/Inauguracao-do-Shopping-da-Praca-Pedro-II-no-Centro-de-Teresina-francisco-clementino-6.jpeg 1280w, https:\/\/www.pi.gov.br\/wp-content\/uploads\/2026\/04\/Inauguracao-do-Shopping-da-Praca-Pedro-II-no-Centro-de-Teresina-francisco-clementino-6-300x169.jpeg 300w, https:\/\/www.pi.gov.br\/wp-content\/uploads\/2026\/04\/Inauguracao-do-Shopping-da-Praca-Pedro-II-no-Centro-de-Teresina-francisco-clementino-6-1024x576.jpeg 1024w, https:\/\/www.pi.gov.br\/wp-content\/uploads\/2026\/04\/Inauguracao-do-Shopping-da-Praca-Pedro-II-no-Centro-de-Teresina-francisco-clementino-6-768x432.jpeg 768w\" alt=\"\" width=\"1280\" height=\"720\" \/><figcaption id=\"caption-attachment-134564\" class=\"wp-caption-text\">Foto: Secom<\/figcaption><\/figure>\n<p>Para quem visita o espa\u00e7o, a proposta tamb\u00e9m chama aten\u00e7\u00e3o. O fashion designer Lutasi destacou a import\u00e2ncia do novo equipamento para a cidade. \u201c\u00c9 um movimento muito legal de descentraliza\u00e7\u00e3o do com\u00e9rcio. Ter um shopping no Centro, com estrutura, conforto e valorizando o artesanato piauiense, \u00e9 muito importante\u201d, comentou o artista.<\/p>\n<figure id=\"attachment_134566\" class=\"wp-caption alignnone\" aria-describedby=\"caption-attachment-134566\"><img loading=\"lazy\" decoding=\"async\" class=\"size-full wp-image-134566\" src=\"https:\/\/www.pi.gov.br\/wp-content\/uploads\/2026\/04\/Inauguracao-do-Shopping-da-Praca-Pedro-II-no-Centro-de-Teresina-francisco-clementino-8.jpeg\" sizes=\"auto, (max-width: 1280px) 100vw, 1280px\" srcset=\"https:\/\/www.pi.gov.br\/wp-content\/uploads\/2026\/04\/Inauguracao-do-Shopping-da-Praca-Pedro-II-no-Centro-de-Teresina-francisco-clementino-8.jpeg 1280w, https:\/\/www.pi.gov.br\/wp-content\/uploads\/2026\/04\/Inauguracao-do-Shopping-da-Praca-Pedro-II-no-Centro-de-Teresina-francisco-clementino-8-300x169.jpeg 300w, https:\/\/www.pi.gov.br\/wp-content\/uploads\/2026\/04\/Inauguracao-do-Shopping-da-Praca-Pedro-II-no-Centro-de-Teresina-francisco-clementino-8-1024x576.jpeg 1024w, https:\/\/www.pi.gov.br\/wp-content\/uploads\/2026\/04\/Inauguracao-do-Shopping-da-Praca-Pedro-II-no-Centro-de-Teresina-francisco-clementino-8-768x432.jpeg 768w\" alt=\"\" width=\"1280\" height=\"720\" \/><figcaption id=\"caption-attachment-134566\" class=\"wp-caption-text\">Foto: Secom<\/figcaption><\/figure>\n<p><strong>Revitaliza\u00e7\u00e3o do Centro da cidade<\/strong><\/p>\n<p>O governador refor\u00e7ou ainda os investimentos do Estado na revitaliza\u00e7\u00e3o do Centro de Teresina. \u201cNosso compromisso \u00e9 continuar revitalizando todos os pr\u00e9dios p\u00fablicos dessa regi\u00e3o\u201d, afirmou Rafael, ao citar obras em espa\u00e7os como o Centro de Artesanato, Cine Rex, Teatro 4 de Setembro e Clube dos Di\u00e1rios, al\u00e9m de a\u00e7\u00f5es culturais permanentes na Pra\u00e7a Pedro II, como a Feira na Pra\u00e7a, realizada aos domingos sempre com uma programa\u00e7\u00e3o diferenciada.<\/p>\n<p>Fonteles tamb\u00e9m mencionou iniciativas de reocupa\u00e7\u00e3o habitacional, com a cria\u00e7\u00e3o de moradias na regi\u00e3o central.<\/p>\n<figure id=\"attachment_134538\" class=\"wp-caption alignnone\" aria-describedby=\"caption-attachment-134538\"><img loading=\"lazy\" decoding=\"async\" class=\"wp-image-134538 size-full\" src=\"https:\/\/www.pi.gov.br\/wp-content\/uploads\/2026\/04\/Inauguracao-do-Shopping-da-Praca-Pedro-II-no-Centro-de-Teresina-gabriel-paulino-16.jpeg\" sizes=\"auto, (max-width: 1280px) 100vw, 1280px\" srcset=\"https:\/\/www.pi.gov.br\/wp-content\/uploads\/2026\/04\/Inauguracao-do-Shopping-da-Praca-Pedro-II-no-Centro-de-Teresina-gabriel-paulino-16.jpeg 1280w, https:\/\/www.pi.gov.br\/wp-content\/uploads\/2026\/04\/Inauguracao-do-Shopping-da-Praca-Pedro-II-no-Centro-de-Teresina-gabriel-paulino-16-300x200.jpeg 300w, https:\/\/www.pi.gov.br\/wp-content\/uploads\/2026\/04\/Inauguracao-do-Shopping-da-Praca-Pedro-II-no-Centro-de-Teresina-gabriel-paulino-16-1024x683.jpeg 1024w, https:\/\/www.pi.gov.br\/wp-content\/uploads\/2026\/04\/Inauguracao-do-Shopping-da-Praca-Pedro-II-no-Centro-de-Teresina-gabriel-paulino-16-768x512.jpeg 768w\" alt=\"\" width=\"1280\" height=\"854\" \/><figcaption id=\"caption-attachment-134538\" class=\"wp-caption-text\">Foto: Gabriel Paulino<\/figcaption><\/figure>\n<p>O secret\u00e1rio da Administra\u00e7\u00e3o, Samuel Nascimento, destacou que o novo shopping integra um conjunto de a\u00e7\u00f5es voltadas ao desenvolvimento da \u00e1rea central. \u201cA gente acompanha aqui um resultado concreto do desenvolvimento econ\u00f4mico no Centro de Teresina, com investimentos em mobilidade, recupera\u00e7\u00e3o de pr\u00e9dios p\u00fablicos e amplia\u00e7\u00e3o de servi\u00e7os\u201d, afirmou o gestor.<\/p>\n<p>&nbsp;<\/p>\n<p>Segundo ele, a chegada de equipamentos como o Espa\u00e7o da Cidadania dentro do shopping amplia o acesso da popula\u00e7\u00e3o a servi\u00e7os e contribui para a dinamiza\u00e7\u00e3o do Centro.<\/p>\n<figure id=\"attachment_134548\" class=\"wp-caption alignnone\" aria-describedby=\"caption-attachment-134548\"><img loading=\"lazy\" decoding=\"async\" class=\"size-full wp-image-134548\" src=\"https:\/\/www.pi.gov.br\/wp-content\/uploads\/2026\/04\/Inauguracao-do-Shopping-da-Praca-Pedro-II-no-Centro-de-Teresina-gabriel-paulino-2.jpeg\" sizes=\"auto, (max-width: 1280px) 100vw, 1280px\" srcset=\"https:\/\/www.pi.gov.br\/wp-content\/uploads\/2026\/04\/Inauguracao-do-Shopping-da-Praca-Pedro-II-no-Centro-de-Teresina-gabriel-paulino-2.jpeg 1280w, https:\/\/www.pi.gov.br\/wp-content\/uploads\/2026\/04\/Inauguracao-do-Shopping-da-Praca-Pedro-II-no-Centro-de-Teresina-gabriel-paulino-2-300x200.jpeg 300w, https:\/\/www.pi.gov.br\/wp-content\/uploads\/2026\/04\/Inauguracao-do-Shopping-da-Praca-Pedro-II-no-Centro-de-Teresina-gabriel-paulino-2-1024x683.jpeg 1024w, https:\/\/www.pi.gov.br\/wp-content\/uploads\/2026\/04\/Inauguracao-do-Shopping-da-Praca-Pedro-II-no-Centro-de-Teresina-gabriel-paulino-2-768x512.jpeg 768w\" alt=\"\" width=\"1280\" height=\"854\" \/><figcaption id=\"caption-attachment-134548\" class=\"wp-caption-text\">Foto: Gabriel Paulino<\/p>\n<p>Fonte: Portal pi.Gov.<br \/>\nConfira esta e outras mat\u00e9rias na \u00edntegra pelo link: https:\/\/www.pi.gov.br\/governador-destaca-impacto-do-shopping-da-praca-pedro-ii-para-retomada-economica-do-centro-de-teresina\/<\/figcaption><\/figure>\n","protected":false},"excerpt":{"rendered":"<p>O empreendimento conta com dois pavimentos, fortalecendo o com\u00e9rcio local e ampliando oportunidades para empreendedores. &nbsp; O governador Rafael Fonteles participou, nesta quarta-feira (29), da inaugura\u00e7\u00e3o do Shopping da Pra\u00e7a Pedro II, no Centro de Teresina. O empreendimento conta com dois pavimentos e, nesta primeira etapa, disponibiliza 220 boxes distribu\u00eddos entre o t\u00e9rreo e o [&hellip;]<\/p>\n","protected":false},"author":3,"featured_media":21047,"comment_status":"open","ping_status":"open","sticky":false,"template":"","format":"standard","meta":{"om_disable_all_campaigns":false,"_monsterinsights_skip_tracking":false,"_monsterinsights_sitenote_active":false,"_monsterinsights_sitenote_note":"","_monsterinsights_sitenote_category":0,"footnotes":""},"categories":[33],"tags":[],"class_list":["post-21046","post","type-post","status-publish","format-standard","has-post-thumbnail","hentry","category-piaui"],"jetpack_featured_media_url":"https:\/\/fatoelado.com\/wp-content\/uploads\/2026\/04\/Inauguracao-do-Shopping-da-Praca-Pedro-II-no-Centro-de-Teresina-gabriel-paulino-2.jpeg","_links":{"self":[{"href":"https:\/\/fatoelado.com\/index.php?rest_route=\/wp\/v2\/posts\/21046","targetHints":{"allow":["GET"]}}],"collection":[{"href":"https:\/\/fatoelado.com\/index.php?rest_route=\/wp\/v2\/posts"}],"about":[{"href":"https:\/\/fatoelado.com\/index.php?rest_route=\/wp\/v2\/types\/post"}],"author":[{"embeddable":true,"href":"https:\/\/fatoelado.com\/index.php?rest_route=\/wp\/v2\/users\/3"}],"replies":[{"embeddable":true,"href":"https:\/\/fatoelado.com\/index.php?rest_route=%2Fwp%2Fv2%2Fcomments&post=21046"}],"version-history":[{"count":1,"href":"https:\/\/fatoelado.com\/index.php?rest_route=\/wp\/v2\/posts\/21046\/revisions"}],"predecessor-version":[{"id":21048,"href":"https:\/\/fatoelado.com\/index.php?rest_route=\/wp\/v2\/posts\/21046\/revisions\/21048"}],"wp:featuredmedia":[{"embeddable":true,"href":"https:\/\/fatoelado.com\/index.php?rest_route=\/wp\/v2\/media\/21047"}],"wp:attachment":[{"href":"https:\/\/fatoelado.com\/index.php?rest_route=%2Fwp%2Fv2%2Fmedia&parent=21046"}],"wp:term":[{"taxonomy":"category","embeddable":true,"href":"https:\/\/fatoelado.com\/index.php?rest_route=%2Fwp%2Fv2%2Fcategories&post=21046"},{"taxonomy":"post_tag","embeddable":true,"href":"https:\/\/fatoelado.com\/index.php?rest_route=%2Fwp%2Fv2%2Ftags&post=21046"}],"curies":[{"name":"wp","href":"https:\/\/api.w.org\/{rel}","templated":true}]}}