{"id":21036,"date":"2026-04-29T11:37:47","date_gmt":"2026-04-29T14:37:47","guid":{"rendered":"https:\/\/fatoelado.com\/?p=21036"},"modified":"2026-04-29T11:37:47","modified_gmt":"2026-04-29T14:37:47","slug":"idepi-anuncia-obras-de-asfaltamento-e-reforco-da-infraestrutura-urbana-no-municipio-de-pedro-ii","status":"publish","type":"post","link":"https:\/\/fatoelado.com\/?p=21036","title":{"rendered":"Idepi anuncia obras de asfaltamento e refor\u00e7o da infraestrutura urbana no munic\u00edpio de Pedro II"},"content":{"rendered":"<h2 class=\"elementor-heading-title elementor-size-default\" style=\"text-align: center;\">A interven\u00e7\u00e3o prev\u00ea a implanta\u00e7\u00e3o de 40.245 m\u00b2 de pavimento com investimento de mais de R$ 4,9 milh\u00f5es.<\/h2>\n<p>&nbsp;<\/p>\n<p>O Instituto de Desenvolvimento do Piau\u00ed anuncia a execu\u00e7\u00e3o de obras de pavimenta\u00e7\u00e3o asf\u00e1ltica em diversas ruas do munic\u00edpio de Pedro II. A interven\u00e7\u00e3o prev\u00ea a implanta\u00e7\u00e3o de 40.245 m\u00b2 de asfaltamento, com investimento de R$ 4.997.468. A obra deve ser entregue at\u00e9 setembro de 2026.<\/p>\n<p>A interven\u00e7\u00e3o que impacta diretamente a mobilidade urbana, a seguran\u00e7a vi\u00e1ria e o desenvolvimento econ\u00f4mico local. O Idepi refor\u00e7a que ruas pavimentadas facilitam o deslocamento de moradores e ampliam o acesso a servi\u00e7os essenciais e valorizam os im\u00f3veis da regi\u00e3o.<\/p>\n<p>Do ponto de vista social, os benef\u00edcios s\u00e3o ainda mais evidentes. A pavimenta\u00e7\u00e3o contribui para a redu\u00e7\u00e3o de poeira e lama, fatores diretamente associados a problemas respirat\u00f3rios e \u00e0 prolifera\u00e7\u00e3o de doen\u00e7as, especialmente em per\u00edodos de seca e chuva intensa. Al\u00e9m disso, promove dignidade \u00e0 popula\u00e7\u00e3o, que passa a viver em um ambiente urbano mais estruturado e saud\u00e1vel.<\/p>\n<figure id=\"attachment_134502\" class=\"wp-caption aligncenter\" aria-describedby=\"caption-attachment-134502\"><img loading=\"lazy\" decoding=\"async\" class=\"wp-image-134502 size-full\" src=\"https:\/\/www.pi.gov.br\/wp-content\/uploads\/2026\/04\/WhatsApp-Image-2026-04-23-at-10.14.28.jpeg\" sizes=\"auto, (max-width: 612px) 100vw, 612px\" srcset=\"https:\/\/www.pi.gov.br\/wp-content\/uploads\/2026\/04\/WhatsApp-Image-2026-04-23-at-10.14.28.jpeg 612w, https:\/\/www.pi.gov.br\/wp-content\/uploads\/2026\/04\/WhatsApp-Image-2026-04-23-at-10.14.28-300x200.jpeg 300w\" alt=\"\" width=\"612\" height=\"408\" \/><figcaption id=\"caption-attachment-134502\" class=\"wp-caption-text\">Foto: Ascom Idepi<\/figcaption><\/figure>\n<p>O diretor-geral do Instituto de Desenvolvimento do Piau\u00ed, Felipe Eul\u00e1lio, destaca o alcance da interven\u00e7\u00e3o. \u201cEssa obra representa mais do que infraestrutura. \u00c9 um investimento direto na qualidade de vida das pessoas, na valoriza\u00e7\u00e3o dos bairros e no fortalecimento da economia local. Estamos levando dignidade e desenvolvimento para a popula\u00e7\u00e3o de Pedro II\u201d, afirma o gestor.<\/p>\n<p>O impacto econ\u00f4mico tamb\u00e9m merece destaque. \u201cCom ruas pavimentadas, o com\u00e9rcio local tende a se fortalecer, j\u00e1 que o acesso facilitado atrai mais consumidores e estimula novos empreendimentos. Pequenos neg\u00f3cios, prestadores de servi\u00e7o e o setor tur\u00edstico, que \u00e9 muito forte em Pedro II, ser\u00e3o diretamente beneficiados, criando um ciclo positivo de gera\u00e7\u00e3o de renda e oportunidades\u201d, acrescenta Felipe Eul\u00e1lio.<\/p>\n<p>J\u00e1 o diretor de Engenharia do Idepi, Fabrizio Feitosa, ressalta o padr\u00e3o t\u00e9cnico adotado. \u201cEstamos utilizando pavimenta\u00e7\u00e3o em CBUQ (Concreto Betuminoso Usinado a Quente), que garante maior durabilidade e resist\u00eancia. Isso significa menos manuten\u00e7\u00e3o ao longo do tempo e mais seguran\u00e7a para quem utiliza essas vias diariamente\u201d.<\/p>\n<p>Somente em 2026, o Idepi j\u00e1 anunciou diversas obras de pavimenta\u00e7\u00e3o em diferentes munic\u00edpios piauienses, consolidando um plano estrat\u00e9gico de fortalecimento da infraestrutura urbana e rural. Esse conjunto de interven\u00e7\u00f5es demonstra um esfor\u00e7o cont\u00ednuo do \u00f3rg\u00e3o em reduzir desigualdades regionais e promover desenvolvimento sustent\u00e1vel, alcan\u00e7ando milhares de fam\u00edlias em todo o estado.<\/p>\n<p>&nbsp;<\/p>\n<p>Fonte: Portal pi.Gov.<br \/>\nConfira esta e outras mat\u00e9rias na \u00edntegra pelo link: https:\/\/www.pi.gov.br\/idepi-anuncia-obras-de-asfaltamento-e-reforco-da-infraestrutura-urbana-no-municipio-de-pedro-ii\/<\/p>\n","protected":false},"excerpt":{"rendered":"<p>A interven\u00e7\u00e3o prev\u00ea a implanta\u00e7\u00e3o de 40.245 m\u00b2 de pavimento com investimento de mais de R$ 4,9 milh\u00f5es. &nbsp; O Instituto de Desenvolvimento do Piau\u00ed anuncia a execu\u00e7\u00e3o de obras de pavimenta\u00e7\u00e3o asf\u00e1ltica em diversas ruas do munic\u00edpio de Pedro II. A interven\u00e7\u00e3o prev\u00ea a implanta\u00e7\u00e3o de 40.245 m\u00b2 de asfaltamento, com investimento de R$ [&hellip;]<\/p>\n","protected":false},"author":3,"featured_media":21037,"comment_status":"open","ping_status":"open","sticky":false,"template":"","format":"standard","meta":{"om_disable_all_campaigns":false,"_monsterinsights_skip_tracking":false,"_monsterinsights_sitenote_active":false,"_monsterinsights_sitenote_note":"","_monsterinsights_sitenote_category":0,"footnotes":""},"categories":[33],"tags":[],"class_list":["post-21036","post","type-post","status-publish","format-standard","has-post-thumbnail","hentry","category-piaui"],"jetpack_featured_media_url":"https:\/\/fatoelado.com\/wp-content\/uploads\/2026\/04\/WhatsApp-Image-2026-04-23-at-10.14.28.jpeg","_links":{"self":[{"href":"https:\/\/fatoelado.com\/index.php?rest_route=\/wp\/v2\/posts\/21036","targetHints":{"allow":["GET"]}}],"collection":[{"href":"https:\/\/fatoelado.com\/index.php?rest_route=\/wp\/v2\/posts"}],"about":[{"href":"https:\/\/fatoelado.com\/index.php?rest_route=\/wp\/v2\/types\/post"}],"author":[{"embeddable":true,"href":"https:\/\/fatoelado.com\/index.php?rest_route=\/wp\/v2\/users\/3"}],"replies":[{"embeddable":true,"href":"https:\/\/fatoelado.com\/index.php?rest_route=%2Fwp%2Fv2%2Fcomments&post=21036"}],"version-history":[{"count":1,"href":"https:\/\/fatoelado.com\/index.php?rest_route=\/wp\/v2\/posts\/21036\/revisions"}],"predecessor-version":[{"id":21038,"href":"https:\/\/fatoelado.com\/index.php?rest_route=\/wp\/v2\/posts\/21036\/revisions\/21038"}],"wp:featuredmedia":[{"embeddable":true,"href":"https:\/\/fatoelado.com\/index.php?rest_route=\/wp\/v2\/media\/21037"}],"wp:attachment":[{"href":"https:\/\/fatoelado.com\/index.php?rest_route=%2Fwp%2Fv2%2Fmedia&parent=21036"}],"wp:term":[{"taxonomy":"category","embeddable":true,"href":"https:\/\/fatoelado.com\/index.php?rest_route=%2Fwp%2Fv2%2Fcategories&post=21036"},{"taxonomy":"post_tag","embeddable":true,"href":"https:\/\/fatoelado.com\/index.php?rest_route=%2Fwp%2Fv2%2Ftags&post=21036"}],"curies":[{"name":"wp","href":"https:\/\/api.w.org\/{rel}","templated":true}]}}