{"id":21033,"date":"2026-04-29T11:35:12","date_gmt":"2026-04-29T14:35:12","guid":{"rendered":"https:\/\/fatoelado.com\/?p=21033"},"modified":"2026-04-29T11:35:12","modified_gmt":"2026-04-29T14:35:12","slug":"comissao-da-pec-do-fim-da-escala-6x1-sera-instalada-nesta-quarta-feira-29-na-camara","status":"publish","type":"post","link":"https:\/\/fatoelado.com\/?p=21033","title":{"rendered":"Comiss\u00e3o da PEC do fim da escala 6&#215;1 ser\u00e1 instalada nesta quarta-feira (29) na C\u00e2mara"},"content":{"rendered":"<h2 class=\"article-subtitle\" style=\"text-align: center;\">Colegiado vai analisar proposta de redu\u00e7\u00e3o da jornada de trabalho sem corte salarial; vota\u00e7\u00e3o em plen\u00e1rio pode ocorrer at\u00e9 o fim de maio<\/h2>\n<p>&nbsp;<\/p>\n<div class=\"article-image-featured\" style=\"text-align: center;\"><img decoding=\"async\" class=\"i-amphtml-fill-content i-amphtml-replaced-content aligncenter\" src=\"https:\/\/www.meionews.com\/uploads\/imagens\/2026\/4\/29\/plenario-da-camara-dos-deputados--0ed94075776a7add.jpg\" alt=\"Plen\u00e1rio da C\u00e2mara dos Deputados | Reprodu\u00e7\u00e3o\/ Edilson Rodrigues\/Ag\u00eancia Senad\" data-amp-loading=\"lazy\" \/><small>Plen\u00e1rio da C\u00e2mara dos Deputados | Foto: Reprodu\u00e7\u00e3o\/ Edilson Rodrigues\/Ag\u00eancia Senado<\/small><\/div>\n<div class=\"g-news\"><\/div>\n<div class=\"article-html\">\n<div class=\"article-html-more\">\n<p><strong>A comiss\u00e3o especial da C\u00e2mara dos Deputados que vai discutir o fim da jornada de trabalho no modelo 6&#215;1 ser\u00e1 instalada formalmente nesta quarta-feira (29), \u00e0s 14h.\u00a0<\/strong>O colegiado ficar\u00e1 respons\u00e1vel por analisar a proposta de redu\u00e7\u00e3o da carga hor\u00e1ria sem preju\u00edzo salarial aos trabalhadores.<\/p>\n<p>Nesta ter\u00e7a-feira (28), o presidente da C\u00e2mara, Hugo Motta (Republicanos-PB), anunciou que o deputado Alencar Santana ser\u00e1 o presidente da comiss\u00e3o, enquanto Leo Prates ficar\u00e1 respons\u00e1vel pela relatoria da proposta.<\/p>\n<blockquote><p>\u201cDepois de um amplo di\u00e1logo e de conversas feitas com parlamentares que j\u00e1 acompanham essa mat\u00e9ria aqui na Casa desde um longo tempo, decidimos designar para presidir essa comiss\u00e3o especial o deputado Alencar Santana, do PT de S\u00e3o Paulo, e o relator ser\u00e1 o deputado Leo Prates, do Republicanos da Bahia\u201d, afirmou Hugo Motta.<\/p><\/blockquote>\n<h2><strong>Representa\u00e7\u00e3o de todos os partidos<\/strong><\/h2>\n<p>Segundo o presidente da Casa, a comiss\u00e3o foi estruturada para garantir a participa\u00e7\u00e3o de todos os partidos com representa\u00e7\u00e3o na C\u00e2mara.<\/p>\n<blockquote><p>\u201cTodos os partidos estar\u00e3o representados nessa comiss\u00e3o especial. Fiz quest\u00e3o de criar comiss\u00e3o com n\u00famero para que todos os partidos estivessem\u201d, declarou o parlamentar.<\/p><\/blockquote>\n<p>O colegiado contar\u00e1 com 38 membros titulares e o mesmo n\u00famero de suplentes. O objetivo ser\u00e1 discutir o m\u00e9rito da proposta, incluindo poss\u00edveis mudan\u00e7as no texto e mecanismos de transi\u00e7\u00e3o para a nova jornada de trabalho.<\/p>\n<p>&nbsp;<\/p>\n<div class=\"dimg\"><img decoding=\"async\" class=\"i-amphtml-intrinsic-sizer\" role=\"presentation\" src=\"data:;base64,<svg height=\"665px\" width=\"1200px\" xmlns=\"http:\/\/www.w3.org\/2000\/svg\" version=\"1.1\"\/>&#8221; alt=&#8221;&#8221; aria-hidden=&#8221;true&#8221; \/><img decoding=\"async\" class=\"i-amphtml-fill-content i-amphtml-replaced-content\" src=\"https:\/\/www.meionews.com\/uploads\/imagens\/2026\/4\/29\/comissao-da-pec-do-fim-da-escala-6x1-sera-instalada-nesta-quarta-feira-29-na-camara--6efa8fa19bb3aec0.jpg\" alt=\"CCJ da C\u00e2mara d\u00e1 aval \u00e0 proposta que acaba com a escala 6x1 | Foto: Divulga\u00e7\u00e3o\u00a0\" data-amp-loading=\"lazy\" \/><\/div>\n<p><span class=\"fr-inner\">CCJ da C\u00e2mara d\u00e1 aval \u00e0 proposta que acaba com a escala 6&#215;1 | Foto: Divulga\u00e7\u00e3o\u00a0<\/span>&nbsp;<\/p>\n<h2><strong>Vota\u00e7\u00e3o pode ocorrer ainda em maio<\/strong><\/h2>\n<p>Ap\u00f3s a an\u00e1lise na comiss\u00e3o especial, a proposta seguir\u00e1 para vota\u00e7\u00e3o no plen\u00e1rio da C\u00e2mara. Hugo Motta afirmou que pretende acelerar a tramita\u00e7\u00e3o para que a PEC seja votada ainda at\u00e9 o fim de maio.<\/p>\n<blockquote><p>\u201cAqui na C\u00e2mara vamos nos dedicar para que at\u00e9 o final do m\u00eas de maio a mat\u00e9ria possa ser votada tanto na comiss\u00e3o especial como tamb\u00e9m no plen\u00e1rio da Casa\u201d, disse.<\/p><\/blockquote>\n<p>O presidente tamb\u00e9m informou que pretende conversar com o presidente do Senado, Davi Alcolumbre (Uni\u00e3o-AP), para alinhar o cronograma de tramita\u00e7\u00e3o caso o texto seja aprovado pelos deputados.<\/p>\n<h2><strong>Debate sobre transi\u00e7\u00e3o e impactos econ\u00f4micos<\/strong><\/h2>\n<p>A proposta foi aprovada na semana passada pela Comiss\u00e3o de Constitui\u00e7\u00e3o e Justi\u00e7a (CCJ),\u00a0etapa em que os deputados analisaram apenas a admissibilidade constitucional da mat\u00e9ria.<\/p>\n<p><span class=\"highlight\">Agora, a comiss\u00e3o especial dever\u00e1 discutir o conte\u00fado da PEC, incluindo a possibilidade de um per\u00edodo de transi\u00e7\u00e3o para a mudan\u00e7a no regime de trabalho.<\/span><\/p>\n<p>Parte dos parlamentares tamb\u00e9m defende a cria\u00e7\u00e3o de incentivos ao setor produtivo, com o objetivo de reduzir poss\u00edveis impactos econ\u00f4micos da medida sobre empresas e empregadores.<\/p>\n<p>Na composi\u00e7\u00e3o da comiss\u00e3o, o PL e a federa\u00e7\u00e3o formada por PT, PCdoB e PV ter\u00e3o as maiores representa\u00e7\u00f5es. O partido de direita contar\u00e1 com sete cadeiras, enquanto o bloco governista ter\u00e1 seis vagas.<\/p>\n<p class=\"ads\">\n<div class=\"article-more\">\n<div class=\"more-news\">Fonte: Portal MeioNews.<br \/>\nConfira esta e outras mat\u00e9rias na \u00edntegra pelo link: https:\/\/www.meionews.com\/politica\/comissao-da-pec-do-fim-da-escala-6&#215;1-sera-instalada-nesta-quarta-feira-29-na-camara-562195<\/div>\n<\/div>\n<\/div>\n<\/div>\n","protected":false},"excerpt":{"rendered":"<p>Colegiado vai analisar proposta de redu\u00e7\u00e3o da jornada de trabalho sem corte salarial; vota\u00e7\u00e3o em plen\u00e1rio pode ocorrer at\u00e9 o fim de maio &nbsp; Plen\u00e1rio da C\u00e2mara dos Deputados | Foto: Reprodu\u00e7\u00e3o\/ Edilson Rodrigues\/Ag\u00eancia Senado A comiss\u00e3o especial da C\u00e2mara dos Deputados que vai discutir o fim da jornada de trabalho no modelo 6&#215;1 ser\u00e1 [&hellip;]<\/p>\n","protected":false},"author":3,"featured_media":21034,"comment_status":"open","ping_status":"open","sticky":false,"template":"","format":"standard","meta":{"om_disable_all_campaigns":false,"_monsterinsights_skip_tracking":false,"_monsterinsights_sitenote_active":false,"_monsterinsights_sitenote_note":"","_monsterinsights_sitenote_category":0,"footnotes":""},"categories":[47],"tags":[],"class_list":["post-21033","post","type-post","status-publish","format-standard","has-post-thumbnail","hentry","category-nacionais"],"jetpack_featured_media_url":"https:\/\/fatoelado.com\/wp-content\/uploads\/2026\/04\/plenario-da-camara-dos-deputados-0ed94075776a7add.jpg","_links":{"self":[{"href":"https:\/\/fatoelado.com\/index.php?rest_route=\/wp\/v2\/posts\/21033","targetHints":{"allow":["GET"]}}],"collection":[{"href":"https:\/\/fatoelado.com\/index.php?rest_route=\/wp\/v2\/posts"}],"about":[{"href":"https:\/\/fatoelado.com\/index.php?rest_route=\/wp\/v2\/types\/post"}],"author":[{"embeddable":true,"href":"https:\/\/fatoelado.com\/index.php?rest_route=\/wp\/v2\/users\/3"}],"replies":[{"embeddable":true,"href":"https:\/\/fatoelado.com\/index.php?rest_route=%2Fwp%2Fv2%2Fcomments&post=21033"}],"version-history":[{"count":1,"href":"https:\/\/fatoelado.com\/index.php?rest_route=\/wp\/v2\/posts\/21033\/revisions"}],"predecessor-version":[{"id":21035,"href":"https:\/\/fatoelado.com\/index.php?rest_route=\/wp\/v2\/posts\/21033\/revisions\/21035"}],"wp:featuredmedia":[{"embeddable":true,"href":"https:\/\/fatoelado.com\/index.php?rest_route=\/wp\/v2\/media\/21034"}],"wp:attachment":[{"href":"https:\/\/fatoelado.com\/index.php?rest_route=%2Fwp%2Fv2%2Fmedia&parent=21033"}],"wp:term":[{"taxonomy":"category","embeddable":true,"href":"https:\/\/fatoelado.com\/index.php?rest_route=%2Fwp%2Fv2%2Fcategories&post=21033"},{"taxonomy":"post_tag","embeddable":true,"href":"https:\/\/fatoelado.com\/index.php?rest_route=%2Fwp%2Fv2%2Ftags&post=21033"}],"curies":[{"name":"wp","href":"https:\/\/api.w.org\/{rel}","templated":true}]}}