{"id":21030,"date":"2026-04-29T11:12:12","date_gmt":"2026-04-29T14:12:12","guid":{"rendered":"https:\/\/fatoelado.com\/?p=21030"},"modified":"2026-04-29T11:12:12","modified_gmt":"2026-04-29T14:12:12","slug":"oposicao-quer-desmembrar-veto-de-lula-ao-projeto-de-lei-da-dosimetria","status":"publish","type":"post","link":"https:\/\/fatoelado.com\/?p=21030","title":{"rendered":"Oposi\u00e7\u00e3o quer desmembrar veto de Lula ao Projeto de Lei da Dosimetria"},"content":{"rendered":"<h2 class=\"article-subtitle\" style=\"text-align: center;\">Parlamentares analisam se deve ser mantido o veto integral ao projeto, determinado pelo presidente em janeiro.<\/h2>\n<p>&nbsp;<\/p>\n<div class=\"article-image-featured\" style=\"text-align: center;\"><img decoding=\"async\" class=\"i-amphtml-fill-content i-amphtml-replaced-content aligncenter\" src=\"https:\/\/www.meionews.com\/uploads\/imagens\/2026\/4\/29\/congresso-nacional--1117e0a115e2e11b.jpg\" alt=\"Congresso Nacional | Marcello Casal Jr.\/Ag\u00eancia Brasil\" data-amp-loading=\"lazy\" \/><small>Congresso Nacional | Foto: Marcello Casal Jr.\/Ag\u00eancia Brasil<\/small><\/div>\n<div class=\"g-news\"><\/div>\n<div class=\"article-html\">\n<div class=\"article-html-more\">\n<p>O Congresso Nacional do Brasil deve analisar, nesta quinta-feira (30), o veto do presidente Luiz In\u00e1cio Lula da Silva ao projeto de lei que permite a\u00a0<strong data-end=\"258\" data-start=\"238\">redu\u00e7\u00e3o de penas<\/strong> de condenados por atos golpistas, incluindo os ataques de Ataques de 8 de janeiro de 2023.<\/p>\n<p>Deputados e senadores da oposi\u00e7\u00e3o e do Centr\u00e3o estudam \u201cdesmembrar\u201d o veto, estrat\u00e9gia que permitiria analisar trechos separadamente. A ideia \u00e9 manter parte da decis\u00e3o presidencial, especialmente o ponto que evita conflito com a chamada Lei Antifac\u00e7\u00e3o.<\/p>\n<h2 data-end=\"743\" data-section-id=\"1n9kq4a\" data-start=\"696\"><strong data-end=\"743\" data-start=\"699\">Projeto facilitaria progress\u00e3o de regime<\/strong><\/h2>\n<p>O chamado PL da Dosimetria previa mudan\u00e7as que poderiam facilitar a progress\u00e3o do regime fechado para o semiaberto, o que, segundo cr\u00edticos, entraria em contradi\u00e7\u00e3o com a Lei Antifac\u00e7\u00e3o. Como o veto foi integral, o rito tradicional prev\u00ea vota\u00e7\u00e3o \u00fanica: ou o Congresso mant\u00e9m ou derruba todo o veto.<\/p>\n<p>O governo \u00e9 contr\u00e1rio ao desmembramento, argumentando que a derrubada do veto pode enfraquecer a legisla\u00e7\u00e3o de combate ao crime organizado. O l\u00edder do governo no Congresso, Randolfe Rodrigues, afirmou que o entendimento t\u00e9cnico \u00e9 de que a an\u00e1lise deve ocorrer de forma integral, em uma \u00fanica vota\u00e7\u00e3o.<\/p>\n<h2 data-end=\"1492\" data-section-id=\"2e1eat\" data-start=\"1457\"><strong data-end=\"1492\" data-start=\"1460\">Oposi\u00e7\u00e3o v\u00ea manobra pol\u00edtica<\/strong><\/h2>\n<p>J\u00e1 a oposi\u00e7\u00e3o aceita o desmembramento por entender que o governo estaria usando o tema para dificultar a derrubada do veto ao projeto da dosimetria, ampliando o embate pol\u00edtico em torno do tema.<\/p>\n<p>&nbsp;<\/p>\n<div class=\"article-more\">\n<div class=\"more-news\">Fonte: Portal MeioNews.<br \/>\nConfira esta e outras mat\u00e9rias na \u00edntegra pelo link: https:\/\/www.meionews.com\/politica\/oposicao-quer-desmembrar-veto-de-lula-ao-projeto-de-lei-da-dosimetria-562196<\/div>\n<\/div>\n<\/div>\n<\/div>\n","protected":false},"excerpt":{"rendered":"<p>Parlamentares analisam se deve ser mantido o veto integral ao projeto, determinado pelo presidente em janeiro. &nbsp; Congresso Nacional | Foto: Marcello Casal Jr.\/Ag\u00eancia Brasil O Congresso Nacional do Brasil deve analisar, nesta quinta-feira (30), o veto do presidente Luiz In\u00e1cio Lula da Silva ao projeto de lei que permite a\u00a0redu\u00e7\u00e3o de penas de condenados [&hellip;]<\/p>\n","protected":false},"author":3,"featured_media":21031,"comment_status":"open","ping_status":"open","sticky":false,"template":"","format":"standard","meta":{"om_disable_all_campaigns":false,"_monsterinsights_skip_tracking":false,"_monsterinsights_sitenote_active":false,"_monsterinsights_sitenote_note":"","_monsterinsights_sitenote_category":0,"footnotes":""},"categories":[47,30],"tags":[],"class_list":["post-21030","post","type-post","status-publish","format-standard","has-post-thumbnail","hentry","category-nacionais","category-politica"],"jetpack_featured_media_url":"https:\/\/fatoelado.com\/wp-content\/uploads\/2026\/04\/congresso-nacional-1117e0a115e2e11b.jpg","_links":{"self":[{"href":"https:\/\/fatoelado.com\/index.php?rest_route=\/wp\/v2\/posts\/21030","targetHints":{"allow":["GET"]}}],"collection":[{"href":"https:\/\/fatoelado.com\/index.php?rest_route=\/wp\/v2\/posts"}],"about":[{"href":"https:\/\/fatoelado.com\/index.php?rest_route=\/wp\/v2\/types\/post"}],"author":[{"embeddable":true,"href":"https:\/\/fatoelado.com\/index.php?rest_route=\/wp\/v2\/users\/3"}],"replies":[{"embeddable":true,"href":"https:\/\/fatoelado.com\/index.php?rest_route=%2Fwp%2Fv2%2Fcomments&post=21030"}],"version-history":[{"count":1,"href":"https:\/\/fatoelado.com\/index.php?rest_route=\/wp\/v2\/posts\/21030\/revisions"}],"predecessor-version":[{"id":21032,"href":"https:\/\/fatoelado.com\/index.php?rest_route=\/wp\/v2\/posts\/21030\/revisions\/21032"}],"wp:featuredmedia":[{"embeddable":true,"href":"https:\/\/fatoelado.com\/index.php?rest_route=\/wp\/v2\/media\/21031"}],"wp:attachment":[{"href":"https:\/\/fatoelado.com\/index.php?rest_route=%2Fwp%2Fv2%2Fmedia&parent=21030"}],"wp:term":[{"taxonomy":"category","embeddable":true,"href":"https:\/\/fatoelado.com\/index.php?rest_route=%2Fwp%2Fv2%2Fcategories&post=21030"},{"taxonomy":"post_tag","embeddable":true,"href":"https:\/\/fatoelado.com\/index.php?rest_route=%2Fwp%2Fv2%2Ftags&post=21030"}],"curies":[{"name":"wp","href":"https:\/\/api.w.org\/{rel}","templated":true}]}}