{"id":21024,"date":"2026-04-29T11:09:11","date_gmt":"2026-04-29T14:09:11","guid":{"rendered":"https:\/\/fatoelado.com\/?p=21024"},"modified":"2026-04-29T11:09:11","modified_gmt":"2026-04-29T14:09:11","slug":"fifa-vai-punir-com-w-o-equipes-que-abandonarem-partidas-em-protesto-entenda","status":"publish","type":"post","link":"https:\/\/fatoelado.com\/?p=21024","title":{"rendered":"Fifa vai punir com W.O. equipes que abandonarem partidas em protesto; entenda"},"content":{"rendered":"<h2 class=\"article-subtitle\" style=\"text-align: center;\">Medida aprovada pela IFAB entra em vigor na Copa do Mundo; nova regra tamb\u00e9m prev\u00ea expuls\u00e3o para quem cobrir a boca para insultar advers\u00e1rios<\/h2>\n<p>&nbsp;<\/p>\n<div class=\"article-image-featured\" style=\"text-align: center;\"><img decoding=\"async\" class=\"i-amphtml-fill-content i-amphtml-replaced-content aligncenter\" src=\"https:\/\/www.meionews.com\/uploads\/imagens\/2026\/4\/29\/senegal-tem-titulo-retirado-e-marrocos-e-declarado-campeao-da-copa-africana-de-nacoes--2297524383790557.jpg\" alt=\"Senegal tem t\u00edtulo retirado, e Marrocos \u00e9 declarado campe\u00e3o da Copa Africana de Na\u00e7\u00f5es | Reprodu\u00e7\u00e3o\/ Torbjorn Tande\/DeFodi Images\/DeFodi via Getty Images\" data-amp-loading=\"lazy\" \/><small>Senegal tem t\u00edtulo retirado, e Marrocos \u00e9 declarado campe\u00e3o da Copa Africana de Na\u00e7\u00f5es | Foto: Reprodu\u00e7\u00e3o\/ Torbjorn Tande\/DeFodi Images\/DeFodi via Getty Images<\/small><\/div>\n<div class=\"g-news\"><\/div>\n<div class=\"article-html\">\n<div class=\"article-html-more\">\n<p><strong>A Fifa aprovou uma nova regra disciplinar que endurece as puni\u00e7\u00f5es para equipes que abandonarem partidas de forma coletiva em protesto contra decis\u00f5es da arbitragem.<\/strong> A partir da pr\u00f3xima Copa do Mundo, times que deixarem o gramado poder\u00e3o ser punidos com derrota por W.O.<\/p>\n<p><span class=\"highlight\">A decis\u00e3o foi oficializada durante o 76\u00ba congresso da entidade, realizado em Vancouver, no Canad\u00e1, com valida\u00e7\u00e3o da\u00a0<em>International Football Association Board (IFAB)<\/em>, respons\u00e1vel pela regulamenta\u00e7\u00e3o das regras do futebol.<\/span><\/p>\n<p>A mudan\u00e7a estabelece um limite mais r\u00edgido para manifesta\u00e7\u00f5es coletivas dentro de campo, especialmente em situa\u00e7\u00f5es em que toda a equipe decide interromper a partida como forma de protesto.<\/p>\n<h2><strong>Expuls\u00e3o e derrota autom\u00e1tica<\/strong><\/h2>\n<p><span class=\"highlight\">Al\u00e9m da derrota por W.O. em casos de abandono coletivo, a nova regra tamb\u00e9m prev\u00ea expuls\u00e3o para jogadores ou membros da comiss\u00e3o t\u00e9cnica que deixarem o campo individualmente como forma de contesta\u00e7\u00e3o.<\/span><\/p>\n<p>Segundo a Fifa, a medida busca evitar paralisa\u00e7\u00f5es prolongadas, preservar o andamento das partidas e refor\u00e7ar a autoridade da arbitragem dentro de campo.<\/p>\n<p>&nbsp;<\/p>\n<div class=\"dimg\"><img decoding=\"async\" class=\"i-amphtml-intrinsic-sizer\" role=\"presentation\" src=\"data:;base64,<svg height=\"676px\" width=\"1200px\" xmlns=\"http:\/\/www.w3.org\/2000\/svg\" version=\"1.1\"\/>&#8221; alt=&#8221;&#8221; aria-hidden=&#8221;true&#8221; \/><img decoding=\"async\" class=\"i-amphtml-fill-content i-amphtml-replaced-content\" src=\"https:\/\/www.meionews.com\/uploads\/imagens\/2026\/4\/29\/fifa-vai-punir-com-w-o-equipes-que-abandonarem-partidas-em-protesto--320e2763f6e19bf1.jpg\" alt=\"Senegal venceu a Copa Africana de Na\u00e7\u00f5es, mas t\u00edtulo foi retirado (Foto: Reprodu\u00e7\u00e3o\/ NurPhoto via Getty Images)\" data-amp-loading=\"lazy\" \/><\/div>\n<p><span class=\"fr-inner\">Senegal venceu a Copa Africana de Na\u00e7\u00f5es, mas t\u00edtulo foi retirado (Foto: Reprodu\u00e7\u00e3o\/ NurPhoto via Getty Images)<\/span>&nbsp;<\/p>\n<h2><strong>Caso na Copa Africana influenciou decis\u00e3o<\/strong><\/h2>\n<p>A nova diretriz ganhou for\u00e7a ap\u00f3s a final da Copa Africana de Na\u00e7\u00f5es, quando a sele\u00e7\u00e3o de Senegal chegou a deixar o gramado em protesto contra um p\u00eanalti marcado a favor de Marrocos.<\/p>\n<p>Os jogadores retornaram ap\u00f3s interven\u00e7\u00e3o de Sadio Man\u00e9 e venceram a partida na prorroga\u00e7\u00e3o, mas o epis\u00f3dio gerou forte repercuss\u00e3o nos bastidores do futebol africano.<\/p>\n<p>Meses depois, a Confedera\u00e7\u00e3o Africana de Futebol (CAF) reviu a decis\u00e3o e declarou Marrocos como campe\u00e3o da competi\u00e7\u00e3o.<\/p>\n<p>&nbsp;<\/p>\n<h2><strong>Regra tamb\u00e9m endurece puni\u00e7\u00e3o por insultos<\/strong><\/h2>\n<p><span class=\"highlight\">A Fifa tamb\u00e9m aprovou uma nova puni\u00e7\u00e3o para jogadores que tentarem esconder insultos durante discuss\u00f5es em campo, cobrindo a boca com a m\u00e3o.<\/span><\/p>\n<p>A medida ganhou destaque ap\u00f3s o epis\u00f3dio envolvendo Gianluca Prestianni e Vin\u00edcius J\u00fanior durante uma partida da Liga dos Campe\u00f5es.<\/p>\n<p>Com a nova regra, qualquer atleta que utilizar esse recurso para ofender advers\u00e1rios poder\u00e1 receber cart\u00e3o vermelho de forma direta.<\/p>\n<p>A decis\u00e3o foi aprovada por unanimidade nesta ter\u00e7a-feira (28) e tamb\u00e9m passa a valer a partir da pr\u00f3xima Copa do Mundo, prevista para junho, seguindo recomenda\u00e7\u00e3o da IFAB.<\/p>\n<p class=\"ads\">\n<div class=\"article-more\">\n<div class=\"more-news\">Fonte: Portal MeioNews.<br \/>\nConfira esta e outras mat\u00e9rias na \u00edntegra pelo link: https:\/\/www.meionews.com\/esportes\/fifa-vai-punir-com-w-o-equipes-que-abandonarem-partidas-em-protesto-entenda-562192<\/div>\n<\/div>\n<\/div>\n<\/div>\n","protected":false},"excerpt":{"rendered":"<p>Medida aprovada pela IFAB entra em vigor na Copa do Mundo; nova regra tamb\u00e9m prev\u00ea expuls\u00e3o para quem cobrir a boca para insultar advers\u00e1rios &nbsp; Senegal tem t\u00edtulo retirado, e Marrocos \u00e9 declarado campe\u00e3o da Copa Africana de Na\u00e7\u00f5es | Foto: Reprodu\u00e7\u00e3o\/ Torbjorn Tande\/DeFodi Images\/DeFodi via Getty Images A Fifa aprovou uma nova regra disciplinar [&hellip;]<\/p>\n","protected":false},"author":3,"featured_media":21025,"comment_status":"open","ping_status":"open","sticky":false,"template":"","format":"standard","meta":{"om_disable_all_campaigns":false,"_monsterinsights_skip_tracking":false,"_monsterinsights_sitenote_active":false,"_monsterinsights_sitenote_note":"","_monsterinsights_sitenote_category":0,"footnotes":""},"categories":[48],"tags":[],"class_list":["post-21024","post","type-post","status-publish","format-standard","has-post-thumbnail","hentry","category-esportes"],"jetpack_featured_media_url":"https:\/\/fatoelado.com\/wp-content\/uploads\/2026\/04\/senegal-tem-titulo-retirado-e-marrocos-e-declarado-campeao-da-copa-africana-de-nacoes-2297524383790557.jpg","_links":{"self":[{"href":"https:\/\/fatoelado.com\/index.php?rest_route=\/wp\/v2\/posts\/21024","targetHints":{"allow":["GET"]}}],"collection":[{"href":"https:\/\/fatoelado.com\/index.php?rest_route=\/wp\/v2\/posts"}],"about":[{"href":"https:\/\/fatoelado.com\/index.php?rest_route=\/wp\/v2\/types\/post"}],"author":[{"embeddable":true,"href":"https:\/\/fatoelado.com\/index.php?rest_route=\/wp\/v2\/users\/3"}],"replies":[{"embeddable":true,"href":"https:\/\/fatoelado.com\/index.php?rest_route=%2Fwp%2Fv2%2Fcomments&post=21024"}],"version-history":[{"count":1,"href":"https:\/\/fatoelado.com\/index.php?rest_route=\/wp\/v2\/posts\/21024\/revisions"}],"predecessor-version":[{"id":21026,"href":"https:\/\/fatoelado.com\/index.php?rest_route=\/wp\/v2\/posts\/21024\/revisions\/21026"}],"wp:featuredmedia":[{"embeddable":true,"href":"https:\/\/fatoelado.com\/index.php?rest_route=\/wp\/v2\/media\/21025"}],"wp:attachment":[{"href":"https:\/\/fatoelado.com\/index.php?rest_route=%2Fwp%2Fv2%2Fmedia&parent=21024"}],"wp:term":[{"taxonomy":"category","embeddable":true,"href":"https:\/\/fatoelado.com\/index.php?rest_route=%2Fwp%2Fv2%2Fcategories&post=21024"},{"taxonomy":"post_tag","embeddable":true,"href":"https:\/\/fatoelado.com\/index.php?rest_route=%2Fwp%2Fv2%2Ftags&post=21024"}],"curies":[{"name":"wp","href":"https:\/\/api.w.org\/{rel}","templated":true}]}}