{"id":21018,"date":"2026-04-29T10:50:39","date_gmt":"2026-04-29T13:50:39","guid":{"rendered":"https:\/\/fatoelado.com\/?p=21018"},"modified":"2026-04-29T10:50:39","modified_gmt":"2026-04-29T13:50:39","slug":"stf-retoma-julgamento-da-desoneracao-da-folha","status":"publish","type":"post","link":"https:\/\/fatoelado.com\/?p=21018","title":{"rendered":"STF retoma julgamento da desonera\u00e7\u00e3o da folha"},"content":{"rendered":"<p><img decoding=\"async\" class=\"aligncenter\" src=\"https:\/\/cidadeverde.com\/assets\/uploads\/colecoes\/2\/2025\/10\/54840542657_3ddb148a84_c.jpg\" alt=\"stf supremo tribunal federal\" \/><\/p>\n<p>O Supremo Tribunal Federal (STF) retoma nesta quarta-feira, 29, o julgamento sobre a desonera\u00e7\u00e3o da folha de pagamentos de 17 setores da economia e de munic\u00edpios. Em car\u00e1ter reservado, ministros e assessores da Corte afirmam que a tend\u00eancia \u00e9 o plen\u00e1rio, que julga uma lei de 2023, n\u00e3o mexer no acordo firmado posteriormente entre o governo e o Congresso Nacional sobre o tema.<\/p>\n<p>Est\u00e1 em julgamento no Supremo uma a\u00e7\u00e3o em que a Advocacia-Geral da Uni\u00e3o (AGU) questiona a validade da prorroga\u00e7\u00e3o da desonera\u00e7\u00e3o da folha em 2023 pelo Congresso Nacional. Segundo o \u00f3rg\u00e3o, a lei aprovada deveria ter apresentado medidas de arrecada\u00e7\u00e3o compensat\u00f3rias para prorrogar o benef\u00edcio.<\/p>\n<p>Em 2024, por\u00e9m, o governo Lula e o Legislativo fecharam um acordo prevendo a reonera\u00e7\u00e3o gradual entre 2025 e 2027. Como a negocia\u00e7\u00e3o foi firmada depois da chegada da a\u00e7\u00e3o ao tribunal, a avalia\u00e7\u00e3o interna \u00e9 de que os ministros n\u00e3o podem mudar a regra hoje em vigor.<\/p>\n<p>Por decis\u00e3o do Congresso, em vota\u00e7\u00f5es expressivas, a pol\u00edtica de desonera\u00e7\u00e3o foi prorrogada, mas acabou suspensa por uma decis\u00e3o liminar do ministro Cristiano Zanin, alegando que o Congresso n\u00e3o previu uma fonte de receitas para bancar a prorroga\u00e7\u00e3o do benef\u00edcio e n\u00e3o estimou o impacto nas contas p\u00fablicas.<\/p>\n<p>A a\u00e7\u00e3o do governo come\u00e7ou a ser analisada em plen\u00e1rio virtual no ano passado. No voto, Cristiano Zanin, o relator, manteve o entendimento da liminar e votou por derrubar a lei que prorrogou a desonera\u00e7\u00e3o em 2023 sem indicar as compensa\u00e7\u00f5es \u00e0 ren\u00fancia de receita.<\/p>\n<p>O ministro, por\u00e9m, optou por n\u00e3o analisar o acordo firmado entre o governo e o Congresso em 2024, j\u00e1 que n\u00e3o foi questionado na a\u00e7\u00e3o. Ainda assim, Zanin ressaltou no voto a import\u00e2ncia da &#8220;sustentabilidade or\u00e7ament\u00e1ria&#8221;.<\/p>\n<p>Ele foi acompanhado por Edson Fachin e Gilmar Mendes. Em seguida, Alexandre de Moraes pediu vista e interrompeu o julgamento. A retomada da discuss\u00e3o ser\u00e1 no plen\u00e1rio f\u00edsico e a tend\u00eancia \u00e9 de que o voto do relator seja seguido pela maioria.<\/p>\n<p>&nbsp;<\/p>\n<h2><strong>O que \u00e9 a desonera\u00e7\u00e3o da folha ?<\/strong><\/h2>\n<p>A desonera\u00e7\u00e3o da folha de pagamentos foi institu\u00edda em 2011, no governo de Dilma Rousseff, para setores intensivo em m\u00e3o de obra A medida substitui a contribui\u00e7\u00e3o previdenci\u00e1ria patronal de 20% incidente sobre a folha de sal\u00e1rios por al\u00edquotas de 1% a 4,5% sobre a receita bruta. Na pr\u00e1tica, h\u00e1 redu\u00e7\u00e3o da carga tribut\u00e1ria da contribui\u00e7\u00e3o previdenci\u00e1ria devida pelas empresas<\/p>\n<p>Com a judicializa\u00e7\u00e3o do caso ap\u00f3s a liminar de Zanin, suspendendo a prorroga\u00e7\u00e3o do Congresso, foi firmado um acordo o governo e o Congresso e o presidente Luiz In\u00e1cio Lula da Silva sancionou uma lei mantendo a desonera\u00e7\u00e3o da folha de pagamentos a empresas e munic\u00edpios at\u00e9 o fim de 2024.<\/p>\n<p>Tamb\u00e9m ficou que a tributa\u00e7\u00e3o seria retomada gradualmente entre 2025 e 2027, na seguinte grada\u00e7\u00e3o:<\/p>\n<p>&#8211; Em 2025, as empresas pagam 80% da al\u00edquota sobre a receita bruta e 25% da al\u00edquota sobre a folha.<\/p>\n<p>&#8211; Em 2026, as empresas pagam 60% da al\u00edquota sobre a receita bruta e 50% da al\u00edquota sobre a folha.<\/p>\n<p>&#8211; Em 2027, as empresas pagam 40% da al\u00edquota sobre a receita bruta e 75% da al\u00edquota sobre a folha.<\/p>\n<p>&#8211; A partir de 2028, as empresas retomam integralmente o pagamento da al\u00edquota sobre a folha, sem o pagamento sobre a receita bruta.<\/p>\n<h2><\/h2>\n<h2><strong>Setores alcan\u00e7ados\u00a0<\/strong><\/h2>\n<p>&#8211; confec\u00e7\u00e3o e vestu\u00e1rio;<\/p>\n<p>&#8211; cal\u00e7ados;<\/p>\n<p>&#8211; constru\u00e7\u00e3o civil;<\/p>\n<p>&#8211; call center;<\/p>\n<p>&#8211; comunica\u00e7\u00e3o;<\/p>\n<p>&#8211; empresas de constru\u00e7\u00e3o e obras de infraestrutura;<\/p>\n<p>&#8211; couro;<\/p>\n<p>&#8211; fabrica\u00e7\u00e3o de ve\u00edculos e carro\u00e7arias;<\/p>\n<p>&#8211; m\u00e1quinas e equipamentos;<\/p>\n<p>&#8211; prote\u00edna animal;<\/p>\n<p>&#8211; t\u00eaxtil;<\/p>\n<p>&#8211; TI (tecnologia da informa\u00e7\u00e3o);<\/p>\n<p>&#8211; TIC (tecnologia de comunica\u00e7\u00e3o);<\/p>\n<p>&#8211; projeto de circuitos integrados;<\/p>\n<p>&#8211; transporte metroferrovi\u00e1rio de passageiros;<\/p>\n<p>&#8211; transporte rodovi\u00e1rio coletivo;<\/p>\n<p>&#8211; transporte rodovi\u00e1rio de cargas.<\/p>\n<p>&nbsp;<\/p>\n<p>Fonte: Portal CidadeVerde.<br \/>\nConfira esta e outras mat\u00e9rias na \u00edntegra pelo link: https:\/\/cidadeverde.com\/noticias\/455110\/stf-retoma-julgamento-da-desoneracao-da-folha<\/p>\n","protected":false},"excerpt":{"rendered":"<p>O Supremo Tribunal Federal (STF) retoma nesta quarta-feira, 29, o julgamento sobre a desonera\u00e7\u00e3o da folha de pagamentos de 17 setores da economia e de munic\u00edpios. Em car\u00e1ter reservado, ministros e assessores da Corte afirmam que a tend\u00eancia \u00e9 o plen\u00e1rio, que julga uma lei de 2023, n\u00e3o mexer no acordo firmado posteriormente entre o [&hellip;]<\/p>\n","protected":false},"author":3,"featured_media":21019,"comment_status":"open","ping_status":"open","sticky":false,"template":"","format":"standard","meta":{"om_disable_all_campaigns":false,"_monsterinsights_skip_tracking":false,"_monsterinsights_sitenote_active":false,"_monsterinsights_sitenote_note":"","_monsterinsights_sitenote_category":0,"footnotes":""},"categories":[47],"tags":[],"class_list":["post-21018","post","type-post","status-publish","format-standard","has-post-thumbnail","hentry","category-nacionais"],"jetpack_featured_media_url":"https:\/\/fatoelado.com\/wp-content\/uploads\/2026\/04\/54840542657_3ddb148a84_c.jpg","_links":{"self":[{"href":"https:\/\/fatoelado.com\/index.php?rest_route=\/wp\/v2\/posts\/21018","targetHints":{"allow":["GET"]}}],"collection":[{"href":"https:\/\/fatoelado.com\/index.php?rest_route=\/wp\/v2\/posts"}],"about":[{"href":"https:\/\/fatoelado.com\/index.php?rest_route=\/wp\/v2\/types\/post"}],"author":[{"embeddable":true,"href":"https:\/\/fatoelado.com\/index.php?rest_route=\/wp\/v2\/users\/3"}],"replies":[{"embeddable":true,"href":"https:\/\/fatoelado.com\/index.php?rest_route=%2Fwp%2Fv2%2Fcomments&post=21018"}],"version-history":[{"count":1,"href":"https:\/\/fatoelado.com\/index.php?rest_route=\/wp\/v2\/posts\/21018\/revisions"}],"predecessor-version":[{"id":21020,"href":"https:\/\/fatoelado.com\/index.php?rest_route=\/wp\/v2\/posts\/21018\/revisions\/21020"}],"wp:featuredmedia":[{"embeddable":true,"href":"https:\/\/fatoelado.com\/index.php?rest_route=\/wp\/v2\/media\/21019"}],"wp:attachment":[{"href":"https:\/\/fatoelado.com\/index.php?rest_route=%2Fwp%2Fv2%2Fmedia&parent=21018"}],"wp:term":[{"taxonomy":"category","embeddable":true,"href":"https:\/\/fatoelado.com\/index.php?rest_route=%2Fwp%2Fv2%2Fcategories&post=21018"},{"taxonomy":"post_tag","embeddable":true,"href":"https:\/\/fatoelado.com\/index.php?rest_route=%2Fwp%2Fv2%2Ftags&post=21018"}],"curies":[{"name":"wp","href":"https:\/\/api.w.org\/{rel}","templated":true}]}}