{"id":20999,"date":"2026-04-29T05:30:50","date_gmt":"2026-04-29T08:30:50","guid":{"rendered":"https:\/\/fatoelado.com\/?p=20999"},"modified":"2026-04-28T22:33:09","modified_gmt":"2026-04-29T01:33:09","slug":"acordo-entre-mercosul-e-uniao-europeia-e-assinado-e-passa-a-valer-em-1o-de-maio","status":"publish","type":"post","link":"https:\/\/fatoelado.com\/?p=20999","title":{"rendered":"Acordo entre Mercosul e Uni\u00e3o Europeia \u00e9 assinado e passa a valer em 1\u00ba de maio"},"content":{"rendered":"<h2 class=\"article-subtitle\" style=\"text-align: center;\">Lula assina o decreto do acordo comercial entre Mercosul e Uni\u00e3o Europeia. Veja como a medida impacta a economia e quando as novas regras come\u00e7am a valer.<\/h2>\n<p>&nbsp;<\/p>\n<div class=\"article-image-featured\" style=\"text-align: center;\"><img decoding=\"async\" class=\"i-amphtml-fill-content i-amphtml-replaced-content aligncenter\" src=\"https:\/\/www.meionews.com\/uploads\/imagens\/2026\/4\/28\/presidente-lula--fba52e6805ec2a13.jpg\" alt=\"Presidente Lula | Foto: Ricardo Stuckert \/ PR\" data-amp-loading=\"lazy\" \/><small>Presidente Lula | Foto: Ricardo Stuckert \/ PR<\/small><\/div>\n<div class=\"g-news\"><\/div>\n<div class=\"article-html\">\n<div class=\"article-html-more\">\n<p><strong>O presidente Luiz In\u00e1cio Lula da Silva assinou,<\/strong>\u00a0nesta ter\u00e7a-feira (28), o decreto que oficializa o\u00a0<strong>acordo comercial entre o Mercosul e a Uni\u00e3o Europeia<\/strong>, concluindo a etapa de incorpora\u00e7\u00e3o do tratado ao ordenamento jur\u00eddico brasileiro.<\/p>\n<p>Com a medida, o acordo poder\u00e1 come\u00e7ar a ser aplicado de forma provis\u00f3ria a partir de 1\u00ba de maio, permitindo a implementa\u00e7\u00e3o gradual das regras entre os dois blocos. A promulga\u00e7\u00e3o ocorre ap\u00f3s o aval do Congresso Nacional e a troca de notifica\u00e7\u00f5es entre as partes, que j\u00e1 haviam cumprido os procedimentos necess\u00e1rios para essa fase inicial.<\/p>\n<p><strong>Resultado de 27 anos de negocia\u00e7\u00f5es<\/strong>, o tratado abre caminho para a forma\u00e7\u00e3o de uma das maiores \u00e1reas de livre com\u00e9rcio do mundo.<\/p>\n<p>Durante discurso, Lula destacou a longa dura\u00e7\u00e3o das tratativas e afirmou que o processo foi marcado por dificuldades. Segundo ele, acordos tendem a avan\u00e7ar mais rapidamente quando partem de pa\u00edses dominantes, enquanto na\u00e7\u00f5es em desenvolvimento enfrentam mais barreiras ao se tornarem competitivas.<\/p>\n<p>O presidente tamb\u00e9m classificou o acordo como fruto de muito esfor\u00e7o e ressaltou sua import\u00e2ncia para fortalecer o multilateralismo. Ao comentar medidas protecionistas adotadas pelos Estados Unidos sob o comando de Donald Trump, Lula afirmou que o Brasil buscou diversificar parcerias comerciais.<\/p>\n<p>Por fim, defendeu o protagonismo do pa\u00eds no cen\u00e1rio internacional, destacando que o Brasil tem potencial para negociar em condi\u00e7\u00f5es de igualdade com outras na\u00e7\u00f5es.<\/p>\n<\/div>\n<p>&nbsp;<\/p>\n<div class=\"article-html-more\">\n<div class=\"article-more\">\n<div class=\"more-news\">Fonte: Portal MeioNews.<br \/>\nConfira esta e outras mat\u00e9rias na \u00edntegra pelo link: https:\/\/www.meionews.com\/politica\/acordo-entre-mercosul-e-uniao-europeia-e-assinado-e-passa-a-valer-em-1-de-maio-562164<\/div>\n<\/div>\n<\/div>\n<\/div>\n","protected":false},"excerpt":{"rendered":"<p>Lula assina o decreto do acordo comercial entre Mercosul e Uni\u00e3o Europeia. Veja como a medida impacta a economia e quando as novas regras come\u00e7am a valer. &nbsp; Presidente Lula | Foto: Ricardo Stuckert \/ PR O presidente Luiz In\u00e1cio Lula da Silva assinou,\u00a0nesta ter\u00e7a-feira (28), o decreto que oficializa o\u00a0acordo comercial entre o Mercosul [&hellip;]<\/p>\n","protected":false},"author":3,"featured_media":21000,"comment_status":"open","ping_status":"open","sticky":false,"template":"","format":"standard","meta":{"om_disable_all_campaigns":false,"_monsterinsights_skip_tracking":false,"_monsterinsights_sitenote_active":false,"_monsterinsights_sitenote_note":"","_monsterinsights_sitenote_category":0,"footnotes":""},"categories":[47,30],"tags":[],"class_list":["post-20999","post","type-post","status-publish","format-standard","has-post-thumbnail","hentry","category-nacionais","category-politica"],"jetpack_featured_media_url":"https:\/\/fatoelado.com\/wp-content\/uploads\/2026\/04\/presidente-lula-fba52e6805ec2a13.jpg","_links":{"self":[{"href":"https:\/\/fatoelado.com\/index.php?rest_route=\/wp\/v2\/posts\/20999","targetHints":{"allow":["GET"]}}],"collection":[{"href":"https:\/\/fatoelado.com\/index.php?rest_route=\/wp\/v2\/posts"}],"about":[{"href":"https:\/\/fatoelado.com\/index.php?rest_route=\/wp\/v2\/types\/post"}],"author":[{"embeddable":true,"href":"https:\/\/fatoelado.com\/index.php?rest_route=\/wp\/v2\/users\/3"}],"replies":[{"embeddable":true,"href":"https:\/\/fatoelado.com\/index.php?rest_route=%2Fwp%2Fv2%2Fcomments&post=20999"}],"version-history":[{"count":1,"href":"https:\/\/fatoelado.com\/index.php?rest_route=\/wp\/v2\/posts\/20999\/revisions"}],"predecessor-version":[{"id":21001,"href":"https:\/\/fatoelado.com\/index.php?rest_route=\/wp\/v2\/posts\/20999\/revisions\/21001"}],"wp:featuredmedia":[{"embeddable":true,"href":"https:\/\/fatoelado.com\/index.php?rest_route=\/wp\/v2\/media\/21000"}],"wp:attachment":[{"href":"https:\/\/fatoelado.com\/index.php?rest_route=%2Fwp%2Fv2%2Fmedia&parent=20999"}],"wp:term":[{"taxonomy":"category","embeddable":true,"href":"https:\/\/fatoelado.com\/index.php?rest_route=%2Fwp%2Fv2%2Fcategories&post=20999"},{"taxonomy":"post_tag","embeddable":true,"href":"https:\/\/fatoelado.com\/index.php?rest_route=%2Fwp%2Fv2%2Ftags&post=20999"}],"curies":[{"name":"wp","href":"https:\/\/api.w.org\/{rel}","templated":true}]}}