{"id":20988,"date":"2026-04-28T10:49:38","date_gmt":"2026-04-28T13:49:38","guid":{"rendered":"https:\/\/fatoelado.com\/?p=20988"},"modified":"2026-04-28T10:49:38","modified_gmt":"2026-04-28T13:49:38","slug":"abril-verde-sead-realiza-seminario-para-tratar-sobre-saude-e-seguranca-do-trabalho-na-quinta-30","status":"publish","type":"post","link":"https:\/\/fatoelado.com\/?p=20988","title":{"rendered":"Abril Verde: Sead realiza semin\u00e1rio para tratar sobre sa\u00fade e seguran\u00e7a do trabalho na quinta (30)"},"content":{"rendered":"<h2 class=\"elementor-heading-title elementor-size-default\" style=\"text-align: center;\">O evento ser\u00e1 de 8h \u00e0s 13h30, no audit\u00f3rio do CRM, e foca no cuidado integral do trabalhador.<\/h2>\n<p>&nbsp;<\/p>\n<p>A Secretaria da Administra\u00e7\u00e3o (Sead), por meio do Centro Integrado de Aten\u00e7\u00e3o ao Servidor P\u00fablico do Estado do Piau\u00ed (Ciaspi), realiza, nesta quinta-feira (30), o Semin\u00e1rio Estadual de Sa\u00fade e Seguran\u00e7a do Trabalho em alus\u00e3o \u00e0 campanha Abril Verde 2026. O evento ser\u00e1 no audit\u00f3rio do Conselho Regional de Medicina (CRM).<\/p>\n<p>O semin\u00e1rio, que ocorre de 8h \u00e0s 13h30, foca no cuidado integral do trabalhador, abordando as mudan\u00e7as clim\u00e1ticas, novos riscos e sa\u00fade mental no ambiente de trabalho, e tem como p\u00fablico-alvo gestores e servidores dos \u00f3rg\u00e3os estaduais do Piau\u00ed; profissionais de Sa\u00fade e Seguran\u00e7a do Trabalho e profissionais e estudantes da \u00e1rea.<\/p>\n<figure id=\"attachment_31815\" class=\"wp-caption alignnone\" aria-describedby=\"caption-attachment-31815\"><img loading=\"lazy\" decoding=\"async\" class=\"size-full wp-image-31815\" src=\"https:\/\/www.pi.gov.br\/wp-content\/uploads\/2025\/02\/sead.jpg\" sizes=\"auto, (max-width: 1683px) 100vw, 1683px\" srcset=\"https:\/\/www.pi.gov.br\/wp-content\/uploads\/2025\/02\/sead.jpg 1683w, https:\/\/www.pi.gov.br\/wp-content\/uploads\/2025\/02\/sead-300x125.jpg 300w, https:\/\/www.pi.gov.br\/wp-content\/uploads\/2025\/02\/sead-1024x428.jpg 1024w, https:\/\/www.pi.gov.br\/wp-content\/uploads\/2025\/02\/sead-768x321.jpg 768w, https:\/\/www.pi.gov.br\/wp-content\/uploads\/2025\/02\/sead-1536x642.jpg 1536w\" alt=\"\" width=\"1683\" height=\"703\" \/><figcaption id=\"caption-attachment-31815\" class=\"wp-caption-text\">Foto: Ascom Sead<\/figcaption><\/figure>\n<p>A diretora do Ciaspi, Aline Melo, afirma que o evento \u00e9 uma boa oportunidade para atualiza\u00e7\u00e3o na \u00e1rea da seguran\u00e7a e medicina do trabalho. \u201cEsse semin\u00e1rio \u00e9 um espa\u00e7o fundamental para fortalecer o cuidado com o servidor p\u00fablico, promovendo sa\u00fade, seguran\u00e7a, qualidade de vida no trabalho e uma oportunidade para que diversos segmentos do setor privado discutam a\u00e7\u00f5es e mudan\u00e7as na \u00e1rea de sa\u00fade e seguran\u00e7a\u201d, disse a gestora.<\/p>\n<p>As inscri\u00e7\u00f5es devem ser feitas pelo<a href=\"https:\/\/doity.com.br\/1-280846-20260220090727-283825-20260319163323-286326-20260326083807-286825\"><strong>\u00a0link.<\/strong><\/a><\/p>\n<p>O evento \u00e9 realizado em parceria com a Associa\u00e7\u00e3o Piauiense dos Engenheiros de Seguran\u00e7a do Trabalho (Apiest) e Associa\u00e7\u00e3o Piauiense de Medicina do Trabalho (APMT) e o apoio do Conselho Regional de Engenharia (Crea-PI), CRM, Secretaria de Sa\u00fade do Piau\u00ed (Sesapi), por meio do Centro de Refer\u00eancia em Sa\u00fade do Trabalhador (Cerest), Vigil\u00e2ncia Sanit\u00e1ria e SUS.<\/p>\n<p><strong>Programa\u00e7\u00e3o:<\/strong><\/p>\n<p>7h30 Credenciamento<\/p>\n<p>8h Acolhimento<\/p>\n<p>8h30 Abertura \u2013 Mesa de Honra<\/p>\n<p>9h Reflex\u00f5es acerca da crise clim\u00e1tica e os impactos do calor extremo \u2013 Ministrante: Elisa Carvalho, Arquiteta e Urbanista da Prefeitura de Teresina<\/p>\n<p>9h30 Riscos Psicossociais e o Impacto no Ambiente Laboral \u2013 Ministrante: Lucas Rego, M\u00e9dico do Trabalho e Presidente da APMT<\/p>\n<p>10h A atua\u00e7\u00e3o do MTE na preven\u00e7\u00e3o de acidentes: Regulamenta\u00e7\u00e3o, fiscaliza\u00e7\u00e3o e di\u00e1logo \u2013 Ministrante: Rinaldo Marinho Costa Lima, Auditor Fiscal do Trabalho e Representante do Minist\u00e9rio do Trabalho e Emprego<\/p>\n<p>10h30 Coffe Break<\/p>\n<p>10h50 Dist\u00farbio de Voz: Relacionado ao Trabalho \u2013 DVRT: Como notificar? \u2013 Ministrante: Carlene de Souza Bitu, Fonoaudi\u00f3loga do Cerest<\/p>\n<p>11h20 IA na Seguran\u00e7a do Trabalho \u2013 Ministrante: Gilson Lopes Engenheiro de Seguran\u00e7a do Trabalho, Representante do Crea<\/p>\n<p>11h50 A Transforma\u00e7\u00e3o do eSocial: Caminhos e perspectivas para 2026 \u2013 Ministrante: Mauro Luis Fernandes de Sousa, Engenheiro de Seguran\u00e7a do Trabalho e Representante da Apiest<\/p>\n<p>12h20 Acidente de Trabalho: Conceito, Dados no Brasil (2023) e Piau\u00ed (2024), Nexo Causal e Concausal \u2013 Ministrante: Raimundo Leal Martins, M\u00e9dico do Trabalho e Membro da APMT<\/p>\n<p>12h50 Ciaspi por voc\u00ea: Apoio, Cuidado e Bem-Estar para o Servidor P\u00fablico \u2013 Ministrante: Aline Melo Diretora do Ciaspi<\/p>\n<p>13h30 Encerramento<\/p>\n<p>&nbsp;<\/p>\n<p>Fonte: Portal pi.Gov.<br \/>\nConfira esta e outras mat\u00e9rias na \u00edntegra pelo link: https:\/\/www.pi.gov.br\/abril-verde-sead-realiza-seminario-para-tratar-sobre-saude-e-seguranca-do-trabalho\/<\/p>\n","protected":false},"excerpt":{"rendered":"<p>O evento ser\u00e1 de 8h \u00e0s 13h30, no audit\u00f3rio do CRM, e foca no cuidado integral do trabalhador. &nbsp; A Secretaria da Administra\u00e7\u00e3o (Sead), por meio do Centro Integrado de Aten\u00e7\u00e3o ao Servidor P\u00fablico do Estado do Piau\u00ed (Ciaspi), realiza, nesta quinta-feira (30), o Semin\u00e1rio Estadual de Sa\u00fade e Seguran\u00e7a do Trabalho em alus\u00e3o \u00e0 [&hellip;]<\/p>\n","protected":false},"author":3,"featured_media":20989,"comment_status":"open","ping_status":"open","sticky":false,"template":"","format":"standard","meta":{"om_disable_all_campaigns":false,"_monsterinsights_skip_tracking":false,"_monsterinsights_sitenote_active":false,"_monsterinsights_sitenote_note":"","_monsterinsights_sitenote_category":0,"footnotes":""},"categories":[33],"tags":[],"class_list":["post-20988","post","type-post","status-publish","format-standard","has-post-thumbnail","hentry","category-piaui"],"jetpack_featured_media_url":"https:\/\/fatoelado.com\/wp-content\/uploads\/2026\/04\/sead.jpg","_links":{"self":[{"href":"https:\/\/fatoelado.com\/index.php?rest_route=\/wp\/v2\/posts\/20988","targetHints":{"allow":["GET"]}}],"collection":[{"href":"https:\/\/fatoelado.com\/index.php?rest_route=\/wp\/v2\/posts"}],"about":[{"href":"https:\/\/fatoelado.com\/index.php?rest_route=\/wp\/v2\/types\/post"}],"author":[{"embeddable":true,"href":"https:\/\/fatoelado.com\/index.php?rest_route=\/wp\/v2\/users\/3"}],"replies":[{"embeddable":true,"href":"https:\/\/fatoelado.com\/index.php?rest_route=%2Fwp%2Fv2%2Fcomments&post=20988"}],"version-history":[{"count":1,"href":"https:\/\/fatoelado.com\/index.php?rest_route=\/wp\/v2\/posts\/20988\/revisions"}],"predecessor-version":[{"id":20990,"href":"https:\/\/fatoelado.com\/index.php?rest_route=\/wp\/v2\/posts\/20988\/revisions\/20990"}],"wp:featuredmedia":[{"embeddable":true,"href":"https:\/\/fatoelado.com\/index.php?rest_route=\/wp\/v2\/media\/20989"}],"wp:attachment":[{"href":"https:\/\/fatoelado.com\/index.php?rest_route=%2Fwp%2Fv2%2Fmedia&parent=20988"}],"wp:term":[{"taxonomy":"category","embeddable":true,"href":"https:\/\/fatoelado.com\/index.php?rest_route=%2Fwp%2Fv2%2Fcategories&post=20988"},{"taxonomy":"post_tag","embeddable":true,"href":"https:\/\/fatoelado.com\/index.php?rest_route=%2Fwp%2Fv2%2Ftags&post=20988"}],"curies":[{"name":"wp","href":"https:\/\/api.w.org\/{rel}","templated":true}]}}