{"id":20979,"date":"2026-04-28T10:45:19","date_gmt":"2026-04-28T13:45:19","guid":{"rendered":"https:\/\/fatoelado.com\/?p=20979"},"modified":"2026-04-28T10:45:19","modified_gmt":"2026-04-28T13:45:19","slug":"rafael-fonteles-realiza-maior-nomeacao-da-historia-e-reforca-sistema-prisional-com-212-novos-policiais-penais-no-piaui","status":"publish","type":"post","link":"https:\/\/fatoelado.com\/?p=20979","title":{"rendered":"Rafael Fonteles realiza maior nomea\u00e7\u00e3o da hist\u00f3ria e refor\u00e7a sistema prisional com 212 novos policiais penais no Piau\u00ed"},"content":{"rendered":"<h2 class=\"elementor-heading-title elementor-size-default\" style=\"text-align: center;\">Durante a solenidade, o governador destacou a import\u00e2ncia da nomea\u00e7\u00e3o para o fortalecimento da pol\u00edtica de seguran\u00e7a p\u00fablica no estado.<\/h2>\n<p>&nbsp;<\/p>\n<p>O governador Rafael Fonteles nomeou, nesta ter\u00e7a-feira (28), 212 novos policiais penais durante a solenidade de formatura do curso de forma\u00e7\u00e3o dos aprovados no \u00faltimo concurso p\u00fablico realizado para o cargo. Os novos servidores ir\u00e3o refor\u00e7ar a seguran\u00e7a do sistema prisional do estado, ampliando o efetivo e fortalecendo a atua\u00e7\u00e3o nas unidades penitenci\u00e1rias piauienses.<\/p>\n<p>O curso de forma\u00e7\u00e3o foi realizado entre dezembro de 2025 e abril de 2026, com disciplinas te\u00f3ricas e pr\u00e1ticas voltadas ao cotidiano da fun\u00e7\u00e3o. Entre as atribui\u00e7\u00f5es dos policiais penais est\u00e3o a garantia da disciplina e seguran\u00e7a nas unidades, a realiza\u00e7\u00e3o de rondas, a assist\u00eancia aos internos, a identifica\u00e7\u00e3o e qualifica\u00e7\u00e3o dos custodiados e a fiscaliza\u00e7\u00e3o de presos submetidos \u00e0 monitora\u00e7\u00e3o eletr\u00f4nica.<\/p>\n<figure id=\"attachment_133961\" class=\"wp-caption alignnone\" aria-describedby=\"caption-attachment-133961\"><img loading=\"lazy\" decoding=\"async\" class=\"size-full wp-image-133961\" src=\"https:\/\/www.pi.gov.br\/wp-content\/uploads\/2026\/04\/Solenidade-de-Formatura-da-Policia-Penal-do-Piaui-gabriel-paulino-21.jpeg\" sizes=\"auto, (max-width: 1280px) 100vw, 1280px\" srcset=\"https:\/\/www.pi.gov.br\/wp-content\/uploads\/2026\/04\/Solenidade-de-Formatura-da-Policia-Penal-do-Piaui-gabriel-paulino-21.jpeg 1280w, https:\/\/www.pi.gov.br\/wp-content\/uploads\/2026\/04\/Solenidade-de-Formatura-da-Policia-Penal-do-Piaui-gabriel-paulino-21-300x200.jpeg 300w, https:\/\/www.pi.gov.br\/wp-content\/uploads\/2026\/04\/Solenidade-de-Formatura-da-Policia-Penal-do-Piaui-gabriel-paulino-21-1024x683.jpeg 1024w, https:\/\/www.pi.gov.br\/wp-content\/uploads\/2026\/04\/Solenidade-de-Formatura-da-Policia-Penal-do-Piaui-gabriel-paulino-21-768x512.jpeg 768w\" alt=\"\" width=\"1280\" height=\"854\" \/><figcaption id=\"caption-attachment-133961\" class=\"wp-caption-text\">Foto: Gabriel Paulino<\/figcaption><\/figure>\n<p>Durante a solenidade, o governador destacou a import\u00e2ncia da nomea\u00e7\u00e3o para o fortalecimento da pol\u00edtica de seguran\u00e7a p\u00fablica. \u201c\u00c9 a maior nomea\u00e7\u00e3o da hist\u00f3ria da Pol\u00edcia Penal do Piau\u00ed, refor\u00e7ando o sistema penitenci\u00e1rio, que \u00e9 um elo importante da seguran\u00e7a p\u00fablica. S\u00e3o mais de 200 profissionais que conclu\u00edram o curso de forma\u00e7\u00e3o e que, em breve, estar\u00e3o atuando nas unidades prisionais do estado\u201d, afirmou Rafael Fonteles.<\/p>\n<figure id=\"attachment_133940\" class=\"wp-caption alignnone\" aria-describedby=\"caption-attachment-133940\"><img loading=\"lazy\" decoding=\"async\" class=\"size-full wp-image-133940\" src=\"https:\/\/www.pi.gov.br\/wp-content\/uploads\/2026\/04\/Solenidade-de-Formatura-da-Policia-Penal-do-Piaui-gabriel-paulino-1.jpeg\" sizes=\"auto, (max-width: 1280px) 100vw, 1280px\" srcset=\"https:\/\/www.pi.gov.br\/wp-content\/uploads\/2026\/04\/Solenidade-de-Formatura-da-Policia-Penal-do-Piaui-gabriel-paulino-1.jpeg 1280w, https:\/\/www.pi.gov.br\/wp-content\/uploads\/2026\/04\/Solenidade-de-Formatura-da-Policia-Penal-do-Piaui-gabriel-paulino-1-300x200.jpeg 300w, https:\/\/www.pi.gov.br\/wp-content\/uploads\/2026\/04\/Solenidade-de-Formatura-da-Policia-Penal-do-Piaui-gabriel-paulino-1-1024x683.jpeg 1024w, https:\/\/www.pi.gov.br\/wp-content\/uploads\/2026\/04\/Solenidade-de-Formatura-da-Policia-Penal-do-Piaui-gabriel-paulino-1-768x512.jpeg 768w\" alt=\"\" width=\"1280\" height=\"854\" \/><figcaption id=\"caption-attachment-133940\" class=\"wp-caption-text\">Foto: Gabriel Paulino<\/figcaption><\/figure>\n<p>O secret\u00e1rio da Justi\u00e7a, Heitor Bezerra, destacou o refor\u00e7o no quadro de servidores e o impacto da nova nomea\u00e7\u00e3o no sistema prisional. \u201cDesde 2023, o efetivo de policiais penais cresceu em torno de 40%, um avan\u00e7o importante diante do aumento da popula\u00e7\u00e3o carcer\u00e1ria, que subiu cerca de 75% no mesmo per\u00edodo. Essa nova turma ser\u00e1 distribu\u00edda conforme o desempenho nas provas do curso de forma\u00e7\u00e3o, permitindo que os melhores colocados escolham as unidades onde ir\u00e3o atuar\u201d, explicou o gestor.<\/p>\n<figure id=\"attachment_133946\" class=\"wp-caption alignnone\" aria-describedby=\"caption-attachment-133946\"><img loading=\"lazy\" decoding=\"async\" class=\"size-full wp-image-133946\" src=\"https:\/\/www.pi.gov.br\/wp-content\/uploads\/2026\/04\/Solenidade-de-Formatura-da-Policia-Penal-do-Piaui-gabriel-paulino-7.jpeg\" sizes=\"auto, (max-width: 1280px) 100vw, 1280px\" srcset=\"https:\/\/www.pi.gov.br\/wp-content\/uploads\/2026\/04\/Solenidade-de-Formatura-da-Policia-Penal-do-Piaui-gabriel-paulino-7.jpeg 1280w, https:\/\/www.pi.gov.br\/wp-content\/uploads\/2026\/04\/Solenidade-de-Formatura-da-Policia-Penal-do-Piaui-gabriel-paulino-7-300x200.jpeg 300w, https:\/\/www.pi.gov.br\/wp-content\/uploads\/2026\/04\/Solenidade-de-Formatura-da-Policia-Penal-do-Piaui-gabriel-paulino-7-1024x683.jpeg 1024w, https:\/\/www.pi.gov.br\/wp-content\/uploads\/2026\/04\/Solenidade-de-Formatura-da-Policia-Penal-do-Piaui-gabriel-paulino-7-768x512.jpeg 768w\" alt=\"\" width=\"1280\" height=\"854\" \/><figcaption id=\"caption-attachment-133946\" class=\"wp-caption-text\">Foto: Gabriel Paulino<\/figcaption><\/figure>\n<p>Rafael Fonteles tamb\u00e9m ressaltou os investimentos no sistema prisional, com foco na ressocializa\u00e7\u00e3o. \u201cTemos determinado que todas as unidades prisionais tenham estudo e trabalho para os internos, aumentando as chances de ressocializa\u00e7\u00e3o. J\u00e1 avan\u00e7amos, com internos estudando e com atividades laborais em \u00e1reas como constru\u00e7\u00e3o civil, panifica\u00e7\u00e3o e corte e costura, e a meta \u00e9 ampliar essas a\u00e7\u00f5es em todo o sistema\u201d, destacou o gestor.<\/p>\n<figure id=\"attachment_133941\" class=\"wp-caption alignnone\" aria-describedby=\"caption-attachment-133941\"><img loading=\"lazy\" decoding=\"async\" class=\"wp-image-133941 size-full\" src=\"https:\/\/www.pi.gov.br\/wp-content\/uploads\/2026\/04\/Solenidade-de-Formatura-da-Policia-Penal-do-Piaui-gabriel-paulino-2.jpeg\" sizes=\"auto, (max-width: 1280px) 100vw, 1280px\" srcset=\"https:\/\/www.pi.gov.br\/wp-content\/uploads\/2026\/04\/Solenidade-de-Formatura-da-Policia-Penal-do-Piaui-gabriel-paulino-2.jpeg 1280w, https:\/\/www.pi.gov.br\/wp-content\/uploads\/2026\/04\/Solenidade-de-Formatura-da-Policia-Penal-do-Piaui-gabriel-paulino-2-300x200.jpeg 300w, https:\/\/www.pi.gov.br\/wp-content\/uploads\/2026\/04\/Solenidade-de-Formatura-da-Policia-Penal-do-Piaui-gabriel-paulino-2-1024x683.jpeg 1024w, https:\/\/www.pi.gov.br\/wp-content\/uploads\/2026\/04\/Solenidade-de-Formatura-da-Policia-Penal-do-Piaui-gabriel-paulino-2-768x512.jpeg 768w\" alt=\"\" width=\"1280\" height=\"854\" \/><figcaption id=\"caption-attachment-133941\" class=\"wp-caption-text\">Foto: Gabriel Paulino<\/figcaption><\/figure>\n<p>A formanda Nathyelle Carvalho enfatizou a prepara\u00e7\u00e3o recebida durante o curso e a expectativa para o in\u00edcio das atividades. \u201cRecebemos uma forma\u00e7\u00e3o completa, com cerca de 30 disciplinas, voltada tanto para a atua\u00e7\u00e3o na seguran\u00e7a quanto para o tratamento humanizado das pessoas privadas de liberdade. Agora \u00e9 aplicar na pr\u00e1tica todo esse aprendizado. Estamos muito felizes e ansiosos para come\u00e7ar a trabalhar e contribuir com o sistema prisional do estado\u201d, disse a nova policial penal.<\/p>\n<p>&nbsp;<\/p>\n<p>Em 2025, o governador Rafael Fonteles nomeou 207 policiais penais para o refor\u00e7o da seguran\u00e7a e estrutura do sistema prisional piauiense. Atualmente, o sistema prisional do Piau\u00ed possui 17 unidades penais em cidades como Parna\u00edba, Buriti dos Lopes, Esperantina, Campo Maior, Altos, Teresina, Oeiras, Floriano, Picos, S\u00e3o Raimundo Nonato e Bom Jesus.<\/p>\n<figure id=\"attachment_133945\" class=\"wp-caption alignnone\" aria-describedby=\"caption-attachment-133945\"><img loading=\"lazy\" decoding=\"async\" class=\"size-full wp-image-133945\" src=\"https:\/\/www.pi.gov.br\/wp-content\/uploads\/2026\/04\/Solenidade-de-Formatura-da-Policia-Penal-do-Piaui-gabriel-paulino-6.jpeg\" sizes=\"auto, (max-width: 1280px) 100vw, 1280px\" srcset=\"https:\/\/www.pi.gov.br\/wp-content\/uploads\/2026\/04\/Solenidade-de-Formatura-da-Policia-Penal-do-Piaui-gabriel-paulino-6.jpeg 1280w, https:\/\/www.pi.gov.br\/wp-content\/uploads\/2026\/04\/Solenidade-de-Formatura-da-Policia-Penal-do-Piaui-gabriel-paulino-6-300x200.jpeg 300w, https:\/\/www.pi.gov.br\/wp-content\/uploads\/2026\/04\/Solenidade-de-Formatura-da-Policia-Penal-do-Piaui-gabriel-paulino-6-1024x683.jpeg 1024w, https:\/\/www.pi.gov.br\/wp-content\/uploads\/2026\/04\/Solenidade-de-Formatura-da-Policia-Penal-do-Piaui-gabriel-paulino-6-768x512.jpeg 768w\" alt=\"\" width=\"1280\" height=\"854\" \/><figcaption id=\"caption-attachment-133945\" class=\"wp-caption-text\">Foto: Gabriel Paulino<\/p>\n<p>Fonte: Portal pi.Gov.<br \/>\nConfira esta e outras mat\u00e9rias na \u00edntegra pelo link: https:\/\/www.pi.gov.br\/rafael-fonteles-realiza-maior-nomeacao-da-historia-e-reforca-sistema-prisional-com-212-novos-policiais-penais-no-piaui\/<\/figcaption><\/figure>\n","protected":false},"excerpt":{"rendered":"<p>Durante a solenidade, o governador destacou a import\u00e2ncia da nomea\u00e7\u00e3o para o fortalecimento da pol\u00edtica de seguran\u00e7a p\u00fablica no estado. &nbsp; O governador Rafael Fonteles nomeou, nesta ter\u00e7a-feira (28), 212 novos policiais penais durante a solenidade de formatura do curso de forma\u00e7\u00e3o dos aprovados no \u00faltimo concurso p\u00fablico realizado para o cargo. Os novos servidores [&hellip;]<\/p>\n","protected":false},"author":3,"featured_media":20980,"comment_status":"open","ping_status":"open","sticky":false,"template":"","format":"standard","meta":{"om_disable_all_campaigns":false,"_monsterinsights_skip_tracking":false,"_monsterinsights_sitenote_active":false,"_monsterinsights_sitenote_note":"","_monsterinsights_sitenote_category":0,"footnotes":""},"categories":[33],"tags":[],"class_list":["post-20979","post","type-post","status-publish","format-standard","has-post-thumbnail","hentry","category-piaui"],"jetpack_featured_media_url":"https:\/\/fatoelado.com\/wp-content\/uploads\/2026\/04\/Solenidade-de-Formatura-da-Policia-Penal-do-Piaui-gabriel-paulino-2.jpeg","_links":{"self":[{"href":"https:\/\/fatoelado.com\/index.php?rest_route=\/wp\/v2\/posts\/20979","targetHints":{"allow":["GET"]}}],"collection":[{"href":"https:\/\/fatoelado.com\/index.php?rest_route=\/wp\/v2\/posts"}],"about":[{"href":"https:\/\/fatoelado.com\/index.php?rest_route=\/wp\/v2\/types\/post"}],"author":[{"embeddable":true,"href":"https:\/\/fatoelado.com\/index.php?rest_route=\/wp\/v2\/users\/3"}],"replies":[{"embeddable":true,"href":"https:\/\/fatoelado.com\/index.php?rest_route=%2Fwp%2Fv2%2Fcomments&post=20979"}],"version-history":[{"count":1,"href":"https:\/\/fatoelado.com\/index.php?rest_route=\/wp\/v2\/posts\/20979\/revisions"}],"predecessor-version":[{"id":20981,"href":"https:\/\/fatoelado.com\/index.php?rest_route=\/wp\/v2\/posts\/20979\/revisions\/20981"}],"wp:featuredmedia":[{"embeddable":true,"href":"https:\/\/fatoelado.com\/index.php?rest_route=\/wp\/v2\/media\/20980"}],"wp:attachment":[{"href":"https:\/\/fatoelado.com\/index.php?rest_route=%2Fwp%2Fv2%2Fmedia&parent=20979"}],"wp:term":[{"taxonomy":"category","embeddable":true,"href":"https:\/\/fatoelado.com\/index.php?rest_route=%2Fwp%2Fv2%2Fcategories&post=20979"},{"taxonomy":"post_tag","embeddable":true,"href":"https:\/\/fatoelado.com\/index.php?rest_route=%2Fwp%2Fv2%2Ftags&post=20979"}],"curies":[{"name":"wp","href":"https:\/\/api.w.org\/{rel}","templated":true}]}}