{"id":20973,"date":"2026-04-28T10:43:56","date_gmt":"2026-04-28T13:43:56","guid":{"rendered":"https:\/\/fatoelado.com\/?p=20973"},"modified":"2026-04-28T10:43:56","modified_gmt":"2026-04-28T13:43:56","slug":"governo-do-estado-institui-programa-de-preparacao-para-aposentadoria-de-servidores-publicos","status":"publish","type":"post","link":"https:\/\/fatoelado.com\/?p=20973","title":{"rendered":"Governo do Estado institui programa de prepara\u00e7\u00e3o para aposentadoria de servidores p\u00fablicos"},"content":{"rendered":"<h2 class=\"elementor-heading-title elementor-size-default\" style=\"text-align: center;\">A participa\u00e7\u00e3o ser\u00e1 priorit\u00e1ria para servidores que se encontrem a at\u00e9 cinco anos da data estimada para aposentadoria volunt\u00e1ria.<\/h2>\n<p>&nbsp;<\/p>\n<p>O Governo do Piau\u00ed vai iniciar as a\u00e7\u00f5es do\u00a0<a href=\"https:\/\/www.pi.gov.br\/wp-content\/uploads\/2026\/04\/aposentadoriadiario.pdf\">Programa de Prepara\u00e7\u00e3o para Aposentadoria (PPA)<\/a>, por meio do Programa Viva+, realizado pela Secretaria da Administra\u00e7\u00e3o, e do Programa de Educa\u00e7\u00e3o Previdenci\u00e1ria e Forma\u00e7\u00e3o Permanente, sob a responsabilidade da Funda\u00e7\u00e3o Piau\u00ed Previd\u00eancia (Piau\u00edPrev).<\/p>\n<p>Os principais objetivos do programa s\u00e3o planejar e desenvolver a\u00e7\u00f5es de sa\u00fade e seguran\u00e7a do trabalho no \u00e2mbito do PPA, incluindo a identifica\u00e7\u00e3o e preven\u00e7\u00e3o de riscos ocupacionais, promo\u00e7\u00e3o da sa\u00fade f\u00edsica e mental, acompanhamento das condi\u00e7\u00f5es de trabalho e implementa\u00e7\u00e3o de medidas educativas e preventivas voltadas ao servidor estadual. Tamb\u00e9m est\u00e3o previstas orienta\u00e7\u00f5es t\u00e9cnica aos servidores quanto \u00e0 compreens\u00e3o de sua situa\u00e7\u00e3o previdenci\u00e1ria e ao planejamento para a aposentadoria; e o desenvolvimento de a\u00e7\u00f5es de educa\u00e7\u00e3o previdenci\u00e1ria, di\u00e1logo institucional e divulga\u00e7\u00e3o de informa\u00e7\u00f5es previdenci\u00e1rias voltadas aos segurados e \u00e0 Administra\u00e7\u00e3o P\u00fablica Estadual.<\/p>\n<p>A participa\u00e7\u00e3o ser\u00e1 priorit\u00e1ria para servidores que se encontrem a at\u00e9 cinco anos da data estimada para aposentadoria volunt\u00e1ria, facultada a ades\u00e3o de demais interessados.<\/p>\n<p>O secret\u00e1rio da Administra\u00e7\u00e3o, Samuel Pontes do Nascimento, ressalta a import\u00e2ncia desse programa para que o servidor tome conhecimento de como funciona a pol\u00edtica previdenci\u00e1ria. \u201cEssa \u00e9 uma forma de preparar nossos servidores para a futura aposentadoria. N\u00e3o se trata apenas de orientar sobre regras previdenci\u00e1rias, mas de oferecer um suporte mais amplo, que envolve sa\u00fade, bem-estar e planejamento de vida. Queremos que nossos servidores cheguem \u00e0 aposentadoria com seguran\u00e7a e consci\u00eancia de seus direitos\u201d, pontuou o gestor.<\/p>\n<figure id=\"attachment_8127\" class=\"wp-caption alignnone\" aria-describedby=\"caption-attachment-8127\"><img loading=\"lazy\" decoding=\"async\" class=\"size-full wp-image-8127\" src=\"https:\/\/www.pi.gov.br\/wp-content\/uploads\/2024\/11\/Whats_App_Image_2024_06_06_at_09_23_09_952e7b1d6a.jpeg\" sizes=\"auto, (max-width: 1536px) 100vw, 1536px\" srcset=\"https:\/\/www.pi.gov.br\/wp-content\/uploads\/2024\/11\/Whats_App_Image_2024_06_06_at_09_23_09_952e7b1d6a.jpeg 1536w, https:\/\/www.pi.gov.br\/wp-content\/uploads\/2024\/11\/Whats_App_Image_2024_06_06_at_09_23_09_952e7b1d6a-300x200.jpeg 300w, https:\/\/www.pi.gov.br\/wp-content\/uploads\/2024\/11\/Whats_App_Image_2024_06_06_at_09_23_09_952e7b1d6a-1024x683.jpeg 1024w, https:\/\/www.pi.gov.br\/wp-content\/uploads\/2024\/11\/Whats_App_Image_2024_06_06_at_09_23_09_952e7b1d6a-768x512.jpeg 768w\" alt=\"\" width=\"1536\" height=\"1024\" \/><figcaption id=\"caption-attachment-8127\" class=\"wp-caption-text\">Foto: Arquivo Piau\u00edPrev<\/figcaption><\/figure>\n<p>Dentro das a\u00e7\u00f5es realizadas pelo Programa Viva+ est\u00e3o previstos encontros presenciais mensais, oficinas, rodas de conversa, materiais digitais e desafios coletivos; al\u00e9m de relat\u00f3rios de acompanhamento e avalia\u00e7\u00e3o.<\/p>\n<p>J\u00e1 o Programa de Educa\u00e7\u00e3o Previdenci\u00e1ria e Forma\u00e7\u00e3o Permanente da Piau\u00edPrev abranger\u00e1 plano de a\u00e7\u00e3o de capacita\u00e7\u00e3o para servidores da unidade gestora, seus dirigentes, membros dos conselhos e do comit\u00ea de investimentos; a\u00e7\u00f5es de di\u00e1logo com segurados e sociedade; bem como de prepara\u00e7\u00e3o para aposentadoria e envelhecimento ativo.<\/p>\n<p>&nbsp;<\/p>\n<p>Fonte: Portal pi.Gov.<br \/>\nConfira esta e outras mat\u00e9rias na \u00edntegra pelo link: https:\/\/www.pi.gov.br\/governo-do-estado-institui-programa-de-preparacao-para-aposentadoria-de-servidores-publicos\/<\/p>\n","protected":false},"excerpt":{"rendered":"<p>A participa\u00e7\u00e3o ser\u00e1 priorit\u00e1ria para servidores que se encontrem a at\u00e9 cinco anos da data estimada para aposentadoria volunt\u00e1ria. &nbsp; O Governo do Piau\u00ed vai iniciar as a\u00e7\u00f5es do\u00a0Programa de Prepara\u00e7\u00e3o para Aposentadoria (PPA), por meio do Programa Viva+, realizado pela Secretaria da Administra\u00e7\u00e3o, e do Programa de Educa\u00e7\u00e3o Previdenci\u00e1ria e Forma\u00e7\u00e3o Permanente, sob a [&hellip;]<\/p>\n","protected":false},"author":3,"featured_media":20974,"comment_status":"open","ping_status":"open","sticky":false,"template":"","format":"standard","meta":{"om_disable_all_campaigns":false,"_monsterinsights_skip_tracking":false,"_monsterinsights_sitenote_active":false,"_monsterinsights_sitenote_note":"","_monsterinsights_sitenote_category":0,"footnotes":""},"categories":[33],"tags":[],"class_list":["post-20973","post","type-post","status-publish","format-standard","has-post-thumbnail","hentry","category-piaui"],"jetpack_featured_media_url":"https:\/\/fatoelado.com\/wp-content\/uploads\/2026\/04\/Whats_App_Image_2024_06_06_at_09_23_09_952e7b1d6a.jpeg","_links":{"self":[{"href":"https:\/\/fatoelado.com\/index.php?rest_route=\/wp\/v2\/posts\/20973","targetHints":{"allow":["GET"]}}],"collection":[{"href":"https:\/\/fatoelado.com\/index.php?rest_route=\/wp\/v2\/posts"}],"about":[{"href":"https:\/\/fatoelado.com\/index.php?rest_route=\/wp\/v2\/types\/post"}],"author":[{"embeddable":true,"href":"https:\/\/fatoelado.com\/index.php?rest_route=\/wp\/v2\/users\/3"}],"replies":[{"embeddable":true,"href":"https:\/\/fatoelado.com\/index.php?rest_route=%2Fwp%2Fv2%2Fcomments&post=20973"}],"version-history":[{"count":1,"href":"https:\/\/fatoelado.com\/index.php?rest_route=\/wp\/v2\/posts\/20973\/revisions"}],"predecessor-version":[{"id":20975,"href":"https:\/\/fatoelado.com\/index.php?rest_route=\/wp\/v2\/posts\/20973\/revisions\/20975"}],"wp:featuredmedia":[{"embeddable":true,"href":"https:\/\/fatoelado.com\/index.php?rest_route=\/wp\/v2\/media\/20974"}],"wp:attachment":[{"href":"https:\/\/fatoelado.com\/index.php?rest_route=%2Fwp%2Fv2%2Fmedia&parent=20973"}],"wp:term":[{"taxonomy":"category","embeddable":true,"href":"https:\/\/fatoelado.com\/index.php?rest_route=%2Fwp%2Fv2%2Fcategories&post=20973"},{"taxonomy":"post_tag","embeddable":true,"href":"https:\/\/fatoelado.com\/index.php?rest_route=%2Fwp%2Fv2%2Ftags&post=20973"}],"curies":[{"name":"wp","href":"https:\/\/api.w.org\/{rel}","templated":true}]}}