{"id":20969,"date":"2026-04-28T10:42:46","date_gmt":"2026-04-28T13:42:46","guid":{"rendered":"https:\/\/fatoelado.com\/?p=20969"},"modified":"2026-04-28T10:42:46","modified_gmt":"2026-04-28T13:42:46","slug":"fernando-diniz-iguala-marca-defensiva-historica-do-corinthians-de-tite","status":"publish","type":"post","link":"https:\/\/fatoelado.com\/?p=20969","title":{"rendered":"Fernando Diniz iguala marca defensiva hist\u00f3rica do Corinthians de Tite"},"content":{"rendered":"<div class=\"flex w-full flex-col gap-2 pb-2 md:gap-4 md:mt-6 md:mb-4\">\n<h2 class=\"font-krub text-base leading-normal font-normal text-start text-[#4D5156] w-full\" style=\"text-align: center;\">Treinador alcan\u00e7a desempenho expressivo no comando alvinegro<\/h2>\n<\/div>\n<figure class=\"relative w-full overflow-hidden tab-m:w-screen tab-m:max-w-screen-md md:-mt-4 tab-m:-mx-4 tab-m:rounded-b-none rounded-b-2xl max-h-[355px] desk-news:max-h-[501px]\">\n<div class=\"w-full rounded-[20px] h-20 -z-10 -mb-[75px] tab:w-screen mx-auto\"><\/div>\n<div class=\"relative max-h-[350px] desk-news:max-h-[496px] bg-transparent h-full max-h-[350px]\"><img loading=\"lazy\" decoding=\"async\" class=\"rounded-lg object-cover object-top tab-m:rounded-t-2xl tab-m:rounded-b-none rounded-b-2xl max-h-[350px] h-[350px] desk-news:h-full desk-news:max-h-[496px] flex-shrink-0 w-full aligncenter\" src=\"https:\/\/lncimg.lance.com.br\/cdn-cgi\/image\/width=950,quality=75,fit=pad,format=webp\/uploads\/2026\/04\/32932905-high-scaled-aspect-ratio-512-320.jpeg\" srcset=\"https:\/\/lncimg.lance.com.br\/cdn-cgi\/image\/width=950,quality=75,fit=pad,format=webp\/uploads\/2026\/04\/32932905-high-scaled-aspect-ratio-512-320.jpeg 1x\" alt=\"Fernando Diniz, t\u00e9cnico do Corinthians (Foto: Vilmar Bannach\/Ekobanpress\/Folhapress)\" width=\"850\" height=\"350\" data-nimg=\"1\" \/><\/div>\n<\/figure>\n<div class=\"undefined w-full relative flex justify-center items-end\"><\/div>\n<div>\n<p class=\"w-full text-lg font-krub text-gray-500 leading-30\">O t\u00e9cnico Fernando Diniz igualou, no comando do\u00a0<strong class=\"font-bold\">Corinthians<\/strong>, um dado importante da equipe de 2015. Ao manter a defesa sem ser vazada no confronto contra o\u00a0<strong class=\"font-bold\">Vasco<\/strong>, pelo\u00a0<strong class=\"font-bold\">Campeonato Brasileiro<\/strong>, o treinador completou seis jogos sem sofrer gols \u00e0 frente da equipe, marca que tamb\u00e9m havia sido alcan\u00e7ada pelo antecessor no per\u00edodo.<\/p>\n<p>Naquela temporada, o Corinthians atingiu seis partidas consecutivas sem ser vazado, com desempenho de cinco vit\u00f3rias e um empate, al\u00e9m de 89% de aproveitamento e oito gols marcados. A sequ\u00eancia incluiu triunfos sobre\u00a0Linense,\u00a0Mogi Mirim,\u00a0San Lorenzo,\u00a0<strong class=\"font-bold\">S\u00e3o Paulo<\/strong>\u00a0e\u00a0S\u00e3o Bernardo, al\u00e9m de um empate sem gols contra o Red Bull Brasil, consolidando um dos momentos mais consistentes defensivamente da equipe.<\/p>\n<p class=\"w-full text-lg font-krub text-gray-500 leading-30\">Em 2026, o cen\u00e1rio \u00e9 semelhante. O time comandado por Diniz soma seis jogos de invencibilidade defensiva, com quatro vit\u00f3rias e dois empates, al\u00e9m de 78% de aproveitamento e cinco gols marcados. A sequ\u00eancia come\u00e7ou com vit\u00f3ria sobre o\u00a0Platense\u00a0e passou por duelos contra\u00a0<strong class=\"font-bold\">Palmeiras<\/strong>,\u00a0Santa Fe,\u00a0Vit\u00f3ria,\u00a0Barra\u00a0e Vasco mantendo a meta alvinegra intacta em todos eles.<\/p>\n<p>&nbsp;<\/p>\n<h2 class=\"w-full text-lg font-krub text-gray-500 leading-30\"><strong class=\"font-bold\">Sequ\u00eancia de 2015<\/strong><\/h2>\n<p class=\"w-full text-lg font-krub text-gray-500 leading-30\"><strong class=\"font-bold\">Desempenho:<br \/>\n<\/strong>5V &#8211; 1E<br \/>\n89% de aproveitamento<br \/>\n8 gols marcados<\/p>\n<section class=\"w-full text-lg font-krub text-gray-500 leading-30 pl-8 tab-m:pl-0\">\n<div class=\"flex items-center justify-start gap-4 h-full\">\n<ul>\n<li class=\"text-[#464646]\">25\/02\/2015 &#8211; Linense 0x2 Corinthians &#8211; Paulista<\/li>\n<\/ul>\n<\/div>\n<div class=\"flex items-center justify-start gap-4 h-full\">\n<ul>\n<li class=\"text-[#464646]\">01\/03\/2015 &#8211; Corinthians 3&#215;0 Mogi Mirim &#8211; Paulista<\/li>\n<\/ul>\n<\/div>\n<div class=\"flex items-center justify-start gap-4 h-full\">\n<ul>\n<li class=\"text-[#464646]\">04\/03\/2015 &#8211; San Lorenzo 0x1 Corinthians &#8211; Libertadores<\/li>\n<\/ul>\n<\/div>\n<div class=\"flex items-center justify-start gap-4 h-full\">\n<ul>\n<li class=\"text-[#464646]\">08\/03\/2015 &#8211; S\u00e3o Paulo 0x1 Corinthians &#8211; Paulista<\/li>\n<\/ul>\n<\/div>\n<div class=\"flex items-center justify-start gap-4 h-full\">\n<ul>\n<li class=\"text-[#464646]\">11\/03\/2015 &#8211; Corinthians 1&#215;0 S\u00e3o Bernardo &#8211; Paulista<\/li>\n<\/ul>\n<\/div>\n<div class=\"flex items-center justify-start gap-4 h-full\">\n<ul>\n<li class=\"text-[#464646]\">14\/03\/2015 &#8211; Corinthians 0x0 Red Bull Brasil &#8211; Paulista<\/li>\n<\/ul>\n<\/div>\n<\/section>\n<p class=\"w-full text-lg font-krub text-gray-500 leading-30\"><strong class=\"font-bold\">Sequ\u00eancia de 2026<\/strong><\/p>\n<p class=\"w-full text-lg font-krub text-gray-500 leading-30\"><strong class=\"font-bold\">Desempenho:<br \/>\n<\/strong>4V &#8211; 2E<br \/>\n78% de aproveitamento<br \/>\n6 gols marcados<\/p>\n<section class=\"w-full text-lg font-krub text-gray-500 leading-30 pl-8 tab-m:pl-0\">\n<div class=\"flex items-center justify-start gap-4 h-full\">\n<ul>\n<li class=\"text-[#464646]\">09\/04\/2026 &#8211; Platense 0x2 Corinthians &#8211; Libertadores<\/li>\n<\/ul>\n<\/div>\n<div class=\"flex items-center justify-start gap-4 h-full\">\n<ul>\n<li class=\"text-[#464646]\">12\/04\/2026 &#8211; Corinthians 0x0 Palmeiras &#8211; Brasileir\u00e3o<\/li>\n<\/ul>\n<\/div>\n<div class=\"flex items-center justify-start gap-4 h-full\">\n<ul>\n<li class=\"text-[#464646]\">15\/04\/2026 &#8211; Corinthians 2&#215;0 Santa Fe &#8211; Libertadores<\/li>\n<\/ul>\n<\/div>\n<div class=\"flex items-center justify-start gap-4 h-full\">\n<ul>\n<li class=\"text-[#464646]\">18\/04\/2026 &#8211; Vit\u00f3ria 0x0 Corinthians &#8211; Brasileir\u00e3o<\/li>\n<\/ul>\n<\/div>\n<div class=\"flex items-center justify-start gap-4 h-full\">\n<ul>\n<li class=\"text-[#464646]\">21\/04\/2026 &#8211; Barra 0x1 Corinthians &#8211; Copa do Brasil<\/li>\n<\/ul>\n<\/div>\n<div class=\"flex items-center justify-start gap-4 h-full\">\n<ul>\n<li class=\"text-[#464646]\">27\/04\/2026 &#8211; Corinthians 1&#215;0 Vasco &#8211; Brasileir\u00e3o<\/li>\n<\/ul>\n<\/div>\n<\/section>\n<figure class=\"relative\">\n<div class=\"tab-m:mx-auto tab-m:block tab-m:w-full md:mx-auto md:block\"><img loading=\"lazy\" decoding=\"async\" class=\"rounded-lg w-full object-contain\" src=\"https:\/\/lncimg.lance.com.br\/cdn-cgi\/image\/width=850,quality=75,format=webp\/uploads\/2026\/04\/32935042-high-1920x1280.jpeg\" alt=\"Fernando Diniz soma seis jogos sem sofrer gols no Corinthians (Foto: Peter Leone\/Ofotogr\u00e1fico\/Folhapress)\" width=\"850\" height=\"530\" data-nimg=\"1\" \/><\/div><figcaption class=\"font-krub font-normal not-italic text-[12px] leading-5 text-[#808080] flex items-center justify-start mt-2\">Fernando Diniz soma seis jogos sem sofrer gols no Corinthians (Foto: Peter Leone\/Ofotogr\u00e1fico\/Folhapress)<\/figcaption><\/figure>\n<div class=\"w-full font-krub not-italic font-normal text-start\">\n<h2 class=\"font-bold text-3xl tab-m:text-xl\">Fernando Diniz no Corinthians<\/h2>\n<\/div>\n<p class=\"w-full text-lg font-krub text-gray-500 leading-30\">Desde a chegada de Fernando Diniz ao Corinthians, o desempenho defensivo tem chamado aten\u00e7\u00e3o. S\u00e3o seis jogos consecutivos sem sofrer gols, com apenas quatro grandes chances cedidas, m\u00e9dia de 0,7 por partida. Os advers\u00e1rios finalizam 11,3 vezes por jogo, sendo 3,0 no alvo, em um cen\u00e1rio de maior controle sem a posse predominante.<\/p>\n<p class=\"w-full text-lg font-krub text-gray-500 leading-30\">Com m\u00e9dia de 48% de posse de bola, o Corinthians tamb\u00e9m apresenta 13,5 desarmes por jogo, indicador que refor\u00e7a a intensidade na recomposi\u00e7\u00e3o e na prote\u00e7\u00e3o da \u00e1rea. O dado ajuda a explicar a baixa exposi\u00e7\u00e3o da defesa ao longo da sequ\u00eancia.<\/p>\n<p class=\"w-full text-lg font-krub text-gray-500 leading-30\"><strong class=\"font-bold\">Fernando Diniz pelo Corinthians<\/strong><\/p>\n<section class=\"w-full text-lg font-krub text-gray-500 leading-30 pl-8 tab-m:pl-0\">\n<div class=\"flex items-center justify-start gap-4 h-full\">\n<ul>\n<li class=\"text-[#464646]\">6 jogos<\/li>\n<\/ul>\n<\/div>\n<div class=\"flex items-center justify-start gap-4 h-full\">\n<ul>\n<li class=\"text-[#464646]\">4V | 2E | 0D<\/li>\n<\/ul>\n<\/div>\n<div class=\"flex items-center justify-start gap-4 h-full\">\n<ul>\n<li class=\"text-[#464646]\">78% de aproveitamento<\/li>\n<\/ul>\n<\/div>\n<div class=\"flex items-center justify-start gap-4 h-full\">\n<ul>\n<li class=\"text-[#464646]\">6 gols marcados<\/li>\n<\/ul>\n<\/div>\n<div class=\"flex items-center justify-start gap-4 h-full\">\n<ul>\n<li class=\"text-[#464646]\">0 gols sofridos<\/li>\n<\/ul>\n<\/div>\n<\/section>\n<p class=\"w-full text-lg font-krub text-gray-500 leading-30\"><strong class=\"font-bold\">Corinthians defensivo desde a chegada de Diniz<\/strong><\/p>\n<section class=\"w-full text-lg font-krub text-gray-500 leading-30 pl-8 tab-m:pl-0\">\n<div class=\"flex items-center justify-start gap-4 h-full\">\n<ul>\n<li class=\"text-[#464646]\">6 jogos<\/li>\n<\/ul>\n<\/div>\n<div class=\"flex items-center justify-start gap-4 h-full\">\n<ul>\n<li class=\"text-[#464646]\">6 jogos sem sofrer gols<\/li>\n<\/ul>\n<\/div>\n<div class=\"flex items-center justify-start gap-4 h-full\">\n<ul>\n<li class=\"text-[#464646]\">4 grandes chances cedidas (0.7 por jogo)<\/li>\n<\/ul>\n<\/div>\n<div class=\"flex items-center justify-start gap-4 h-full\">\n<ul>\n<li class=\"text-[#464646]\">11.3 finaliza\u00e7\u00f5es sofridas por jogo<\/li>\n<\/ul>\n<\/div>\n<div class=\"flex items-center justify-start gap-4 h-full\">\n<ul>\n<li class=\"text-[#464646]\">3.0 finaliza\u00e7\u00f5es sofridas no gol por jogo<\/li>\n<\/ul>\n<\/div>\n<div class=\"flex items-center justify-start gap-4 h-full\">\n<ul>\n<li class=\"text-[#464646]\">13.5 desarmes por jogo<\/li>\n<\/ul>\n<\/div>\n<div class=\"flex items-center justify-start gap-4 h-full\">\n<ul>\n<li class=\"text-[#464646]\">48.0% de posse de bola<\/li>\n<\/ul>\n<\/div>\n<\/section>\n<\/div>\n<p>&nbsp;<\/p>\n<p>Fonte: Portal Lance.<br \/>\nConfira esta e outras mat\u00e9rias na \u00edntegra pelo link: https:\/\/www.lance.com.br\/corinthians\/fernando-diniz-iguala-marca-defensiva-historica-do-corinthians-de-tite.html<\/p>\n","protected":false},"excerpt":{"rendered":"<p>Treinador alcan\u00e7a desempenho expressivo no comando alvinegro O t\u00e9cnico Fernando Diniz igualou, no comando do\u00a0Corinthians, um dado importante da equipe de 2015. Ao manter a defesa sem ser vazada no confronto contra o\u00a0Vasco, pelo\u00a0Campeonato Brasileiro, o treinador completou seis jogos sem sofrer gols \u00e0 frente da equipe, marca que tamb\u00e9m havia sido alcan\u00e7ada pelo antecessor [&hellip;]<\/p>\n","protected":false},"author":3,"featured_media":20971,"comment_status":"open","ping_status":"open","sticky":false,"template":"","format":"standard","meta":{"om_disable_all_campaigns":false,"_monsterinsights_skip_tracking":false,"_monsterinsights_sitenote_active":false,"_monsterinsights_sitenote_note":"","_monsterinsights_sitenote_category":0,"footnotes":""},"categories":[48],"tags":[],"class_list":["post-20969","post","type-post","status-publish","format-standard","has-post-thumbnail","hentry","category-esportes"],"jetpack_featured_media_url":"https:\/\/fatoelado.com\/wp-content\/uploads\/2026\/04\/32932905-high-scaled-aspect-ratio-512-320.webp","_links":{"self":[{"href":"https:\/\/fatoelado.com\/index.php?rest_route=\/wp\/v2\/posts\/20969","targetHints":{"allow":["GET"]}}],"collection":[{"href":"https:\/\/fatoelado.com\/index.php?rest_route=\/wp\/v2\/posts"}],"about":[{"href":"https:\/\/fatoelado.com\/index.php?rest_route=\/wp\/v2\/types\/post"}],"author":[{"embeddable":true,"href":"https:\/\/fatoelado.com\/index.php?rest_route=\/wp\/v2\/users\/3"}],"replies":[{"embeddable":true,"href":"https:\/\/fatoelado.com\/index.php?rest_route=%2Fwp%2Fv2%2Fcomments&post=20969"}],"version-history":[{"count":1,"href":"https:\/\/fatoelado.com\/index.php?rest_route=\/wp\/v2\/posts\/20969\/revisions"}],"predecessor-version":[{"id":20972,"href":"https:\/\/fatoelado.com\/index.php?rest_route=\/wp\/v2\/posts\/20969\/revisions\/20972"}],"wp:featuredmedia":[{"embeddable":true,"href":"https:\/\/fatoelado.com\/index.php?rest_route=\/wp\/v2\/media\/20971"}],"wp:attachment":[{"href":"https:\/\/fatoelado.com\/index.php?rest_route=%2Fwp%2Fv2%2Fmedia&parent=20969"}],"wp:term":[{"taxonomy":"category","embeddable":true,"href":"https:\/\/fatoelado.com\/index.php?rest_route=%2Fwp%2Fv2%2Fcategories&post=20969"},{"taxonomy":"post_tag","embeddable":true,"href":"https:\/\/fatoelado.com\/index.php?rest_route=%2Fwp%2Fv2%2Ftags&post=20969"}],"curies":[{"name":"wp","href":"https:\/\/api.w.org\/{rel}","templated":true}]}}