{"id":20966,"date":"2026-04-28T10:39:22","date_gmt":"2026-04-28T13:39:22","guid":{"rendered":"https:\/\/fatoelado.com\/?p=20966"},"modified":"2026-04-28T10:39:22","modified_gmt":"2026-04-28T13:39:22","slug":"stf-julga-nesta-terca-feira-denuncia-contra-malafaia-por-ofensas-ao-exercito","status":"publish","type":"post","link":"https:\/\/fatoelado.com\/?p=20966","title":{"rendered":"STF julga nesta ter\u00e7a-feira den\u00fancia contra Malafaia por ofensas ao Ex\u00e9rcito"},"content":{"rendered":"<h2 class=\"article-subtitle\" style=\"text-align: center;\">Pastor evang\u00e9lico \u00e9 suspeito de direcionar frases ofensivas a militares do alto escal\u00e3o das For\u00e7as Armadas<\/h2>\n<p>&nbsp;<\/p>\n<div class=\"article-image-featured\" style=\"text-align: center;\"><img decoding=\"async\" class=\"i-amphtml-fill-content i-amphtml-replaced-content aligncenter\" src=\"https:\/\/www.meionews.com\/uploads\/imagens\/2026\/4\/28\/silas-malafaia--9fe34c473c46c54e.jpg\" alt=\"Silas Malafaia  | Nelson Almeida\/AFP\" data-amp-loading=\"lazy\" \/><small>Silas Malafaia | Foto: Nelson Almeida\/AFP<\/small><\/div>\n<div class=\"g-news\"><\/div>\n<div class=\"article-html\">\n<div class=\"article-html-more\">\n<p><strong>A den\u00fancia em desfavor do pastor\u00a0<\/strong><strong>Silas Malafaia\u00a0<\/strong><strong>por supostamente cometer inj\u00faria e cal\u00fania contra militares do Alto Comando do Ex\u00e9rcito ir\u00e1 a julgamento pelo Supremo Tribunal Federal (STF) nesta ter\u00e7a-feira (28).\u00a0<\/strong><\/p>\n<p>O caso foi apresentado pela Procuradoria-Geral da Rep\u00fablica (PGR).<\/p>\n<h2>ENTENDA O CASO<\/h2>\n<p>O julgamento tem como base um epis\u00f3dio em que Malafaia na Avenida Paulista, em abril de 2025, questionou a atua\u00e7\u00e3o dos militares e chegou a dizer que os generais de quatro estrelas seriam uma\u00a0<strong>\u201ccambada de frouxos\u201d e \u201ccovardes\u201d.<\/strong><\/p>\n<p>Na ocasi\u00e3o, ele tamb\u00e9m teria acusado os generais de omiss\u00e3o.<\/p>\n<h2>O QUE DIZ A DEFESA<\/h2>\n<p>A defesa alega que Malafaia n\u00e3o teve inten\u00e7\u00e3o de ofender os militares.\u00a0<strong><span class=\"highlight\">O que houve, na verdade, teria sido uma manifesta\u00e7\u00e3o de opini\u00e3o durante um protesto p\u00fablico.\u00a0<\/span><\/strong><\/p>\n<p>Al\u00e9m disso, ainda segundo os advogados Malafaia n\u00e3o ocupa cargos p\u00fablicos que lhe d\u00ea a prerrogativa de fun\u00e7\u00e3o e, por isso, n\u00e3o deveria ser julgado pelo STF e sim por um juiz de primeira inst\u00e2ncia.<\/p>\n<h2>\u00a0ADIAMENTO DE JULGAMENTO<\/h2>\n<p>Foi solicitado pela defesa do pastor o\u00a0<strong>adiantamento do julgamento<\/strong>\u00a0sob a justificativa de que a Corte Superior est\u00e1 incompleta e isso abriria prerrogativas para um poss\u00edvel empate na decis\u00e3o.<\/p>\n<p>Isso porque o STF conta atualmente com apenas quatro ministros desde a aposentadoria antecipada de Luis Barroso. At\u00e9 porque o processo de indica\u00e7\u00e3o de Jorge Messias para ocupar cadeira ainda passar\u00e1 por um sabatina na quarta-feira (29).<\/p>\n<\/div>\n<\/div>\n<p>&nbsp;<\/p>\n<div class=\"outbrain\">Fonte: Portal MeioNews.<br \/>\nConfira esta e outras mat\u00e9rias na \u00edntegra pelo link: https:\/\/www.meionews.com\/politica\/stf-julga-nesta-terca-feira-denuncia-contra-malafaia-por-ofensas-ao-exercito-562100<\/div>\n","protected":false},"excerpt":{"rendered":"<p>Pastor evang\u00e9lico \u00e9 suspeito de direcionar frases ofensivas a militares do alto escal\u00e3o das For\u00e7as Armadas &nbsp; Silas Malafaia | Foto: Nelson Almeida\/AFP A den\u00fancia em desfavor do pastor\u00a0Silas Malafaia\u00a0por supostamente cometer inj\u00faria e cal\u00fania contra militares do Alto Comando do Ex\u00e9rcito ir\u00e1 a julgamento pelo Supremo Tribunal Federal (STF) nesta ter\u00e7a-feira (28).\u00a0 O caso [&hellip;]<\/p>\n","protected":false},"author":3,"featured_media":20967,"comment_status":"open","ping_status":"open","sticky":false,"template":"","format":"standard","meta":{"om_disable_all_campaigns":false,"_monsterinsights_skip_tracking":false,"_monsterinsights_sitenote_active":false,"_monsterinsights_sitenote_note":"","_monsterinsights_sitenote_category":0,"footnotes":""},"categories":[47],"tags":[],"class_list":["post-20966","post","type-post","status-publish","format-standard","has-post-thumbnail","hentry","category-nacionais"],"jetpack_featured_media_url":"https:\/\/fatoelado.com\/wp-content\/uploads\/2026\/04\/silas-malafaia-9fe34c473c46c54e.webp","_links":{"self":[{"href":"https:\/\/fatoelado.com\/index.php?rest_route=\/wp\/v2\/posts\/20966","targetHints":{"allow":["GET"]}}],"collection":[{"href":"https:\/\/fatoelado.com\/index.php?rest_route=\/wp\/v2\/posts"}],"about":[{"href":"https:\/\/fatoelado.com\/index.php?rest_route=\/wp\/v2\/types\/post"}],"author":[{"embeddable":true,"href":"https:\/\/fatoelado.com\/index.php?rest_route=\/wp\/v2\/users\/3"}],"replies":[{"embeddable":true,"href":"https:\/\/fatoelado.com\/index.php?rest_route=%2Fwp%2Fv2%2Fcomments&post=20966"}],"version-history":[{"count":1,"href":"https:\/\/fatoelado.com\/index.php?rest_route=\/wp\/v2\/posts\/20966\/revisions"}],"predecessor-version":[{"id":20968,"href":"https:\/\/fatoelado.com\/index.php?rest_route=\/wp\/v2\/posts\/20966\/revisions\/20968"}],"wp:featuredmedia":[{"embeddable":true,"href":"https:\/\/fatoelado.com\/index.php?rest_route=\/wp\/v2\/media\/20967"}],"wp:attachment":[{"href":"https:\/\/fatoelado.com\/index.php?rest_route=%2Fwp%2Fv2%2Fmedia&parent=20966"}],"wp:term":[{"taxonomy":"category","embeddable":true,"href":"https:\/\/fatoelado.com\/index.php?rest_route=%2Fwp%2Fv2%2Fcategories&post=20966"},{"taxonomy":"post_tag","embeddable":true,"href":"https:\/\/fatoelado.com\/index.php?rest_route=%2Fwp%2Fv2%2Ftags&post=20966"}],"curies":[{"name":"wp","href":"https:\/\/api.w.org\/{rel}","templated":true}]}}