{"id":20950,"date":"2026-04-28T10:28:59","date_gmt":"2026-04-28T13:28:59","guid":{"rendered":"https:\/\/fatoelado.com\/?p=20950"},"modified":"2026-04-28T10:28:59","modified_gmt":"2026-04-28T13:28:59","slug":"fora-da-copa-militao-passa-por-cirurgia-hoje-e-so-volta-a-jogar-em-outubro","status":"publish","type":"post","link":"https:\/\/fatoelado.com\/?p=20950","title":{"rendered":"Fora da Copa: Milit\u00e3o passa por cirurgia hoje e s\u00f3 volta a jogar em outubro"},"content":{"rendered":"<h2 class=\"article-subtitle\" style=\"text-align: center;\">Consulta com especialista na Finl\u00e2ndia confirma diagn\u00f3stico pessimista e coloca ponto final na esperan\u00e7a do zagueiro<\/h2>\n<p>&nbsp;<\/p>\n<div class=\"article-image-featured\" style=\"text-align: center;\"><img decoding=\"async\" class=\"i-amphtml-fill-content i-amphtml-replaced-content aligncenter\" src=\"https:\/\/www.meionews.com\/uploads\/imagens\/2026\/4\/28\/eder-militao--459296a4385d3987.jpg\" alt=\"\u00c9der Milit\u00e3o | Reprodu\u00e7\u00e3o\/Instagram\" data-amp-loading=\"lazy\" \/><small>\u00c9der Milit\u00e3o | Foto: Reprodu\u00e7\u00e3o\/Instagram<\/small><\/div>\n<div class=\"g-news\"><\/div>\n<div class=\"article-html\">\n<div class=\"article-html-more\">\n<p>Fim do sonho da\u00a0<strong data-end=\"83\" data-start=\"66\">Copa do Mundo<\/strong>\u00a0para \u00c9der Milit\u00e3o. Em consulta realizada nesta manh\u00e3, na Finl\u00e2ndia, foi confirmada a\u00a0<strong data-end=\"261\" data-start=\"222\">gravidade da les\u00e3o na coxa esquerda<\/strong>, e o defensor do Real Madrid ser\u00e1\u00a0<strong data-end=\"357\" data-start=\"322\">operado ainda nesta ter\u00e7a-feira<\/strong>. A expectativa \u00e9 de retorno aos gramados apenas em\u00a0<strong data-end=\"420\" data-start=\"409\">outubro<\/strong>.<\/p>\n<p>\u00c9der Milit\u00e3o sofreu a les\u00e3o muscular h\u00e1 uma semana, na vit\u00f3ria do Real Madrid sobre o Alav\u00e9s, pela La Liga, no Santiago Bernab\u00e9u. Ao ser substitu\u00eddo ainda no primeiro tempo, a impress\u00e3o inicial era de que o problema n\u00e3o seria grave, mas o\u00a0<strong data-end=\"859\" data-start=\"837\">diagn\u00f3stico piorou<\/strong>\u00a0com o passar dos dias.<\/p>\n<h2 data-end=\"943\" data-section-id=\"15mhwaa\" data-start=\"884\"><strong data-end=\"943\" data-start=\"887\">Diagn\u00f3stico definitivo veio ap\u00f3s avalia\u00e7\u00e3o na Europa<\/strong><\/h2>\n<p>Devido a fatores cl\u00ednicos, n\u00e3o foi poss\u00edvel identificar de imediato a extens\u00e3o do problema. O Real Madrid j\u00e1 demonstrava pessimismo, especialmente pela reincid\u00eancia no local da les\u00e3o, que j\u00e1 havia afastado o jogador por quatro meses entre dezembro e mar\u00e7o.<\/p>\n<p>Mesmo ap\u00f3s nova resson\u00e2ncia realizada em Madrid, Milit\u00e3o buscou uma segunda avalia\u00e7\u00e3o e viajou para Turku, onde recebeu o diagn\u00f3stico definitivo: uma les\u00e3o grave, com risco de ruptura total do tend\u00e3o, o que poderia impactar sua carreira.<\/p>\n<h2 data-end=\"1592\" data-section-id=\"1jrzw8f\" data-start=\"1549\"><strong data-end=\"1592\" data-start=\"1552\">Cirurgia e longo hist\u00f3rico de les\u00f5es<\/strong><\/h2>\n<p>Diante do quadro, \u00c9der Milit\u00e3o aceitou a recomenda\u00e7\u00e3o m\u00e9dica e passar\u00e1 por cirurgia ainda hoje. A aus\u00eancia na Copa \u00e9 mais um golpe em um ciclo marcado por nove les\u00f5es e mais de 600 dias fora dos gramados.<\/p>\n<p>Aos 28 anos, o zagueiro, que defendeu o Brasil na Copa de 2022, agora volta suas aten\u00e7\u00f5es para o pr\u00f3ximo Mundial, que ser\u00e1 realizado em Espanha, Portugal e Marrocos, em 2030.<\/p>\n<\/div>\n<p>&nbsp;<\/p>\n<div class=\"article-html-more\">\n<div class=\"article-more\">\n<div class=\"more-news\">Fonte: Portal MeioNews.<br \/>\nConfira esta e outras mat\u00e9rias na \u00edntegra pelo link: https:\/\/www.meionews.com\/esportes\/fora-da-copa-militao-passa-por-cirurgia-hoje-e-so-volta-a-jogar-em-outubro-562083<\/div>\n<\/div>\n<\/div>\n<\/div>\n","protected":false},"excerpt":{"rendered":"<p>Consulta com especialista na Finl\u00e2ndia confirma diagn\u00f3stico pessimista e coloca ponto final na esperan\u00e7a do zagueiro &nbsp; \u00c9der Milit\u00e3o | Foto: Reprodu\u00e7\u00e3o\/Instagram Fim do sonho da\u00a0Copa do Mundo\u00a0para \u00c9der Milit\u00e3o. Em consulta realizada nesta manh\u00e3, na Finl\u00e2ndia, foi confirmada a\u00a0gravidade da les\u00e3o na coxa esquerda, e o defensor do Real Madrid ser\u00e1\u00a0operado ainda nesta ter\u00e7a-feira. [&hellip;]<\/p>\n","protected":false},"author":3,"featured_media":20951,"comment_status":"open","ping_status":"open","sticky":false,"template":"","format":"standard","meta":{"om_disable_all_campaigns":false,"_monsterinsights_skip_tracking":false,"_monsterinsights_sitenote_active":false,"_monsterinsights_sitenote_note":"","_monsterinsights_sitenote_category":0,"footnotes":""},"categories":[48],"tags":[],"class_list":["post-20950","post","type-post","status-publish","format-standard","has-post-thumbnail","hentry","category-esportes"],"jetpack_featured_media_url":"https:\/\/fatoelado.com\/wp-content\/uploads\/2026\/04\/eder-militao-459296a4385d3987.jpg","_links":{"self":[{"href":"https:\/\/fatoelado.com\/index.php?rest_route=\/wp\/v2\/posts\/20950","targetHints":{"allow":["GET"]}}],"collection":[{"href":"https:\/\/fatoelado.com\/index.php?rest_route=\/wp\/v2\/posts"}],"about":[{"href":"https:\/\/fatoelado.com\/index.php?rest_route=\/wp\/v2\/types\/post"}],"author":[{"embeddable":true,"href":"https:\/\/fatoelado.com\/index.php?rest_route=\/wp\/v2\/users\/3"}],"replies":[{"embeddable":true,"href":"https:\/\/fatoelado.com\/index.php?rest_route=%2Fwp%2Fv2%2Fcomments&post=20950"}],"version-history":[{"count":1,"href":"https:\/\/fatoelado.com\/index.php?rest_route=\/wp\/v2\/posts\/20950\/revisions"}],"predecessor-version":[{"id":20952,"href":"https:\/\/fatoelado.com\/index.php?rest_route=\/wp\/v2\/posts\/20950\/revisions\/20952"}],"wp:featuredmedia":[{"embeddable":true,"href":"https:\/\/fatoelado.com\/index.php?rest_route=\/wp\/v2\/media\/20951"}],"wp:attachment":[{"href":"https:\/\/fatoelado.com\/index.php?rest_route=%2Fwp%2Fv2%2Fmedia&parent=20950"}],"wp:term":[{"taxonomy":"category","embeddable":true,"href":"https:\/\/fatoelado.com\/index.php?rest_route=%2Fwp%2Fv2%2Fcategories&post=20950"},{"taxonomy":"post_tag","embeddable":true,"href":"https:\/\/fatoelado.com\/index.php?rest_route=%2Fwp%2Fv2%2Ftags&post=20950"}],"curies":[{"name":"wp","href":"https:\/\/api.w.org\/{rel}","templated":true}]}}