{"id":20941,"date":"2026-04-28T05:29:58","date_gmt":"2026-04-28T08:29:58","guid":{"rendered":"https:\/\/fatoelado.com\/?p=20941"},"modified":"2026-04-27T22:30:47","modified_gmt":"2026-04-28T01:30:47","slug":"comercio-em-teresina-fecha-em-2-de-maio-e-abre-no-corpus-christientenda-mudanca","status":"publish","type":"post","link":"https:\/\/fatoelado.com\/?p=20941","title":{"rendered":"Com\u00e9rcio em Teresina fecha em 2 de maio e abre no Corpus Christi;entenda mudan\u00e7a"},"content":{"rendered":"<p><img decoding=\"async\" class=\"aligncenter\" src=\"https:\/\/cidadeverde.com\/assets\/uploads\/colecoes\/14021\/2025\/05\/WhatsApp_Image_2025-05-08_at_10_32_29.jpeg\" alt=\"COM\u00c9RCIO\" \/><\/p>\n<p>O\u00a0<strong>com\u00e9rcio em geral de Teresina n\u00e3o ter\u00e1 expediente no dia 2 de maio de 2026<\/strong>, conforme\u00a0<a href=\"https:\/\/cidadeverde.com\/assets\/uploads\/files\/aditivo%20a%CC%80%20cct%202026-assinado%20sindlojas%20(1)_1777318330.pdf\" target=\"_blank\" rel=\"noopener\">aditivo \u00e0 Conven\u00e7\u00e3o Coletiva de Trabalho (CCT) 2025\/2026<\/a>\u00a0firmado entre o Sindicato dos Empregados no Comercio e Servi\u00e7o (Sindcom) de Teresina e o Sindicato dos Lojistas do Com\u00e9rcio do Estado do Piau\u00ed (Sindlojas).<\/p>\n<p>A medida estabelece uma compensa\u00e7\u00e3o de jornada.<strong>\u00a0A folga concedida aos comerci\u00e1rios ser\u00e1 compensada com o funcionamento autorizado no feriado de Corpus Christi, em 4 de junho.<\/strong><\/p>\n<p>De acordo com o documento,<strong>\u00a0n\u00e3o haver\u00e1 expediente no com\u00e9rcio de rua, \u00a0incluindo lojas do Centro e bairros, no dia 2 de maio<\/strong>. A exce\u00e7\u00e3o s\u00e3o os estabelecimentos localizados em shoppings centers, que poder\u00e3o funcionar normalmente.<\/p>\n<p>As casas lot\u00e9ricas tamb\u00e9m est\u00e3o autorizadas a funcionar na data.<\/p>\n<p>O secret\u00e1rio-geral do Sindicato dos Comerci\u00e1rios, Marcelino Moura, afirmou que o acordo foi constru\u00eddo com di\u00e1logo entre as partes e busca garantir melhores condi\u00e7\u00f5es para a categoria.<\/p>\n<blockquote><p>\u201cEsse acordo do dia 2 de maio foi constru\u00eddo com muito di\u00e1logo com o setor patronal, sempre pensando no que \u00e9 melhor para as comerci\u00e1rias e comerci\u00e1rios\u201d, disse.<\/p><\/blockquote>\n<h2><strong>Funcionamento no Dia do Trabalhador<\/strong><\/h2>\n<p>No dia 1\u00ba de maio, feriado do Dia do Trabalhador, o funcionamento do com\u00e9rcio ser\u00e1 restrito em Teresina.<\/p>\n<p>Devem permanecer fechados:<\/p>\n<ul>\n<li>Lojas do Centro e bairros<\/li>\n<li>Shoppings centers<\/li>\n<li>Atacadistas e distribuidores<\/li>\n<li>Supermercados e setor de carnes frescas<\/li>\n<li>Livrarias e papelarias<\/li>\n<li>Lot\u00e9ricas<\/li>\n<\/ul>\n<p>Apenas farm\u00e1cias de plant\u00e3o poder\u00e3o funcionar, com pagamento de 100% de horas extras aos trabalhadores.<\/p>\n<h2><strong>Funcionamento em 2 de maio<\/strong><\/h2>\n<p><strong>Podem funcionar:<\/strong><\/p>\n<ul>\n<li>Shoppings centers<\/li>\n<li>Lot\u00e9ricas<\/li>\n<li>Supermercados e setor de carnes frescas<\/li>\n<li>Farm\u00e1cias<\/li>\n<\/ul>\n<h2><strong>Compensa\u00e7\u00e3o no Corpus Christi<\/strong><\/h2>\n<p>A folga do dia 2 de maio ser\u00e1 compensada no feriado de Corpus Christi, em 4 de junho, quando o funcionamento do com\u00e9rcio estar\u00e1 autorizado sob regras espec\u00edficas.<\/p>\n<p><strong>No com\u00e9rcio de rua, a jornada ser\u00e1 de at\u00e9 quatro horas, com possibilidade de revezamento entre os trabalhadores<\/strong>. Nenhum empregado poder\u00e1 ultrapassar esse limite.<\/p>\n<p>J\u00e1 os shoppings centers poder\u00e3o operar normalmente, sem restri\u00e7\u00e3o de hor\u00e1rio.<\/p>\n<p>Para os trabalhadores convocados, o acordo\u00a0<strong>prev\u00ea pagamento de horas extras com adicional de 100%, al\u00e9m de aux\u00edlio-transporte no valor de R$ 10.<\/strong><\/p>\n<p>O aditivo estabelece multa para empresas que n\u00e3o cumprirem as regras previstas, conforme a Conven\u00e7\u00e3o Coletiva vigente. O valor ser\u00e1 dividido entre o sindicato e os trabalhadores prejudicados.<\/p>\n<h2><strong>Luta por melhores condi\u00e7\u00f5es<\/strong><\/h2>\n<p>Para Marcelino Moura, al\u00e9m de organizar o calend\u00e1rio, o acordo tamb\u00e9m se insere em uma pauta maior da categoria.<\/p>\n<blockquote><p>\u201cConseguimos garantir o fechamento do com\u00e9rcio em geral no dia 2 de maio, dando mais um dia de descanso pra categoria. Sabemos que a rotina de quem trabalha no com\u00e9rcio \u00e9 puxada, e o fim da escala 6&#215;1 \u00e9 justamente pra melhorar isso, dando mais tempo de descanso, pra fam\u00edlia e pra viver melhor\u201d, destacou.<\/p><\/blockquote>\n<p>Ele tamb\u00e9m refor\u00e7ou que o sindicato segue negociando avan\u00e7os. \u201cNosso objetivo \u00e9 continuar lutando e conquistando melhorias reais para a vida das comerci\u00e1rias e comerci\u00e1rios de Teresina\u201d, completou.<\/p>\n<p>&nbsp;<\/p>\n<p>Fonte: Portal CidadeVerde.<br \/>\nConfira esta e outras mat\u00e9rias na \u00edntegra pelo link: https:\/\/cidadeverde.com\/noticias\/455010\/comercio-em-teresina-fecha-em-2-de-maio-e-abre-no-corpus-christientenda-mudanca<\/p>\n","protected":false},"excerpt":{"rendered":"<p>O\u00a0com\u00e9rcio em geral de Teresina n\u00e3o ter\u00e1 expediente no dia 2 de maio de 2026, conforme\u00a0aditivo \u00e0 Conven\u00e7\u00e3o Coletiva de Trabalho (CCT) 2025\/2026\u00a0firmado entre o Sindicato dos Empregados no Comercio e Servi\u00e7o (Sindcom) de Teresina e o Sindicato dos Lojistas do Com\u00e9rcio do Estado do Piau\u00ed (Sindlojas). A medida estabelece uma compensa\u00e7\u00e3o de jornada.\u00a0A folga [&hellip;]<\/p>\n","protected":false},"author":3,"featured_media":20942,"comment_status":"open","ping_status":"open","sticky":false,"template":"","format":"standard","meta":{"om_disable_all_campaigns":false,"_monsterinsights_skip_tracking":false,"_monsterinsights_sitenote_active":false,"_monsterinsights_sitenote_note":"","_monsterinsights_sitenote_category":0,"footnotes":""},"categories":[33],"tags":[],"class_list":["post-20941","post","type-post","status-publish","format-standard","has-post-thumbnail","hentry","category-piaui"],"jetpack_featured_media_url":"https:\/\/fatoelado.com\/wp-content\/uploads\/2026\/04\/WhatsApp_Image_2025-05-08_at_10_32_29.jpeg","_links":{"self":[{"href":"https:\/\/fatoelado.com\/index.php?rest_route=\/wp\/v2\/posts\/20941","targetHints":{"allow":["GET"]}}],"collection":[{"href":"https:\/\/fatoelado.com\/index.php?rest_route=\/wp\/v2\/posts"}],"about":[{"href":"https:\/\/fatoelado.com\/index.php?rest_route=\/wp\/v2\/types\/post"}],"author":[{"embeddable":true,"href":"https:\/\/fatoelado.com\/index.php?rest_route=\/wp\/v2\/users\/3"}],"replies":[{"embeddable":true,"href":"https:\/\/fatoelado.com\/index.php?rest_route=%2Fwp%2Fv2%2Fcomments&post=20941"}],"version-history":[{"count":1,"href":"https:\/\/fatoelado.com\/index.php?rest_route=\/wp\/v2\/posts\/20941\/revisions"}],"predecessor-version":[{"id":20943,"href":"https:\/\/fatoelado.com\/index.php?rest_route=\/wp\/v2\/posts\/20941\/revisions\/20943"}],"wp:featuredmedia":[{"embeddable":true,"href":"https:\/\/fatoelado.com\/index.php?rest_route=\/wp\/v2\/media\/20942"}],"wp:attachment":[{"href":"https:\/\/fatoelado.com\/index.php?rest_route=%2Fwp%2Fv2%2Fmedia&parent=20941"}],"wp:term":[{"taxonomy":"category","embeddable":true,"href":"https:\/\/fatoelado.com\/index.php?rest_route=%2Fwp%2Fv2%2Fcategories&post=20941"},{"taxonomy":"post_tag","embeddable":true,"href":"https:\/\/fatoelado.com\/index.php?rest_route=%2Fwp%2Fv2%2Ftags&post=20941"}],"curies":[{"name":"wp","href":"https:\/\/api.w.org\/{rel}","templated":true}]}}