{"id":20929,"date":"2026-04-27T19:27:01","date_gmt":"2026-04-27T22:27:01","guid":{"rendered":"https:\/\/fatoelado.com\/?p=20929"},"modified":"2026-04-27T19:27:01","modified_gmt":"2026-04-27T22:27:01","slug":"faculdade-pit-anuncia-expansao-para-14-municipios-do-piaui-e-lanca-3-novos-cursos","status":"publish","type":"post","link":"https:\/\/fatoelado.com\/?p=20929","title":{"rendered":"Faculdade PIT anuncia expans\u00e3o para 14 munic\u00edpios do Piau\u00ed e lan\u00e7a 3 novos cursos"},"content":{"rendered":"<h2 class=\"elementor-heading-title elementor-size-default\" style=\"text-align: center;\">Novas unidades contemplar\u00e3o diferentes macroregi\u00f5es do Piau\u00ed e ofertar\u00e3o mais de 1.580 vagas.<\/h2>\n<p>&nbsp;<\/p>\n<p>O Piau\u00ed Instituto de Tecnologia (PIT) participou da solenidade de expans\u00e3o do programa \u201cMais Forma\u00e7\u00e3o, Mais Renda\u201d, realizada na manh\u00e3 desta segunda-feira (27), no Centro de Conven\u00e7\u00f5es de Teresina. No evento, foram anunciadas novas unidades do instituto em 14 munic\u00edpios de diferentes macroregi\u00f5es do estado, al\u00e9m de tr\u00eas novos cursos.<\/p>\n<p>A partir de 2027, o instituto contar\u00e1 com unidades acad\u00eamicas nos munic\u00edpios de Amarante, \u00c1gua Branca, Baixa Grande do Ribeiro, Batalha, Canto do Buriti, Castelo do Piau\u00ed, Curimat\u00e1, Elesb\u00e3o Veloso, Guadalupe, Miguel Alves, Paulistana, Piracuruca, Sim\u00f5es e Simpl\u00edcio Mendes.<\/p>\n<figure id=\"attachment_133874\" class=\"wp-caption alignnone\" aria-describedby=\"caption-attachment-133874\"><img loading=\"lazy\" decoding=\"async\" class=\"wp-image-133874 size-full\" src=\"https:\/\/www.pi.gov.br\/wp-content\/uploads\/2026\/04\/WhatsApp-Image-2026-04-27-at-12.57.50-e1777323715532.jpeg\" sizes=\"auto, (max-width: 1278px) 100vw, 1278px\" srcset=\"https:\/\/www.pi.gov.br\/wp-content\/uploads\/2026\/04\/WhatsApp-Image-2026-04-27-at-12.57.50-e1777323715532.jpeg 1278w, https:\/\/www.pi.gov.br\/wp-content\/uploads\/2026\/04\/WhatsApp-Image-2026-04-27-at-12.57.50-e1777323715532-300x167.jpeg 300w, https:\/\/www.pi.gov.br\/wp-content\/uploads\/2026\/04\/WhatsApp-Image-2026-04-27-at-12.57.50-e1777323715532-1024x569.jpeg 1024w, https:\/\/www.pi.gov.br\/wp-content\/uploads\/2026\/04\/WhatsApp-Image-2026-04-27-at-12.57.50-e1777323715532-768x427.jpeg 768w\" alt=\"\" width=\"1278\" height=\"710\" \/><figcaption id=\"caption-attachment-133874\" class=\"wp-caption-text\">Foto: Ascom\/Seduc<\/figcaption><\/figure>\n<p>As novas unidades ser\u00e3o implantadas em Centros de Ensino em Tempo Integral dos munic\u00edpios, estruturados com laborat\u00f3rios e demais espa\u00e7os necess\u00e1rios para o ensino tecnol\u00f3gico de excel\u00eancia.<\/p>\n<p>\u201cUm ponto importante \u00e9 que esses 14 novos polos, distribu\u00eddos pelo Piau\u00ed em parceria com a Seduc e em escolas da rede p\u00fablica, oferecer\u00e1 60 vagas cada. Al\u00e9m disso, nosso investimento em infraestrutura em Teresina entregar\u00e1, em 2027.1, a nova sede do PIT, no antigo pr\u00e9dio da Agespisa. Isso refor\u00e7a o compromisso do instituto com a educa\u00e7\u00e3o tecnol\u00f3gica do estado\u201d, destaca Rafael Jales, diretor-presidente da PIT.<\/p>\n<figure id=\"attachment_133875\" class=\"wp-caption alignnone\" aria-describedby=\"caption-attachment-133875\"><img loading=\"lazy\" decoding=\"async\" class=\"size-full wp-image-133875\" src=\"https:\/\/www.pi.gov.br\/wp-content\/uploads\/2026\/04\/WhatsApp-Image-2026-04-27-at-12.57.49-1.jpeg\" sizes=\"auto, (max-width: 1280px) 100vw, 1280px\" srcset=\"https:\/\/www.pi.gov.br\/wp-content\/uploads\/2026\/04\/WhatsApp-Image-2026-04-27-at-12.57.49-1.jpeg 1280w, https:\/\/www.pi.gov.br\/wp-content\/uploads\/2026\/04\/WhatsApp-Image-2026-04-27-at-12.57.49-1-300x200.jpeg 300w, https:\/\/www.pi.gov.br\/wp-content\/uploads\/2026\/04\/WhatsApp-Image-2026-04-27-at-12.57.49-1-1024x683.jpeg 1024w, https:\/\/www.pi.gov.br\/wp-content\/uploads\/2026\/04\/WhatsApp-Image-2026-04-27-at-12.57.49-1-768x512.jpeg 768w\" alt=\"\" width=\"1280\" height=\"854\" \/><figcaption id=\"caption-attachment-133875\" class=\"wp-caption-text\">Rafael Jales, diretor-presidente do Piau\u00ed Instituto de Tecnologia. (Foto: Ascom\/Seduc)<\/figcaption><\/figure>\n<p><b>Novos cursos e vagas<\/b><\/p>\n<p>Al\u00e9m do bacharelado e tecn\u00f3logo em Intelig\u00eancia Artificial, ser\u00e3o oferecidos os cursos de Marketing Digital, Desenvolvimento de Sistemas\/Sistemas de Informa\u00e7\u00e3o e Agrocomputa\u00e7\u00e3o, que estar\u00e3o distribu\u00eddos entre as unidades do PIT. Ao todo, ser\u00e3o mais de 1.580 vagas, distribu\u00eddas na capital e nas novas unidades acad\u00eamicas do PIT.<\/p>\n<p><b>Sobre o programa \u201cMais Forma\u00e7\u00e3o, Mais Renda\u201d<\/b><b><br \/>\n<\/b>Trata-se de uma iniciativa do Governo do Piau\u00ed, que representa o maior pacote de qualifica\u00e7\u00e3o profissional da hist\u00f3ria do estado, com foco em conectar educa\u00e7\u00e3o \u00e0s demandas do mercado de trabalho para gerar mais renda \u00e0s fam\u00edlias piauienses.<\/p>\n<p>O programa prev\u00ea mais de 83 mil vagas at\u00e9 2030 em cursos profissionalizantes, t\u00e9cnicos, gradua\u00e7\u00e3o, especializa\u00e7\u00e3o, mestrado e doutorado, com investimento superior a R$ 750 milh\u00f5es. As \u00e1reas priorit\u00e1rias incluem log\u00edstica, energias renov\u00e1veis, agro, tecnologia e inova\u00e7\u00e3o, turismo, servi\u00e7os, economia criativa e sa\u00fade.<\/p>\n<figure id=\"attachment_133877\" class=\"wp-caption alignnone\" aria-describedby=\"caption-attachment-133877\"><img loading=\"lazy\" decoding=\"async\" class=\"size-full wp-image-133877\" src=\"https:\/\/www.pi.gov.br\/wp-content\/uploads\/2026\/04\/WhatsApp-Image-2026-04-27-at-12.59.31.jpeg\" sizes=\"auto, (max-width: 1280px) 100vw, 1280px\" srcset=\"https:\/\/www.pi.gov.br\/wp-content\/uploads\/2026\/04\/WhatsApp-Image-2026-04-27-at-12.59.31.jpeg 1280w, https:\/\/www.pi.gov.br\/wp-content\/uploads\/2026\/04\/WhatsApp-Image-2026-04-27-at-12.59.31-300x200.jpeg 300w, https:\/\/www.pi.gov.br\/wp-content\/uploads\/2026\/04\/WhatsApp-Image-2026-04-27-at-12.59.31-1024x683.jpeg 1024w, https:\/\/www.pi.gov.br\/wp-content\/uploads\/2026\/04\/WhatsApp-Image-2026-04-27-at-12.59.31-768x512.jpeg 768w\" alt=\"\" width=\"1280\" height=\"854\" \/><figcaption id=\"caption-attachment-133877\" class=\"wp-caption-text\">Foto: Ascom\/Seduc<\/figcaption><\/figure>\n<p>Um dos pontos mais relevantes do programa \u00e9 a cria\u00e7\u00e3o de novos campi presenciais em institui\u00e7\u00f5es de ensino superior do Piau\u00ed, com instala\u00e7\u00f5es planejadas entre 2026 e 2027 para ampliar o acesso \u00e0 qualifica\u00e7\u00e3o profissional em regi\u00f5es estrat\u00e9gicas. Fazem parte dessa expans\u00e3o a Universidade Estadual do Piau\u00ed, que ganhar\u00e1 quatro novos campi: em Barras, Paulistana, Uni\u00e3o e Valen\u00e7a; o Instituto Federal do Piau\u00ed, com novos campi em Altos, Barras, Esperantina e Luzil\u00e2ndia; al\u00e9m da amplia\u00e7\u00e3o das unidades do Piau\u00ed Instituto de Tecnologia nos munic\u00edpios j\u00e1 citados, fortalecendo a oferta de gradua\u00e7\u00f5es e cursos profissionalizantes nessas cidades.<\/p>\n<p>A iniciativa \u00e9 coordenada pela Secretaria de Estado da Educa\u00e7\u00e3o (Seduc), em parceria com a Secretaria de Intelig\u00eancia Artificial e Inova\u00e7\u00e3o (SIA), a Funda\u00e7\u00e3o de Amparo \u00e0 Pesquisa do Estado do Piau\u00ed (Fapepi), a Universidade Estadual do Piau\u00ed (Uespi) e o Piau\u00ed Instituto de Tecnologia (PIT).<\/p>\n<p>&nbsp;<\/p>\n<p>Fonte: Portal pi.Gov.<br \/>\nConfira esta e outras mat\u00e9rias na \u00edntegra pelo link: https:\/\/www.pi.gov.br\/faculdade-pit-anuncia-expansao-para-14-municipios-do-piaui-e-lanca-3-novos-cursos\/<\/p>\n","protected":false},"excerpt":{"rendered":"<p>Novas unidades contemplar\u00e3o diferentes macroregi\u00f5es do Piau\u00ed e ofertar\u00e3o mais de 1.580 vagas. &nbsp; O Piau\u00ed Instituto de Tecnologia (PIT) participou da solenidade de expans\u00e3o do programa \u201cMais Forma\u00e7\u00e3o, Mais Renda\u201d, realizada na manh\u00e3 desta segunda-feira (27), no Centro de Conven\u00e7\u00f5es de Teresina. No evento, foram anunciadas novas unidades do instituto em 14 munic\u00edpios de [&hellip;]<\/p>\n","protected":false},"author":3,"featured_media":20930,"comment_status":"open","ping_status":"open","sticky":false,"template":"","format":"standard","meta":{"om_disable_all_campaigns":false,"_monsterinsights_skip_tracking":false,"_monsterinsights_sitenote_active":false,"_monsterinsights_sitenote_note":"","_monsterinsights_sitenote_category":0,"footnotes":""},"categories":[32,33],"tags":[],"class_list":["post-20929","post","type-post","status-publish","format-standard","has-post-thumbnail","hentry","category-educacao","category-piaui"],"jetpack_featured_media_url":"https:\/\/fatoelado.com\/wp-content\/uploads\/2026\/04\/AGUAS-DE-TERESINA-130-2048x1365-2.jpg","_links":{"self":[{"href":"https:\/\/fatoelado.com\/index.php?rest_route=\/wp\/v2\/posts\/20929","targetHints":{"allow":["GET"]}}],"collection":[{"href":"https:\/\/fatoelado.com\/index.php?rest_route=\/wp\/v2\/posts"}],"about":[{"href":"https:\/\/fatoelado.com\/index.php?rest_route=\/wp\/v2\/types\/post"}],"author":[{"embeddable":true,"href":"https:\/\/fatoelado.com\/index.php?rest_route=\/wp\/v2\/users\/3"}],"replies":[{"embeddable":true,"href":"https:\/\/fatoelado.com\/index.php?rest_route=%2Fwp%2Fv2%2Fcomments&post=20929"}],"version-history":[{"count":1,"href":"https:\/\/fatoelado.com\/index.php?rest_route=\/wp\/v2\/posts\/20929\/revisions"}],"predecessor-version":[{"id":20931,"href":"https:\/\/fatoelado.com\/index.php?rest_route=\/wp\/v2\/posts\/20929\/revisions\/20931"}],"wp:featuredmedia":[{"embeddable":true,"href":"https:\/\/fatoelado.com\/index.php?rest_route=\/wp\/v2\/media\/20930"}],"wp:attachment":[{"href":"https:\/\/fatoelado.com\/index.php?rest_route=%2Fwp%2Fv2%2Fmedia&parent=20929"}],"wp:term":[{"taxonomy":"category","embeddable":true,"href":"https:\/\/fatoelado.com\/index.php?rest_route=%2Fwp%2Fv2%2Fcategories&post=20929"},{"taxonomy":"post_tag","embeddable":true,"href":"https:\/\/fatoelado.com\/index.php?rest_route=%2Fwp%2Fv2%2Ftags&post=20929"}],"curies":[{"name":"wp","href":"https:\/\/api.w.org\/{rel}","templated":true}]}}