{"id":20925,"date":"2026-04-27T19:25:41","date_gmt":"2026-04-27T22:25:41","guid":{"rendered":"https:\/\/fatoelado.com\/?p=20925"},"modified":"2026-04-27T19:25:41","modified_gmt":"2026-04-27T22:25:41","slug":"rede-de-esgoto-avanca-em-teresina-com-obras-simultaneas-em-diferentes-bairros","status":"publish","type":"post","link":"https:\/\/fatoelado.com\/?p=20925","title":{"rendered":"Rede de esgoto avan\u00e7a em Teresina com obras simult\u00e2neas em diferentes bairros"},"content":{"rendered":"<h2 class=\"elementor-heading-title elementor-size-default\" style=\"text-align: center;\">\u00c1guas de Teresina\u00a0continua com\u00a0obras nos bairros S\u00e3o Francisco,\u00a0Mocambinho,\u00a0Cabral, Monte Castelo e Primavera.<\/h2>\n<p>&nbsp;<\/p>\n<p><span data-contrast=\"auto\">A expans\u00e3o do saneamento em Teresina segue em ritmo\u00a0acelerado. Entre os dias 27 e 30 de abril, a \u00c1guas de Teresina\u00a0continua com\u00a0obras nos bairros S\u00e3o Francisco,\u00a0Mocambinho,\u00a0Cabral, Monte Castelo e Primavera, refor\u00e7ando o compromisso com a amplia\u00e7\u00e3o da cobertura de esgotamento sanit\u00e1rio na capital.<\/span><span data-ccp-props=\"{&quot;134233117&quot;:false,&quot;134233118&quot;:false,&quot;201341983&quot;:0,&quot;335551550&quot;:6,&quot;335551620&quot;:6,&quot;335559738&quot;:240,&quot;335559739&quot;:240,&quot;335559740&quot;:240}\">\u00a0<\/span><\/p>\n<p><span data-contrast=\"auto\">As interven\u00e7\u00f5es fazem parte de um cronograma previamente estruturado, que alia planejamento t\u00e9cnico \u00e0 comunica\u00e7\u00e3o direta com a popula\u00e7\u00e3o.\u00a0\u201cAntes do in\u00edcio das obras,\u00a0nossas\u00a0equipes\u00a0realizam visitas porta a porta para\u00a0informar\u00a0os moradores sobre as etapas dos servi\u00e7os, prazos e impactos. As informa\u00e7\u00f5es tamb\u00e9m s\u00e3o\u00a0amplamente\u00a0divulgadas nos\u00a0nossos\u00a0canais\u00a0de comunica\u00e7\u00e3o,\u00a0como redes sociais,\u00a0no\u00a0site\u00a0e\u00a0tamb\u00e9m\u00a0por meio da\u00a0imprensa\u201d, explica\u00a0Diecson\u00a0Prado, gerente de Responsabilidade Social da \u00c1guas de Teresina.<\/span><span data-ccp-props=\"{&quot;134233117&quot;:false,&quot;134233118&quot;:false,&quot;201341983&quot;:0,&quot;335551550&quot;:6,&quot;335551620&quot;:6,&quot;335559738&quot;:240,&quot;335559739&quot;:240,&quot;335559740&quot;:240}\">\u00a0<\/span><\/p>\n<figure id=\"attachment_133854\" class=\"wp-caption alignnone\" aria-describedby=\"caption-attachment-133854\"><img loading=\"lazy\" decoding=\"async\" class=\"wp-image-133854 size-full\" src=\"https:\/\/www.pi.gov.br\/wp-content\/uploads\/2026\/04\/AGUAS-DE-TERESINA-130-scaled.jpg\" sizes=\"auto, (max-width: 2560px) 100vw, 2560px\" srcset=\"https:\/\/www.pi.gov.br\/wp-content\/uploads\/2026\/04\/AGUAS-DE-TERESINA-130-scaled.jpg 2560w, https:\/\/www.pi.gov.br\/wp-content\/uploads\/2026\/04\/AGUAS-DE-TERESINA-130-300x200.jpg 300w, https:\/\/www.pi.gov.br\/wp-content\/uploads\/2026\/04\/AGUAS-DE-TERESINA-130-1024x683.jpg 1024w, https:\/\/www.pi.gov.br\/wp-content\/uploads\/2026\/04\/AGUAS-DE-TERESINA-130-768x512.jpg 768w, https:\/\/www.pi.gov.br\/wp-content\/uploads\/2026\/04\/AGUAS-DE-TERESINA-130-1536x1024.jpg 1536w, https:\/\/www.pi.gov.br\/wp-content\/uploads\/2026\/04\/AGUAS-DE-TERESINA-130-2048x1365.jpg 2048w\" alt=\"\" width=\"2560\" height=\"1707\" \/><figcaption id=\"caption-attachment-133854\" class=\"wp-caption-text\">Foto: \u00c1guas de Teresina<\/figcaption><\/figure>\n<p><span data-contrast=\"auto\">Durante a execu\u00e7\u00e3o, a\u00a0empresa\u00a0adota medidas para reduzir impactos no tr\u00e1fego. Ao final de cada dia de trabalho, \u00e9 aplicada uma camada de prote\u00e7\u00e3o tempor\u00e1ria\u00a0no local da interven\u00e7\u00e3o, permitindo a libera\u00e7\u00e3o da via para circula\u00e7\u00e3o de ve\u00edculos\u00a0e o retorno das obras no dia seguinte.\u00a0Al\u00e9m disso, todo o local \u00e9\u00a0devidamente\u00a0sinalizado\u00a0para garantir a seguran\u00e7a de moradores e funcion\u00e1rios.\u00a0<\/span><span data-ccp-props=\"{&quot;134233117&quot;:false,&quot;134233118&quot;:false,&quot;201341983&quot;:0,&quot;335551550&quot;:6,&quot;335551620&quot;:6,&quot;335559738&quot;:240,&quot;335559739&quot;:240,&quot;335559740&quot;:240}\">\u00a0<\/span><\/p>\n<p><span data-contrast=\"auto\">Ap\u00f3s a conclus\u00e3o da obra, a recomposi\u00e7\u00e3o asf\u00e1ltica \u00e9 realizada em duas etapas. Inicialmente \u00e9 aplicada uma primeira camada, etapa fundamental para a acomoda\u00e7\u00e3o do solo. Depois disso, em at\u00e9 30 dias, a via recebe a camada final, garantindo a recomposi\u00e7\u00e3o completa e duradoura da via.<\/span><span data-ccp-props=\"{&quot;134233117&quot;:false,&quot;134233118&quot;:false,&quot;201341983&quot;:0,&quot;335551550&quot;:6,&quot;335551620&quot;:6,&quot;335559738&quot;:240,&quot;335559739&quot;:240,&quot;335559740&quot;:240}\">\u00a0<\/span><\/p>\n<p><span data-contrast=\"auto\">Com esse modelo de atua\u00e7\u00e3o, a \u00c1guas de Teresina refor\u00e7a a import\u00e2ncia do planejamento e da transpar\u00eancia para garantir obras mais eficientes e com menor impacto para a popula\u00e7\u00e3o.<\/span><span data-ccp-props=\"{&quot;134233117&quot;:false,&quot;134233118&quot;:false,&quot;201341983&quot;:0,&quot;335551550&quot;:6,&quot;335551620&quot;:6,&quot;335559738&quot;:240,&quot;335559739&quot;:240,&quot;335559740&quot;:240}\">\u00a0<\/span><\/p>\n<p>&nbsp;<\/p>\n<p>Fonte: Portal pi.Gov.<br \/>\nConfira esta e outras mat\u00e9rias na \u00edntegra pelo link: https:\/\/www.pi.gov.br\/rede-de-esgoto-avanca-em-teresina-com-obras-simultaneas-em-diferentes-bairros\/<\/p>\n","protected":false},"excerpt":{"rendered":"<p>\u00c1guas de Teresina\u00a0continua com\u00a0obras nos bairros S\u00e3o Francisco,\u00a0Mocambinho,\u00a0Cabral, Monte Castelo e Primavera. &nbsp; A expans\u00e3o do saneamento em Teresina segue em ritmo\u00a0acelerado. Entre os dias 27 e 30 de abril, a \u00c1guas de Teresina\u00a0continua com\u00a0obras nos bairros S\u00e3o Francisco,\u00a0Mocambinho,\u00a0Cabral, Monte Castelo e Primavera, refor\u00e7ando o compromisso com a amplia\u00e7\u00e3o da cobertura de esgotamento sanit\u00e1rio na [&hellip;]<\/p>\n","protected":false},"author":3,"featured_media":20927,"comment_status":"open","ping_status":"open","sticky":false,"template":"","format":"standard","meta":{"om_disable_all_campaigns":false,"_monsterinsights_skip_tracking":false,"_monsterinsights_sitenote_active":false,"_monsterinsights_sitenote_note":"","_monsterinsights_sitenote_category":0,"footnotes":""},"categories":[33],"tags":[],"class_list":["post-20925","post","type-post","status-publish","format-standard","has-post-thumbnail","hentry","category-piaui"],"jetpack_featured_media_url":"https:\/\/fatoelado.com\/wp-content\/uploads\/2026\/04\/AGUAS-DE-TERESINA-130-2048x1365-1.jpg","_links":{"self":[{"href":"https:\/\/fatoelado.com\/index.php?rest_route=\/wp\/v2\/posts\/20925","targetHints":{"allow":["GET"]}}],"collection":[{"href":"https:\/\/fatoelado.com\/index.php?rest_route=\/wp\/v2\/posts"}],"about":[{"href":"https:\/\/fatoelado.com\/index.php?rest_route=\/wp\/v2\/types\/post"}],"author":[{"embeddable":true,"href":"https:\/\/fatoelado.com\/index.php?rest_route=\/wp\/v2\/users\/3"}],"replies":[{"embeddable":true,"href":"https:\/\/fatoelado.com\/index.php?rest_route=%2Fwp%2Fv2%2Fcomments&post=20925"}],"version-history":[{"count":1,"href":"https:\/\/fatoelado.com\/index.php?rest_route=\/wp\/v2\/posts\/20925\/revisions"}],"predecessor-version":[{"id":20928,"href":"https:\/\/fatoelado.com\/index.php?rest_route=\/wp\/v2\/posts\/20925\/revisions\/20928"}],"wp:featuredmedia":[{"embeddable":true,"href":"https:\/\/fatoelado.com\/index.php?rest_route=\/wp\/v2\/media\/20927"}],"wp:attachment":[{"href":"https:\/\/fatoelado.com\/index.php?rest_route=%2Fwp%2Fv2%2Fmedia&parent=20925"}],"wp:term":[{"taxonomy":"category","embeddable":true,"href":"https:\/\/fatoelado.com\/index.php?rest_route=%2Fwp%2Fv2%2Fcategories&post=20925"},{"taxonomy":"post_tag","embeddable":true,"href":"https:\/\/fatoelado.com\/index.php?rest_route=%2Fwp%2Fv2%2Ftags&post=20925"}],"curies":[{"name":"wp","href":"https:\/\/api.w.org\/{rel}","templated":true}]}}