{"id":20921,"date":"2026-04-27T19:24:43","date_gmt":"2026-04-27T22:24:43","guid":{"rendered":"https:\/\/fatoelado.com\/?p=20921"},"modified":"2026-04-27T19:24:43","modified_gmt":"2026-04-27T22:24:43","slug":"governo-do-estado-anuncia-r-16-milhao-para-modernizar-espacos-esportivos-em-campo-maior","status":"publish","type":"post","link":"https:\/\/fatoelado.com\/?p=20921","title":{"rendered":"Governo do Estado anuncia R$ 1,6 milh\u00e3o para modernizar espa\u00e7os esportivos em Campo Maior"},"content":{"rendered":"<h2 class=\"elementor-heading-title elementor-size-default\" style=\"text-align: center;\">Interven\u00e7\u00f5es incluem reforma do est\u00e1dio e do gin\u00e1sio, atendendo demanda hist\u00f3rica da popula\u00e7\u00e3o.<\/h2>\n<p>&nbsp;<\/p>\n<p>O Governo do Piau\u00ed vai investir R$ 1,6 milh\u00e3o na revitaliza\u00e7\u00e3o do Est\u00e1dio Deusdeth Nunes e do gin\u00e1sio poliesportivo de Campo Maior, munic\u00edpio localizado ao norte de Teresina. A iniciativa ser\u00e1 executada por meio da Secretaria dos Esportes (Secepi).\u00a0O an\u00fancio foi feito nesta segunda-feira (27) pela secret\u00e1ria dos Esportes, Josiene Campelo, durante visita das lideran\u00e7as locais Wesley Paz e Agenor Leite, que destacaram a import\u00e2ncia das interven\u00e7\u00f5es para o fortalecimento do esporte na regi\u00e3o.<\/p>\n<p>De acordo com a secret\u00e1ria, a iniciativa atende a uma demanda hist\u00f3rica da popula\u00e7\u00e3o e j\u00e1 avan\u00e7a na etapa t\u00e9cnica. \u201cPor determina\u00e7\u00e3o do governador Rafael Fonteles, a Secretaria dos Esportes realizar\u00e1 dois investimentos muito importantes em Campo Maior, atendendo \u00e0s lideran\u00e7as locais, que solicitaram a revitaliza\u00e7\u00e3o e as melhorias nesses espa\u00e7os. Os projetos j\u00e1 foram conclu\u00eddos e, neste momento, est\u00e3o em fase de licita\u00e7\u00e3o. Em breve, faremos a assinatura dos contratos para o in\u00edcio dessas obras\u201d, destacou Josiene Campelo.<\/p>\n<figure id=\"attachment_133860\" class=\"wp-caption alignnone\" aria-describedby=\"caption-attachment-133860\"><img loading=\"lazy\" decoding=\"async\" class=\"wp-image-133860 size-full\" src=\"https:\/\/www.pi.gov.br\/wp-content\/uploads\/2026\/04\/WhatsApp-Image-2026-04-27-at-16.40.26.jpeg\" sizes=\"auto, (max-width: 738px) 100vw, 738px\" srcset=\"https:\/\/www.pi.gov.br\/wp-content\/uploads\/2026\/04\/WhatsApp-Image-2026-04-27-at-16.40.26.jpeg 738w, https:\/\/www.pi.gov.br\/wp-content\/uploads\/2026\/04\/WhatsApp-Image-2026-04-27-at-16.40.26-300x265.jpeg 300w\" alt=\"\" width=\"738\" height=\"652\" \/><figcaption id=\"caption-attachment-133860\" class=\"wp-caption-text\">Foto: Ascom Secepi<\/figcaption><\/figure>\n<p>Para Wesley Paz, o investimento representa um avan\u00e7o importante para o esporte em Campo Maior. \u201cFicamos muito felizes com a receptividade da secret\u00e1ria e agradecemos o apoio do governador Rafael Fonteles. Quem mais ganha com essa iniciativa s\u00e3o os desportistas do munic\u00edpio, especialmente aqueles que utilizam o gin\u00e1sio poliesportivo, que passar\u00e1 por uma reforma essencial\u201d, afirmou.<\/p>\n<figure id=\"attachment_133861\" class=\"wp-caption alignnone\" aria-describedby=\"caption-attachment-133861\"><img loading=\"lazy\" decoding=\"async\" class=\"wp-image-133861 size-full\" src=\"https:\/\/www.pi.gov.br\/wp-content\/uploads\/2026\/04\/liderancas-de-campo-maior.jpeg\" sizes=\"auto, (max-width: 900px) 100vw, 900px\" srcset=\"https:\/\/www.pi.gov.br\/wp-content\/uploads\/2026\/04\/liderancas-de-campo-maior.jpeg 900w, https:\/\/www.pi.gov.br\/wp-content\/uploads\/2026\/04\/liderancas-de-campo-maior-300x212.jpeg 300w, https:\/\/www.pi.gov.br\/wp-content\/uploads\/2026\/04\/liderancas-de-campo-maior-768x543.jpeg 768w\" alt=\"\" width=\"900\" height=\"636\" \/><figcaption id=\"caption-attachment-133861\" class=\"wp-caption-text\">Foto: Ascom Secepi<\/figcaption><\/figure>\n<p>Agenor Leite tamb\u00e9m ressaltou o impacto das melhorias. \u201cJ\u00e1 v\u00ednhamos, h\u00e1 um tempo, conversando com a Secretaria para reativar esses equipamentos, para que a popula\u00e7\u00e3o de Campo Maior possa se beneficiar e desenvolver cada vez mais o esporte na nossa cidade.\u00a0S\u00f3 temos a agradecer e celebrar mais essa conquista para os desportistas do munic\u00edpio\u201d, pontuou.<\/p>\n<p>Entre os servi\u00e7os previstos para o Est\u00e1dio Deusdeth Nunes est\u00e3o o reaparelhamento do sistema de irriga\u00e7\u00e3o, com a constru\u00e7\u00e3o de uma nova cisterna para dar suporte, a substitui\u00e7\u00e3o do gramado e o refor\u00e7o da ilumina\u00e7\u00e3o, com instala\u00e7\u00e3o de novos refletores.<\/p>\n<figure id=\"attachment_133858\" class=\"wp-caption alignnone\" aria-describedby=\"caption-attachment-133858\"><img loading=\"lazy\" decoding=\"async\" class=\"wp-image-133858 size-full\" src=\"https:\/\/www.pi.gov.br\/wp-content\/uploads\/2026\/04\/WhatsApp-Image-2026-04-27-at-16.50.06-1.jpeg\" sizes=\"auto, (max-width: 1045px) 100vw, 1045px\" srcset=\"https:\/\/www.pi.gov.br\/wp-content\/uploads\/2026\/04\/WhatsApp-Image-2026-04-27-at-16.50.06-1.jpeg 1045w, https:\/\/www.pi.gov.br\/wp-content\/uploads\/2026\/04\/WhatsApp-Image-2026-04-27-at-16.50.06-1-300x189.jpeg 300w, https:\/\/www.pi.gov.br\/wp-content\/uploads\/2026\/04\/WhatsApp-Image-2026-04-27-at-16.50.06-1-1024x647.jpeg 1024w, https:\/\/www.pi.gov.br\/wp-content\/uploads\/2026\/04\/WhatsApp-Image-2026-04-27-at-16.50.06-1-768x485.jpeg 768w\" alt=\"\" width=\"1045\" height=\"660\" \/><figcaption id=\"caption-attachment-133858\" class=\"wp-caption-text\">Foto: Ascom Secepi<\/figcaption><\/figure>\n<p>J\u00e1 no gin\u00e1sio poliesportivo, as obras contemplam a moderniza\u00e7\u00e3o completa da ilumina\u00e7\u00e3o, pintura interna e externa, recupera\u00e7\u00e3o da quadra e do piso, al\u00e9m de melhorias em alambrados e arquibancadas. Tamb\u00e9m est\u00e3o previstas a reforma de vesti\u00e1rios, banheiros, salas e quiosques, a recupera\u00e7\u00e3o do palco externo, a substitui\u00e7\u00e3o de esquadrias e port\u00f5es, e interven\u00e7\u00f5es no telhado.<\/p>\n<figure id=\"attachment_133859\" class=\"wp-caption alignnone\" aria-describedby=\"caption-attachment-133859\"><img loading=\"lazy\" decoding=\"async\" class=\"wp-image-133859 size-full\" src=\"https:\/\/www.pi.gov.br\/wp-content\/uploads\/2026\/04\/WhatsApp-Image-2026-04-27-at-16.50.06.jpeg\" sizes=\"auto, (max-width: 866px) 100vw, 866px\" srcset=\"https:\/\/www.pi.gov.br\/wp-content\/uploads\/2026\/04\/WhatsApp-Image-2026-04-27-at-16.50.06.jpeg 866w, https:\/\/www.pi.gov.br\/wp-content\/uploads\/2026\/04\/WhatsApp-Image-2026-04-27-at-16.50.06-300x204.jpeg 300w, https:\/\/www.pi.gov.br\/wp-content\/uploads\/2026\/04\/WhatsApp-Image-2026-04-27-at-16.50.06-768x521.jpeg 768w\" alt=\"\" width=\"866\" height=\"588\" \/><figcaption id=\"caption-attachment-133859\" class=\"wp-caption-text\">Foto: Ascom Secepi<\/figcaption><\/figure>\n<p>&nbsp;<\/p>\n<p>Fonte: Portal pi.Gov.<br \/>\nConfira esta e outras mat\u00e9rias na \u00edntegra pelo link: https:\/\/www.pi.gov.br\/governo-do-estado-anuncia-r-16-milhao-para-modernizar-espacos-esportivos-em-campo-maior\/<\/p>\n","protected":false},"excerpt":{"rendered":"<p>Interven\u00e7\u00f5es incluem reforma do est\u00e1dio e do gin\u00e1sio, atendendo demanda hist\u00f3rica da popula\u00e7\u00e3o. &nbsp; O Governo do Piau\u00ed vai investir R$ 1,6 milh\u00e3o na revitaliza\u00e7\u00e3o do Est\u00e1dio Deusdeth Nunes e do gin\u00e1sio poliesportivo de Campo Maior, munic\u00edpio localizado ao norte de Teresina. A iniciativa ser\u00e1 executada por meio da Secretaria dos Esportes (Secepi).\u00a0O an\u00fancio foi [&hellip;]<\/p>\n","protected":false},"author":3,"featured_media":20922,"comment_status":"open","ping_status":"open","sticky":false,"template":"","format":"standard","meta":{"om_disable_all_campaigns":false,"_monsterinsights_skip_tracking":false,"_monsterinsights_sitenote_active":false,"_monsterinsights_sitenote_note":"","_monsterinsights_sitenote_category":0,"footnotes":""},"categories":[33],"tags":[],"class_list":["post-20921","post","type-post","status-publish","format-standard","has-post-thumbnail","hentry","category-piaui"],"jetpack_featured_media_url":"https:\/\/fatoelado.com\/wp-content\/uploads\/2026\/04\/WhatsApp-Image-2026-04-27-at-16.50.06-1.jpeg","_links":{"self":[{"href":"https:\/\/fatoelado.com\/index.php?rest_route=\/wp\/v2\/posts\/20921","targetHints":{"allow":["GET"]}}],"collection":[{"href":"https:\/\/fatoelado.com\/index.php?rest_route=\/wp\/v2\/posts"}],"about":[{"href":"https:\/\/fatoelado.com\/index.php?rest_route=\/wp\/v2\/types\/post"}],"author":[{"embeddable":true,"href":"https:\/\/fatoelado.com\/index.php?rest_route=\/wp\/v2\/users\/3"}],"replies":[{"embeddable":true,"href":"https:\/\/fatoelado.com\/index.php?rest_route=%2Fwp%2Fv2%2Fcomments&post=20921"}],"version-history":[{"count":2,"href":"https:\/\/fatoelado.com\/index.php?rest_route=\/wp\/v2\/posts\/20921\/revisions"}],"predecessor-version":[{"id":20924,"href":"https:\/\/fatoelado.com\/index.php?rest_route=\/wp\/v2\/posts\/20921\/revisions\/20924"}],"wp:featuredmedia":[{"embeddable":true,"href":"https:\/\/fatoelado.com\/index.php?rest_route=\/wp\/v2\/media\/20922"}],"wp:attachment":[{"href":"https:\/\/fatoelado.com\/index.php?rest_route=%2Fwp%2Fv2%2Fmedia&parent=20921"}],"wp:term":[{"taxonomy":"category","embeddable":true,"href":"https:\/\/fatoelado.com\/index.php?rest_route=%2Fwp%2Fv2%2Fcategories&post=20921"},{"taxonomy":"post_tag","embeddable":true,"href":"https:\/\/fatoelado.com\/index.php?rest_route=%2Fwp%2Fv2%2Ftags&post=20921"}],"curies":[{"name":"wp","href":"https:\/\/api.w.org\/{rel}","templated":true}]}}