{"id":20917,"date":"2026-04-27T09:30:42","date_gmt":"2026-04-27T12:30:42","guid":{"rendered":"https:\/\/fatoelado.com\/?p=20917"},"modified":"2026-04-27T09:30:42","modified_gmt":"2026-04-27T12:30:42","slug":"bruxa-solta-copa-tem-pelo-menos-10-grandes-nomes-vetados-ou-sob-duvida-veja-lista","status":"publish","type":"post","link":"https:\/\/fatoelado.com\/?p=20917","title":{"rendered":"Bruxa solta: Copa tem pelo menos 10 grandes nomes vetados ou sob d\u00favida; veja lista"},"content":{"rendered":"<h2 class=\"article-subtitle\" style=\"text-align: center;\">A menos de dois meses do Mundial, uma s\u00e9rie de contus\u00f5es em jogadores de sele\u00e7\u00f5es importantes j\u00e1 preocupa t\u00e9cnicos e pode alterar convoca\u00e7\u00f5es finais para o torneio<\/h2>\n<p>&nbsp;<\/p>\n<div class=\"article-image-featured\" style=\"text-align: center;\"><img decoding=\"async\" class=\"i-amphtml-fill-content i-amphtml-replaced-content aligncenter\" src=\"https:\/\/www.meionews.com\/uploads\/imagens\/2026\/4\/27\/estevao-gnbary-rodrygo-e-xavi-simons-duvidas-ou-ausencias-na-copa--d34e4d018ebd7c45.jpg\" alt=\"Est\u00eav\u00e3o, Gnbary, Rodrygo e Xavi Simons: d\u00favidas ou aus\u00eancias na Copa | Reprodu\u00e7\u00e3o\/ Ribeiro\/CBF; Karl-Josef HILDENBRAND \/ AFP; Nelson ALMEIDA \/ AFP; Darren Staples \/ AFP\" data-amp-loading=\"lazy\" \/><small>Est\u00eav\u00e3o, Gnbary, Rodrygo e Xavi Simons: d\u00favidas ou aus\u00eancias na Copa | Foto: Reprodu\u00e7\u00e3o\/ Ribeiro\/CBF; Karl-Josef HILDENBRAND \/ AFP; Nelson ALMEIDA \/ AFP; Darren Staples \/ AFP<\/small><\/div>\n<div class=\"g-news\"><\/div>\n<div class=\"article-html\">\n<div class=\"article-html-more\">\n<p><strong>Uma les\u00e3o no ligamento cruzado anterior (LCA) do joelho direito tirou o meia Xavi Simons da\u00a0<\/strong>Copa do Mundo de 2026. O jogador do Tottenham e da sele\u00e7\u00e3o da Holanda passa a integrar uma lista crescente de atletas lesionados ou em d\u00favida para o Mundial.<\/p>\n<p><span class=\"highlight\">A menos de dois meses do in\u00edcio do torneio, cujo jogo de abertura est\u00e1 marcado para o dia 11 de junho, qualquer nova contus\u00e3o pode comprometer a presen\u00e7a de jogadores convocados ou cotados para suas sele\u00e7\u00f5es.\u00a0<\/span>A maioria dos atletas citados est\u00e1 em fase final de temporada nas principais ligas europeias, per\u00edodo em que o risco de les\u00f5es aumenta.<\/p>\n<p>Com Simons, j\u00e1 s\u00e3o ao menos 10 grandes nomes do futebol mundial fora da Copa ou com participa\u00e7\u00e3o ainda indefinida por problemas f\u00edsicos.\u00a0<strong>Confira a lista:<\/strong><\/p>\n<h2><strong>Aus\u00eancias confirmadas:<\/strong><\/h2>\n<ul>\n<li>Hugo Ekitik\u00e9 (Fran\u00e7a): O atacante do Liverpool rompeu o tend\u00e3o de Aquiles da perna direita no \u00faltimo dia 16.<\/li>\n<li>Rodrygo (Brasil): O atacante do Real Madrid rompeu o ligamento cruzado e o menisco lateral do joelho direito no in\u00edcio de mar\u00e7o.<\/li>\n<li>Samu Aghehowa (Espanha): O atacante do Porto rompeu o ligamento cruzado anterior do joelho direito em fevereiro.<\/li>\n<li>Serge Gnabry (Alemanha): O atacante do Bayern de Munique sofreu les\u00e3o no m\u00fasculo adutor da perna direita no \u00faltimo dia 22.<\/li>\n<li>Xavi Simons (Holanda): O meia do Tottenham rompeu o ligamento cruzado anterior (LCA) do joelho direito no \u00faltimo s\u00e1bado.<\/li>\n<li>Outros nomes fora: Jerdy Schouten (Holanda), Joaqu\u00edn Panichelli (Argentina), Juan Foyth (Argentina), Luis Malag\u00f3n (M\u00e9xico), Mohammed Salisu (Gana), Patrick Agyemang (Estados Unidos) e Takumi Minamino (Jap\u00e3o).<\/li>\n<\/ul>\n<div class=\"dimg\"><img decoding=\"async\" class=\"i-amphtml-intrinsic-sizer\" role=\"presentation\" src=\"data:;base64,<svg height=\"665px\" width=\"1200px\" xmlns=\"http:\/\/www.w3.org\/2000\/svg\" version=\"1.1\"\/>&#8221; alt=&#8221;&#8221; aria-hidden=&#8221;true&#8221; \/><img decoding=\"async\" class=\"i-amphtml-fill-content i-amphtml-replaced-content\" src=\"https:\/\/www.meionews.com\/uploads\/imagens\/2026\/4\/27\/bruxa-solta-copa-tem-pelo-menos-10-grandes-nomes-vetados-ou-sob-duvida--7336cb662ebca7d6.jpg\" alt=\"Bruxa solta: Copa tem pelo menos 10 grandes nomes vetados ou sob d\u00favida; veja lista - Imagem 1\" data-amp-loading=\"lazy\" \/><\/div>\n<p><span class=\"fr-inner\">Copa do Mundo de 2026 ser\u00e1 a primeira com 48 sele\u00e7\u00f5es | Foto: Divulga\u00e7\u00e3o\/Adidas\u00a0<\/span><\/p>\n<div class=\"mgbox\"><\/div>\n<h2><strong>D\u00favidas para o Mundial:<\/strong><\/h2>\n<ul>\n<li>Arda G\u00fcler (Turquia): O meia do Real Madrid trata uma les\u00e3o muscular no b\u00edceps femoral da perna direita e n\u00e3o deve atuar mais pelo clube nesta temporada.<\/li>\n<li>Est\u00eav\u00e3o (Brasil): O atacante do Chelsea sofreu les\u00e3o muscular de grau 4 na coxa direita.<\/li>\n<li>\u00c9der Milit\u00e3o (Brasil): O zagueiro do Real Madrid tem les\u00e3o muscular no b\u00edceps femoral da perna esquerda.<\/li>\n<li>Jack Grealish (Inglaterra): O atacante do Everton sofreu fratura por estresse no p\u00e9 esquerdo em janeiro e passou por cirurgia no m\u00eas seguinte.<\/li>\n<li>Lamine Yamal (Espanha): O atacante do Barcelona tem les\u00e3o muscular no b\u00edceps femoral da perna esquerda e n\u00e3o atua mais pelo clube nesta temporada; a equipe afirma que a participa\u00e7\u00e3o na Copa n\u00e3o est\u00e1 em risco.<\/li>\n<\/ul>\n<div><\/div>\n<div class=\"more-news\">Fonte: Portal MeioNews.<br \/>\nConfira esta e outras mat\u00e9rias na \u00edntegra pelo link: https:\/\/www.meionews.com\/esportes\/bruxa-solta-copa-tem-pelo-menos-10-grandes-nomes-vetados-ou-sob-duvida-veja-lista-561976<\/div>\n<\/div>\n<\/div>\n","protected":false},"excerpt":{"rendered":"<p>A menos de dois meses do Mundial, uma s\u00e9rie de contus\u00f5es em jogadores de sele\u00e7\u00f5es importantes j\u00e1 preocupa t\u00e9cnicos e pode alterar convoca\u00e7\u00f5es finais para o torneio &nbsp; Est\u00eav\u00e3o, Gnbary, Rodrygo e Xavi Simons: d\u00favidas ou aus\u00eancias na Copa | Foto: Reprodu\u00e7\u00e3o\/ Ribeiro\/CBF; Karl-Josef HILDENBRAND \/ AFP; Nelson ALMEIDA \/ AFP; Darren Staples \/ AFP [&hellip;]<\/p>\n","protected":false},"author":3,"featured_media":20918,"comment_status":"open","ping_status":"open","sticky":false,"template":"","format":"standard","meta":{"om_disable_all_campaigns":false,"_monsterinsights_skip_tracking":false,"_monsterinsights_sitenote_active":false,"_monsterinsights_sitenote_note":"","_monsterinsights_sitenote_category":0,"footnotes":""},"categories":[48],"tags":[],"class_list":["post-20917","post","type-post","status-publish","format-standard","has-post-thumbnail","hentry","category-esportes"],"jetpack_featured_media_url":"https:\/\/fatoelado.com\/wp-content\/uploads\/2026\/04\/estevao-gnbary-rodrygo-e-xavi-simons-duvidas-ou-ausencias-na-copa-d34e4d018ebd7c45.jpg","_links":{"self":[{"href":"https:\/\/fatoelado.com\/index.php?rest_route=\/wp\/v2\/posts\/20917","targetHints":{"allow":["GET"]}}],"collection":[{"href":"https:\/\/fatoelado.com\/index.php?rest_route=\/wp\/v2\/posts"}],"about":[{"href":"https:\/\/fatoelado.com\/index.php?rest_route=\/wp\/v2\/types\/post"}],"author":[{"embeddable":true,"href":"https:\/\/fatoelado.com\/index.php?rest_route=\/wp\/v2\/users\/3"}],"replies":[{"embeddable":true,"href":"https:\/\/fatoelado.com\/index.php?rest_route=%2Fwp%2Fv2%2Fcomments&post=20917"}],"version-history":[{"count":2,"href":"https:\/\/fatoelado.com\/index.php?rest_route=\/wp\/v2\/posts\/20917\/revisions"}],"predecessor-version":[{"id":20920,"href":"https:\/\/fatoelado.com\/index.php?rest_route=\/wp\/v2\/posts\/20917\/revisions\/20920"}],"wp:featuredmedia":[{"embeddable":true,"href":"https:\/\/fatoelado.com\/index.php?rest_route=\/wp\/v2\/media\/20918"}],"wp:attachment":[{"href":"https:\/\/fatoelado.com\/index.php?rest_route=%2Fwp%2Fv2%2Fmedia&parent=20917"}],"wp:term":[{"taxonomy":"category","embeddable":true,"href":"https:\/\/fatoelado.com\/index.php?rest_route=%2Fwp%2Fv2%2Fcategories&post=20917"},{"taxonomy":"post_tag","embeddable":true,"href":"https:\/\/fatoelado.com\/index.php?rest_route=%2Fwp%2Fv2%2Ftags&post=20917"}],"curies":[{"name":"wp","href":"https:\/\/api.w.org\/{rel}","templated":true}]}}