{"id":20914,"date":"2026-04-27T09:29:42","date_gmt":"2026-04-27T12:29:42","guid":{"rendered":"https:\/\/fatoelado.com\/?p=20914"},"modified":"2026-04-27T09:29:42","modified_gmt":"2026-04-27T12:29:42","slug":"prazo-para-tirar-ou-transferir-titulo-de-eleitor-termina-no-dia-6-fique-atento","status":"publish","type":"post","link":"https:\/\/fatoelado.com\/?p=20914","title":{"rendered":"Prazo para tirar ou transferir t\u00edtulo de eleitor termina no dia 6; fique atento!"},"content":{"rendered":"<h2 class=\"article-subtitle\" style=\"text-align: center;\">Para votar nas elei\u00e7\u00f5es de 2026, \u00e9 preciso tirar o t\u00edtulo at\u00e9 6 de maio. Jovens a partir de 15 anos j\u00e1 podem solicitar o documento, mas s\u00f3 podem votar se completarem 16 anos at\u00e9 o dia da elei\u00e7\u00e3o, em 4 de outubro.<\/h2>\n<p>&nbsp;<\/p>\n<div class=\"article-image-featured\" style=\"text-align: center;\"><img decoding=\"async\" class=\"i-amphtml-fill-content i-amphtml-replaced-content aligncenter\" src=\"https:\/\/www.meionews.com\/uploads\/imagens\/2026\/4\/27\/titulo-de-eleitor--13adf0486215dd5b.jpg\" alt=\"T\u00edtulo de Eleitor | Divulga\u00e7\u00e3o\/TRE\" data-amp-loading=\"lazy\" \/><small>T\u00edtulo de Eleitor | Foto: Divulga\u00e7\u00e3o\/TRE<\/small><\/div>\n<p>&nbsp;<\/p>\n<div class=\"article-html\">\n<div class=\"article-html-more\">\n<p>O prazo para\u00a0<strong data-end=\"115\" data-start=\"59\">tirar, transferir ou regularizar o t\u00edtulo de eleitor<\/strong>\u00a0termina em\u00a0<strong data-end=\"138\" data-start=\"127\">10 dias<\/strong>. Para participar das elei\u00e7\u00f5es de 2026, \u00e9 necess\u00e1rio fazer a solicita\u00e7\u00e3o at\u00e9\u00a0<strong data-end=\"228\" data-start=\"215\">6 de maio<\/strong>.<\/p>\n<p>A partir de 7 de maio, a Justi\u00e7a Eleitoral encerra o cadastro para organiza\u00e7\u00e3o do pleito. Pela legisla\u00e7\u00e3o, o cadastro \u00e9 fechado 150 dias antes do primeiro turno.<\/p>\n<h2 data-end=\"498\" data-section-id=\"yjdxed\" data-start=\"464\">Quem precisa emitir o t\u00edtulo<\/h2>\n<p>Quem vai completar\u00a0<strong data-end=\"544\" data-start=\"519\">18 anos at\u00e9 6 de maio<\/strong>\u00a0deve tirar o t\u00edtulo para poder votar neste ano. Segundo o artigo 14 da Constitui\u00e7\u00e3o Federal do Brasil:<\/p>\n<ul data-end=\"820\" data-start=\"656\">\n<li data-end=\"708\" data-section-id=\"sh9tlk\" data-start=\"656\">O voto \u00e9 obrigat\u00f3rio para maiores de 18 anos<\/li>\n<li data-end=\"820\" data-section-id=\"1wymsc8\" data-start=\"709\">\u00c9 facultativopara:\n<ul data-end=\"820\" data-start=\"737\">\n<li data-end=\"762\" data-section-id=\"xxdxk4\" data-start=\"737\">Pessoas analfabetas<\/li>\n<li data-end=\"789\" data-section-id=\"1fy4777\" data-start=\"765\">Maiores de 70 anos<\/li>\n<li data-end=\"820\" data-section-id=\"1frr9rp\" data-start=\"792\">Jovens de 16 e 17 anos<\/li>\n<\/ul>\n<\/li>\n<\/ul>\n<h2 data-end=\"847\" data-section-id=\"xo8dw9\" data-start=\"822\">Jovens eleitores<\/h2>\n<p>Adolescentes a partir de 15 anos j\u00e1 podem solicitar o t\u00edtulo. No entanto, s\u00f3 poder\u00e3o votar se tiverem 16 anos completos at\u00e9 o dia da elei\u00e7\u00e3o.<\/p>\n<h2 data-end=\"1035\" data-section-id=\"17djsha\" data-start=\"1003\">\ud83d\udcc5 Datas das elei\u00e7\u00f5es de 2026<\/h2>\n<ul data-end=\"1099\" data-start=\"1037\">\n<li data-end=\"1067\" data-section-id=\"1dc85iy\" data-start=\"1037\"><strong data-end=\"1052\" data-start=\"1039\">1\u00ba turno:<\/strong>\u00a04 de outubro<\/li>\n<li data-end=\"1099\" data-section-id=\"yofo96\" data-start=\"1068\"><strong data-end=\"1083\" data-start=\"1070\">2\u00ba turno:<\/strong>\u00a025 de outubro<\/li>\n<\/ul>\n<p>Quem quiser participar precisa estar com a situa\u00e7\u00e3o eleitoral regularizada dentro do prazo.<\/p>\n<h2>Precisa de agendamento para tirar o t\u00edtulo de eleitor?<\/h2>\n<p>Em alguns estados, o atendimento presencial em um cart\u00f3rio eleitoral exige agendamento pr\u00e9vio. \u00c9 preciso verificar no site do Tribunal Regional Eleitoral (TRE) da sua regi\u00e3o se existe essa exig\u00eancia. O atendimento online ainda existe, mas n\u00e3o est\u00e1 mais dispon\u00edvel para quem vai tirar o primeiro t\u00edtulo. Isso porque o pedido pela internet exigia comparecimento ao cart\u00f3rio em at\u00e9 30 dias para coleta da biometria. Por isso, essa op\u00e7\u00e3o no Autoatendimento Eleitoral ficou dispon\u00edvel s\u00f3 at\u00e9 6 de abril. Agora, o primeiro t\u00edtulo s\u00f3 pode ser solicitado presencialmente.<\/p>\n<h2>Quais os documentos necess\u00e1rios para tirar o t\u00edtulo de eleitor?<\/h2>\n<ul data-mrf-recirculation=\"Mat\u00e9ria - Leia Tamb\u00e9m (Lista)\">\n<li>Documento oficial com foto.<\/li>\n<li>Comprovante de resid\u00eancia em seu nome ou da pessoa com quem voc\u00ea mora.<\/li>\n<li>Comprovante de quita\u00e7\u00e3o militar para homens que completam 19 anos em 2026.<\/li>\n<\/ul>\n<h2>E para transferir o t\u00edtulo, quais s\u00e3o os requisitos?<\/h2>\n<ul data-mrf-recirculation=\"Mat\u00e9ria - Leia Tamb\u00e9m (Lista)\">\n<li>Ter passado\u00a0<strong>pelo menos um ano\u00a0<\/strong>desde a emiss\u00e3o do primeiro t\u00edtulo ou da \u00faltima transfer\u00eancia.<\/li>\n<li>Comprovar\u00a0<strong>v\u00ednculo de, no m\u00ednimo, tr\u00eas meses\u00a0<\/strong>com o novo munic\u00edpio (residencial, familiar, profissional, comunit\u00e1rio ou outro que justifique a mudan\u00e7a).<\/li>\n<li>Estar em dia com a Justi\u00e7a Eleitoral. Se houver multa por aus\u00eancia \u00e0s urnas ou aos trabalhos eleitorais, o d\u00e9bito deve ser pago antes do pedido.<\/li>\n<\/ul>\n<p>E como o pedido para a transfer\u00eancia pode ser feito?<\/p>\n<ul data-mrf-recirculation=\"Mat\u00e9ria - Leia Tamb\u00e9m (Lista)\">\n<li>Pela internet, no\u00a0<a href=\"https:\/\/www.tse.jus.br\/servicos-eleitorais\/autoatendimento-eleitoral#\/\" target=\"_blank\" rel=\"noopener\"><strong>Autoatendimento Eleitoral.<\/strong><\/a><\/li>\n<li>Presencialmente, em um cart\u00f3rio eleitoral.<\/li>\n<\/ul>\n<p>&nbsp;<\/p>\n<h2>Onde fazer a biometria do t\u00edtulo de eleitor?<\/h2>\n<p>A biometria \u00e9 feita no cart\u00f3rio eleitoral do munic\u00edpio.<\/p>\n<p class=\"ads\">\n<div class=\"article-more\">\n<div class=\"more-news\">Fonte: Portal MeioNews.<br \/>\nConfira esta e outras mat\u00e9rias na \u00edntegra pelo link: https:\/\/www.meionews.com\/politica\/eleicoes-2026\/prazo-para-tirar-ou-transferir-titulo-de-eleitor-termina-no-dia-6-fique-atento-561962<\/div>\n<\/div>\n<\/div>\n<\/div>\n","protected":false},"excerpt":{"rendered":"<p>Para votar nas elei\u00e7\u00f5es de 2026, \u00e9 preciso tirar o t\u00edtulo at\u00e9 6 de maio. Jovens a partir de 15 anos j\u00e1 podem solicitar o documento, mas s\u00f3 podem votar se completarem 16 anos at\u00e9 o dia da elei\u00e7\u00e3o, em 4 de outubro. &nbsp; T\u00edtulo de Eleitor | Foto: Divulga\u00e7\u00e3o\/TRE &nbsp; O prazo para\u00a0tirar, transferir [&hellip;]<\/p>\n","protected":false},"author":3,"featured_media":20915,"comment_status":"open","ping_status":"open","sticky":false,"template":"","format":"standard","meta":{"om_disable_all_campaigns":false,"_monsterinsights_skip_tracking":false,"_monsterinsights_sitenote_active":false,"_monsterinsights_sitenote_note":"","_monsterinsights_sitenote_category":0,"footnotes":""},"categories":[47],"tags":[],"class_list":["post-20914","post","type-post","status-publish","format-standard","has-post-thumbnail","hentry","category-nacionais"],"jetpack_featured_media_url":"https:\/\/fatoelado.com\/wp-content\/uploads\/2026\/04\/titulo-de-eleitor-13adf0486215dd5b-1.jpg","_links":{"self":[{"href":"https:\/\/fatoelado.com\/index.php?rest_route=\/wp\/v2\/posts\/20914","targetHints":{"allow":["GET"]}}],"collection":[{"href":"https:\/\/fatoelado.com\/index.php?rest_route=\/wp\/v2\/posts"}],"about":[{"href":"https:\/\/fatoelado.com\/index.php?rest_route=\/wp\/v2\/types\/post"}],"author":[{"embeddable":true,"href":"https:\/\/fatoelado.com\/index.php?rest_route=\/wp\/v2\/users\/3"}],"replies":[{"embeddable":true,"href":"https:\/\/fatoelado.com\/index.php?rest_route=%2Fwp%2Fv2%2Fcomments&post=20914"}],"version-history":[{"count":1,"href":"https:\/\/fatoelado.com\/index.php?rest_route=\/wp\/v2\/posts\/20914\/revisions"}],"predecessor-version":[{"id":20916,"href":"https:\/\/fatoelado.com\/index.php?rest_route=\/wp\/v2\/posts\/20914\/revisions\/20916"}],"wp:featuredmedia":[{"embeddable":true,"href":"https:\/\/fatoelado.com\/index.php?rest_route=\/wp\/v2\/media\/20915"}],"wp:attachment":[{"href":"https:\/\/fatoelado.com\/index.php?rest_route=%2Fwp%2Fv2%2Fmedia&parent=20914"}],"wp:term":[{"taxonomy":"category","embeddable":true,"href":"https:\/\/fatoelado.com\/index.php?rest_route=%2Fwp%2Fv2%2Fcategories&post=20914"},{"taxonomy":"post_tag","embeddable":true,"href":"https:\/\/fatoelado.com\/index.php?rest_route=%2Fwp%2Fv2%2Ftags&post=20914"}],"curies":[{"name":"wp","href":"https:\/\/api.w.org\/{rel}","templated":true}]}}