{"id":20911,"date":"2026-04-27T09:28:33","date_gmt":"2026-04-27T12:28:33","guid":{"rendered":"https:\/\/fatoelado.com\/?p=20911"},"modified":"2026-04-27T09:28:33","modified_gmt":"2026-04-27T12:28:33","slug":"lula-e-flavio-acirram-disputa-no-tse-com-pedidos-de-retirada-de-conteudo","status":"publish","type":"post","link":"https:\/\/fatoelado.com\/?p=20911","title":{"rendered":"Lula e Fl\u00e1vio acirram disputa no TSE com pedidos de retirada de conte\u00fado"},"content":{"rendered":"<h2 class=\"article-subtitle\" style=\"text-align: center;\">Dados do Tribunal mostram que pr\u00e9-campanha de Lula ingressou com ao menos nove a\u00e7\u00f5es contra Fl\u00e1vio Bolsonaro; equipe jur\u00eddica do senador move ao menos oito contra o presidente<\/h2>\n<p>&nbsp;<\/p>\n<div class=\"article-image-featured\" style=\"text-align: center;\"><img decoding=\"async\" class=\"i-amphtml-fill-content i-amphtml-replaced-content aligncenter\" src=\"https:\/\/www.meionews.com\/uploads\/imagens\/2026\/4\/27\/lula-e-flavio-bolsonaro--c45fc32cdeb1b91f.jpg\" alt=\"Lula e Fl\u00e1vio Bolsonaro | Bruno Peres\/Ag\u00eancia Brasil \/ Jefferson Rudy\/Ag\u00eancia Senado\" data-amp-loading=\"lazy\" \/><small>Lula e Fl\u00e1vio Bolsonaro | Foto: Bruno Peres\/Ag\u00eancia Brasil \/ Jefferson Rudy\/Ag\u00eancia Senado<\/small><\/div>\n<div class=\"g-news\"><\/div>\n<div class=\"article-html\">\n<div class=\"article-html-more\">\n<p>O\u00a0<strong>presidente Luiz In\u00e1cio Lula da Silva (PT)<\/strong>\u00a0e o senador Fl\u00e1vio Bolsonaro (PL), ambos\u00a0<strong data-end=\"181\" data-start=\"149\">pr\u00e9-candidatos \u00e0 Presid\u00eancia<\/strong>, intensificaram nas \u00faltimas semanas o\u00a0<strong data-end=\"239\" data-start=\"220\">embate jur\u00eddico<\/strong> no Tribunal Superior Eleitoral.<\/p>\n<p>Dados do tribunal mostram que a pr\u00e9-campanha de Lula j\u00e1 entrou com ao menos nove a\u00e7\u00f5es contra Fl\u00e1vio Bolsonaro.<\/p>\n<p>Por outro lado, a equipe do senador apresentou pelo menos oito a\u00e7\u00f5es contra o presidente. O n\u00famero de processos vem crescendo rapidamente nas \u00faltimas semanas.<\/p>\n<h2 data-end=\"617\" data-section-id=\"hkgnpq\" data-start=\"593\">Total de processos<\/h2>\n<p>Considerando tamb\u00e9m a\u00e7\u00f5es contra outros pol\u00edticos e partidos, as pr\u00e9-campanhas de Lula e Fl\u00e1vio j\u00e1 somam cerca de 50 processos no TSE.<\/p>\n<\/div>\n<div class=\"article-html-more\">\n<p>A defesa de Lula \u00e9 liderada por Angelo Ferraro, advogado com longa atua\u00e7\u00e3o em campanhas petistas. J\u00e1 a equipe de Fl\u00e1vio Bolsonaro \u00e9 comandada por Maria Claudia Bucchianeri, ex-ministra do tribunal eleitoral.<\/p>\n<h2 data-end=\"1072\" data-section-id=\"et4mig\" data-start=\"1038\">Principais motivos das a\u00e7\u00f5es<\/h2>\n<p>A maioria das representa\u00e7\u00f5es envolve acusa\u00e7\u00f5es de:<\/p>\n<ul data-end=\"1303\" data-start=\"1125\">\n<li data-end=\"1164\" data-section-id=\"1a5kldk\" data-start=\"1125\"><strong data-end=\"1162\" data-start=\"1127\">Propaganda eleitoral antecipada<\/strong><\/li>\n<li data-end=\"1203\" data-section-id=\"wpzfi\" data-start=\"1165\"><strong data-end=\"1201\" data-start=\"1167\">Propaganda antecipada negativa<\/strong><\/li>\n<li data-end=\"1261\" data-section-id=\"1u0y8cz\" data-start=\"1204\">Pedidos de\u00a0<strong data-end=\"1241\" data-start=\"1217\">remo\u00e7\u00e3o de conte\u00fados<\/strong>\u00a0nas redes sociais<\/li>\n<li data-end=\"1303\" data-section-id=\"17rw2ov\" data-start=\"1262\">Solicita\u00e7\u00f5es de\u00a0<strong data-end=\"1303\" data-start=\"1280\">direito de resposta<\/strong><\/li>\n<\/ul>\n<h2 data-end=\"1330\" data-section-id=\"1rqrz4l\" data-start=\"1305\">Contexto eleitoral<\/h2>\n<p>Os dois pr\u00e9-candidatos est\u00e3o entre os nomes que lideram pesquisas de inten\u00e7\u00e3o de voto para a disputa pelo Pal\u00e1cio do Planalto em 2026, o que contribui para o aumento da judicializa\u00e7\u00e3o da pr\u00e9-campanha.<\/p>\n<p><em>(Com informa\u00e7\u00f5es da CNN Brasil)<\/em><\/p>\n<p class=\"ads\">\n<div class=\"article-more\">\n<div class=\"more-news\">Fonte: Portal MeioNews.<br \/>\nConfira esta e outras mat\u00e9rias na \u00edntegra pelo link: https:\/\/www.meionews.com\/politica\/lula-e-flavio-acirram-disputa-no-tse-com-pedidos-de-retirada-de-conteudo-561963<\/div>\n<\/div>\n<\/div>\n<\/div>\n","protected":false},"excerpt":{"rendered":"<p>Dados do Tribunal mostram que pr\u00e9-campanha de Lula ingressou com ao menos nove a\u00e7\u00f5es contra Fl\u00e1vio Bolsonaro; equipe jur\u00eddica do senador move ao menos oito contra o presidente &nbsp; Lula e Fl\u00e1vio Bolsonaro | Foto: Bruno Peres\/Ag\u00eancia Brasil \/ Jefferson Rudy\/Ag\u00eancia Senado O\u00a0presidente Luiz In\u00e1cio Lula da Silva (PT)\u00a0e o senador Fl\u00e1vio Bolsonaro (PL), ambos\u00a0pr\u00e9-candidatos [&hellip;]<\/p>\n","protected":false},"author":3,"featured_media":20912,"comment_status":"open","ping_status":"open","sticky":false,"template":"","format":"standard","meta":{"om_disable_all_campaigns":false,"_monsterinsights_skip_tracking":false,"_monsterinsights_sitenote_active":false,"_monsterinsights_sitenote_note":"","_monsterinsights_sitenote_category":0,"footnotes":""},"categories":[47,30],"tags":[],"class_list":["post-20911","post","type-post","status-publish","format-standard","has-post-thumbnail","hentry","category-nacionais","category-politica"],"jetpack_featured_media_url":"https:\/\/fatoelado.com\/wp-content\/uploads\/2026\/04\/lula-e-flavio-bolsonaro-c45fc32cdeb1b91f.jpg","_links":{"self":[{"href":"https:\/\/fatoelado.com\/index.php?rest_route=\/wp\/v2\/posts\/20911","targetHints":{"allow":["GET"]}}],"collection":[{"href":"https:\/\/fatoelado.com\/index.php?rest_route=\/wp\/v2\/posts"}],"about":[{"href":"https:\/\/fatoelado.com\/index.php?rest_route=\/wp\/v2\/types\/post"}],"author":[{"embeddable":true,"href":"https:\/\/fatoelado.com\/index.php?rest_route=\/wp\/v2\/users\/3"}],"replies":[{"embeddable":true,"href":"https:\/\/fatoelado.com\/index.php?rest_route=%2Fwp%2Fv2%2Fcomments&post=20911"}],"version-history":[{"count":1,"href":"https:\/\/fatoelado.com\/index.php?rest_route=\/wp\/v2\/posts\/20911\/revisions"}],"predecessor-version":[{"id":20913,"href":"https:\/\/fatoelado.com\/index.php?rest_route=\/wp\/v2\/posts\/20911\/revisions\/20913"}],"wp:featuredmedia":[{"embeddable":true,"href":"https:\/\/fatoelado.com\/index.php?rest_route=\/wp\/v2\/media\/20912"}],"wp:attachment":[{"href":"https:\/\/fatoelado.com\/index.php?rest_route=%2Fwp%2Fv2%2Fmedia&parent=20911"}],"wp:term":[{"taxonomy":"category","embeddable":true,"href":"https:\/\/fatoelado.com\/index.php?rest_route=%2Fwp%2Fv2%2Fcategories&post=20911"},{"taxonomy":"post_tag","embeddable":true,"href":"https:\/\/fatoelado.com\/index.php?rest_route=%2Fwp%2Fv2%2Ftags&post=20911"}],"curies":[{"name":"wp","href":"https:\/\/api.w.org\/{rel}","templated":true}]}}