{"id":20905,"date":"2026-04-27T09:20:03","date_gmt":"2026-04-27T12:20:03","guid":{"rendered":"https:\/\/fatoelado.com\/?p=20905"},"modified":"2026-04-27T09:20:03","modified_gmt":"2026-04-27T12:20:03","slug":"entenda-o-direito-trabalhista-de-faltar-ate-tres-dias-no-ano-para-fazer-exames","status":"publish","type":"post","link":"https:\/\/fatoelado.com\/?p=20905","title":{"rendered":"Entenda o direito trabalhista de faltar at\u00e9 tr\u00eas dias no ano para fazer exames"},"content":{"rendered":"<p><img decoding=\"async\" class=\"aligncenter\" src=\"https:\/\/cidadeverde.com\/assets\/uploads\/colecoes\/2\/2026\/01\/WhatsApp_Image_2026-01-16_at_12_38_48.jpeg\" alt=\"m\u00e9dico prontu\u00e1rio.jpeg\" \/><\/p>\n<p>O brasileiro que tem carteira assinada pode se ausentar do trabalho<strong>\u00a0por at\u00e9 tr\u00eas dias por ano para fazer exames preventivos de c\u00e2ncer sem ter desconto no sal\u00e1rio<\/strong>. O direito, que j\u00e1 est\u00e1 previsto na CLT (Consolida\u00e7\u00e3o das Leis do Trabalho), agora foi refor\u00e7ado pela lei 15.377.<\/p>\n<p>A nova lei, sancionada pelo presidente Luiz In\u00e1cio Lula da Silva (PT) no \u00faltimo dia 6, n\u00e3o cria exatamente um novo direito, mas obriga as empresas a informarem os funcion\u00e1rios sobre essa possibilidade, al\u00e9m de divulgarem campanhas de preven\u00e7\u00e3o relacionadas ao HPV (papilomav\u00edrus humano) e a alguns tipos de c\u00e2ncer.<\/p>\n<p>Abaixo, entenda alguns pontos sobre a regra atual, com base em esclarecimentos do MTE (Minist\u00e9rio do Trabalho e Emprego).<\/p>\n<h2><strong>O que diz a lei?<\/strong><\/h2>\n<p>A lei 15.377 determina que empresas devem divulgar informa\u00e7\u00f5es sobre campanhas de vacina\u00e7\u00e3o e preven\u00e7\u00e3o relacionadas ao HPV (papilomav\u00edrus humano) e aos c\u00e2nceres de mama, colo do \u00fatero e pr\u00f3stata.<\/p>\n<p>O texto estabelece que os empregadores devem orientar os trabalhadores sobre o direito de se ausentar para realizar exames preventivos dessas doen\u00e7as.<\/p>\n<p>Essa previs\u00e3o foi acrescentada ao artigo 473 da CLT, que j\u00e1 permite a aus\u00eancia. Na pr\u00e1tica, a lei tenta garantir que o trabalhador saiba que pode exercer esse direito.<\/p>\n<h2><strong>Quantos dias o trabalhador pode faltar?<\/strong><\/h2>\n<p>A legisla\u00e7\u00e3o permite que\u00a0<strong>o empregado se afaste por at\u00e9 tr\u00eas dias a cada 12 meses de trabalho para realizar exames preventivos de c\u00e2ncer, desde que apresente comprovante da realiza\u00e7\u00e3o.<\/strong><\/p>\n<p>Nesse caso, a aus\u00eancia pode abranger a jornada inteira de trabalho, e n\u00e3o apenas o per\u00edodo em que o exame foi realizado. O entendimento \u00e9 que o trabalhador pode precisar de tempo para deslocamento, preparo ou recupera\u00e7\u00e3o ap\u00f3s o procedimento.<\/p>\n<p>Esse direito foi inclu\u00eddo na CLT em 2018 e continua em vigor.<\/p>\n<h2><strong>O trabalhador pode se ausentar o dia inteiro, mesmo que o exame dure poucas horas?<\/strong><\/h2>\n<p>Sim. No caso espec\u00edfico dos exames preventivos de c\u00e2ncer, a falta pode abranger o dia completo de trabalho, desde que respeitado o limite de at\u00e9 tr\u00eas dias por ano e apresentada comprova\u00e7\u00e3o.<\/p>\n<p>Em outras situa\u00e7\u00f5es previstas na legisla\u00e7\u00e3o, por\u00e9m, o afastamento pode ser limitado ao tempo necess\u00e1rio. \u00c9 o caso, por exemplo, de consultas m\u00e9dicas durante a gravidez ou de acompanhamento da gestante, quando o documento m\u00e9dico pode indicar o per\u00edodo exato da consulta. Nesses casos, o trabalhador pode ter que retornar ao trabalho ap\u00f3s o atendimento ou compensar o tempo restante da jornada.<\/p>\n<h2><strong>Quais exames est\u00e3o inclu\u00eddos?<\/strong><\/h2>\n<p>A nova legisla\u00e7\u00e3o menciona especialmente<strong>\u00a0exames preventivos relacionados a HPV e c\u00e2nceres de mama, colo do \u00fatero e pr\u00f3stata.<\/strong><\/p>\n<p>No entanto, a CLT fala de forma mais ampla os e<strong>xames preventivos de c\u00e2ncer, o que pode incluir outros tipos, desde que a realiza\u00e7\u00e3o seja devidamente comprovada.<\/strong><\/p>\n<h2><strong>\u00c9 preciso comprovar a aus\u00eancia?<\/strong><\/h2>\n<p>Sim. Para que a falta seja justificada, o trabalhador deve apresentar algum tipo de comprovante da realiza\u00e7\u00e3o do exame. Sem isso, a aus\u00eancia pode ser considerada injustificada e resultar em desconto no sal\u00e1rio.<\/p>\n<h2><strong>O direito vale para todos os trabalhadores?<\/strong><\/h2>\n<p>A legisla\u00e7\u00e3o prev\u00ea regras diferentes conforme o tipo de v\u00ednculo profissional.<\/p>\n<p>Empregados com carteira assinada t\u00eam direito garantido pela CLT. Trabalhadores tempor\u00e1rios tamb\u00e9m possuem o mesmo direito, j\u00e1 que a legisla\u00e7\u00e3o espec\u00edfica dessa modalidade assegura as prote\u00e7\u00f5es trabalhistas previstas para empregados formais.<\/p>\n<p>J\u00e1 no caso de estagi\u00e1rios, n\u00e3o h\u00e1 previs\u00e3o legal espec\u00edfica que garanta aus\u00eancia para exames preventivos. A libera\u00e7\u00e3o depende de acordo com a empresa ou \u00f3rg\u00e3o onde o est\u00e1gio \u00e9 realizado.<\/p>\n<p>Para trabalhadores aut\u00f4nomos ou contratados como pessoa jur\u00eddica (PJ), o direito depende do que estiver estabelecido no contrato de presta\u00e7\u00e3o de servi\u00e7os. Sem previs\u00e3o contratual, as horas n\u00e3o trabalhadas podem ser descontadas ou precisar ser compensadas.<\/p>\n<h2><strong>\u00c9 poss\u00edvel faltar para acompanhar familiares em exames?<\/strong><\/h2>\n<p>A legisla\u00e7\u00e3o permite a aus\u00eancia em algumas situa\u00e7\u00f5es espec\u00edficas, mas com regras diferentes das previstas para exames do pr\u00f3prio trabalhador.<\/p>\n<p>O empregado pode se ausentar pelas horas necess\u00e1rias para acompanhar a esposa ou companheira em at\u00e9 seis consultas m\u00e9dicas ou exames durante a gravidez.<\/p>\n<p>Tamb\u00e9m \u00e9 permitido faltar por um dia por ano para acompanhar filho de at\u00e9 seis anos em consulta m\u00e9dica.<\/p>\n<p>J\u00e1 o direito de at\u00e9 tr\u00eas dias por ano \u00e9 exclusivo para exames preventivos de c\u00e2ncer realizados pelo pr\u00f3prio trabalhador.<\/p>\n<p>Em alguns casos, conven\u00e7\u00f5es coletivas firmadas por sindicatos podem ampliar esse direito, permitindo faltas para acompanhamento de outros familiares em consultas ou tratamentos.<\/p>\n<h2><strong>Exames ocupacionais tamb\u00e9m d\u00e3o direito \u00e0 aus\u00eancia?<\/strong><\/h2>\n<p>Sim. Quando os exames fazem parte do Programa de Controle M\u00e9dico de Sa\u00fade Ocupacional da empresa, eles devem ser realizados durante o expediente de trabalho, sem necessidade de compensa\u00e7\u00e3o.<\/p>\n<p>Caso esses exames sejam realizados em dias de folga, o trabalhador pode ter direito a compensa\u00e7\u00e3o ou pagamento de horas extras.<\/p>\n<p>&nbsp;<\/p>\n<p>Fonte: Portal CidadeVerde.<br \/>\nConfira esta e outras mat\u00e9rias na \u00edntegra pelo link: https:\/\/cidadeverde.com\/noticias\/454976\/entenda-o-direito-trabalhista-de-faltar-ate-tres-dias-no-ano-para-fazer-exames<\/p>\n","protected":false},"excerpt":{"rendered":"<p>O brasileiro que tem carteira assinada pode se ausentar do trabalho\u00a0por at\u00e9 tr\u00eas dias por ano para fazer exames preventivos de c\u00e2ncer sem ter desconto no sal\u00e1rio. O direito, que j\u00e1 est\u00e1 previsto na CLT (Consolida\u00e7\u00e3o das Leis do Trabalho), agora foi refor\u00e7ado pela lei 15.377. A nova lei, sancionada pelo presidente Luiz In\u00e1cio Lula [&hellip;]<\/p>\n","protected":false},"author":3,"featured_media":20906,"comment_status":"open","ping_status":"open","sticky":false,"template":"","format":"standard","meta":{"om_disable_all_campaigns":false,"_monsterinsights_skip_tracking":false,"_monsterinsights_sitenote_active":false,"_monsterinsights_sitenote_note":"","_monsterinsights_sitenote_category":0,"footnotes":""},"categories":[42],"tags":[],"class_list":["post-20905","post","type-post","status-publish","format-standard","has-post-thumbnail","hentry","category-saude"],"jetpack_featured_media_url":"https:\/\/fatoelado.com\/wp-content\/uploads\/2026\/04\/WhatsApp_Image_2026-01-16_at_12_38_48-3.jpeg","_links":{"self":[{"href":"https:\/\/fatoelado.com\/index.php?rest_route=\/wp\/v2\/posts\/20905","targetHints":{"allow":["GET"]}}],"collection":[{"href":"https:\/\/fatoelado.com\/index.php?rest_route=\/wp\/v2\/posts"}],"about":[{"href":"https:\/\/fatoelado.com\/index.php?rest_route=\/wp\/v2\/types\/post"}],"author":[{"embeddable":true,"href":"https:\/\/fatoelado.com\/index.php?rest_route=\/wp\/v2\/users\/3"}],"replies":[{"embeddable":true,"href":"https:\/\/fatoelado.com\/index.php?rest_route=%2Fwp%2Fv2%2Fcomments&post=20905"}],"version-history":[{"count":1,"href":"https:\/\/fatoelado.com\/index.php?rest_route=\/wp\/v2\/posts\/20905\/revisions"}],"predecessor-version":[{"id":20907,"href":"https:\/\/fatoelado.com\/index.php?rest_route=\/wp\/v2\/posts\/20905\/revisions\/20907"}],"wp:featuredmedia":[{"embeddable":true,"href":"https:\/\/fatoelado.com\/index.php?rest_route=\/wp\/v2\/media\/20906"}],"wp:attachment":[{"href":"https:\/\/fatoelado.com\/index.php?rest_route=%2Fwp%2Fv2%2Fmedia&parent=20905"}],"wp:term":[{"taxonomy":"category","embeddable":true,"href":"https:\/\/fatoelado.com\/index.php?rest_route=%2Fwp%2Fv2%2Fcategories&post=20905"},{"taxonomy":"post_tag","embeddable":true,"href":"https:\/\/fatoelado.com\/index.php?rest_route=%2Fwp%2Fv2%2Ftags&post=20905"}],"curies":[{"name":"wp","href":"https:\/\/api.w.org\/{rel}","templated":true}]}}