{"id":20898,"date":"2026-04-27T05:37:59","date_gmt":"2026-04-27T08:37:59","guid":{"rendered":"https:\/\/fatoelado.com\/?p=20898"},"modified":"2026-04-26T21:39:00","modified_gmt":"2026-04-27T00:39:00","slug":"trabalhador-morre-soterrado-por-rochas-em-pedreira-no-interior-de-sao-paulo","status":"publish","type":"post","link":"https:\/\/fatoelado.com\/?p=20898","title":{"rendered":"Trabalhador morre soterrado por rochas em pedreira no interior de S\u00e3o Paulo"},"content":{"rendered":"<h2 class=\"article-subtitle\" style=\"text-align: center;\">Luiz Leandro de Oliveira, de 38 anos, operava uma retroescavadeira quando foi atingido por rochas em uma pedreira de f\u00e1brica de cimento no interior de S\u00e3o Paulo<\/h2>\n<p>&nbsp;<\/p>\n<div class=\"article-image-featured\" style=\"text-align: center;\"><img decoding=\"async\" class=\"i-amphtml-fill-content i-amphtml-replaced-content aligncenter\" src=\"https:\/\/www.meionews.com\/uploads\/imagens\/2026\/4\/26\/luiz-leandro-de-oliveira-de-38-anos-morreu-apos-ser-soterrado-por-rochas-enquanto-operava-uma-retroescavadeira-em-uma-pedreira-no-interior-de-sao-paulo--21aae83667611db7.jpg\" alt=\"Luiz Leandro de Oliveira, de 38 anos, morreu ap\u00f3s ser soterrado por rochas enquanto operava uma retroescavadeira em uma pedreira no interior de S\u00e3o Paulo | Reprodu\u00e7\u00e3o\" data-amp-loading=\"lazy\" \/><small>Luiz Leandro de Oliveira, de 38 anos, morreu ap\u00f3s ser soterrado por rochas enquanto operava uma retroescavadeira em uma pedreira no interior de S\u00e3o Paulo | Foto: Reprodu\u00e7\u00e3o<\/small><\/div>\n<div class=\"g-news\"><\/div>\n<div class=\"article-html\">\n<div class=\"article-html-more\">\n<p><strong>Um trabalhador identificado como Luiz Leandro de Oliveira, de 38 anos, morreu ap\u00f3s ser soterrado por rochas em uma pedreira de uma f\u00e1brica de cimento, na sexta-feira (24),\u00a0<\/strong>na Estrada do Jucurupava, em Salto de Pirapora, no interior de S\u00e3o Paulo.<\/p>\n<p><span class=\"highlight\">Segundo informa\u00e7\u00f5es do Corpo de Bombeiros, no momento do acidente, a v\u00edtima operava uma retroescavadeira quando foi atingida pelo deslizamento de rochas.<\/span><\/p>\n<p>A brigada da pr\u00f3pria empresa tentou realizar o resgate, mas n\u00e3o conseguiu alcan\u00e7ar o trabalhador e acionou apoio das equipes de emerg\u00eancia.<\/p>\n<p><u>Quando o socorro chegou ao local, foi constatado que Luiz Leandro havia sofrido esmagamento de cr\u00e2nio<\/u>\u00a0e j\u00e1 estava sem vida.<\/p>\n<h2 data-end=\"777\" data-section-id=\"1gxxhl8\" data-start=\"749\"><strong>Local passou por per\u00edcia<\/strong><\/h2>\n<p>Ap\u00f3s o acidente, a \u00e1rea foi isolada para o trabalho da per\u00edcia t\u00e9cnica e para o in\u00edcio das investiga\u00e7\u00f5es sobre as circunst\u00e2ncias da morte.<\/p>\n<blockquote><p>\u201cA \u00e1rea permaneceu preservada pela equipe da Votorantim, com acionamento da autoridade policial para preserva\u00e7\u00e3o do local e realiza\u00e7\u00e3o de per\u00edcia\u201d, informou o Corpo de Bombeiros.<\/p><\/blockquote>\n<p>Procurada, a Secretaria de Seguran\u00e7a P\u00fablica de S\u00e3o Paulo (SSP-SP) n\u00e3o informou, at\u00e9 a \u00faltima atualiza\u00e7\u00e3o, como a ocorr\u00eancia foi registrada.<\/p>\n<\/div>\n<\/div>\n<p>&nbsp;<\/p>\n<p>&nbsp;<\/p>\n<div class=\"article-html\">\n<div class=\"article-html-more\">\n<div class=\"article-more\">\n<div class=\"more-news\">Fonte: Portal MeioNews.<br \/>\nConfira esta e outras mat\u00e9rias na \u00edntegra pelo link: https:\/\/www.meionews.com\/policia\/trabalhador-morre-soterrado-por-rochas-em-pedreira-no-interior-de-sao-paulo-561954<\/div>\n<\/div>\n<\/div>\n<\/div>\n","protected":false},"excerpt":{"rendered":"<p>Luiz Leandro de Oliveira, de 38 anos, operava uma retroescavadeira quando foi atingido por rochas em uma pedreira de f\u00e1brica de cimento no interior de S\u00e3o Paulo &nbsp; Luiz Leandro de Oliveira, de 38 anos, morreu ap\u00f3s ser soterrado por rochas enquanto operava uma retroescavadeira em uma pedreira no interior de S\u00e3o Paulo | Foto: [&hellip;]<\/p>\n","protected":false},"author":3,"featured_media":20899,"comment_status":"open","ping_status":"open","sticky":false,"template":"","format":"standard","meta":{"om_disable_all_campaigns":false,"_monsterinsights_skip_tracking":false,"_monsterinsights_sitenote_active":false,"_monsterinsights_sitenote_note":"","_monsterinsights_sitenote_category":0,"footnotes":""},"categories":[47],"tags":[],"class_list":["post-20898","post","type-post","status-publish","format-standard","has-post-thumbnail","hentry","category-nacionais"],"jetpack_featured_media_url":"https:\/\/fatoelado.com\/wp-content\/uploads\/2026\/04\/luiz-leandro-de-oliveira-de-38-anos-morreu-apos-ser-soterrado-por-rochas-enquanto-operava-uma-retroescavadeira-em-uma-pedreira-no-interior-de-sao-paulo-21aae83667611db7.jpg","_links":{"self":[{"href":"https:\/\/fatoelado.com\/index.php?rest_route=\/wp\/v2\/posts\/20898","targetHints":{"allow":["GET"]}}],"collection":[{"href":"https:\/\/fatoelado.com\/index.php?rest_route=\/wp\/v2\/posts"}],"about":[{"href":"https:\/\/fatoelado.com\/index.php?rest_route=\/wp\/v2\/types\/post"}],"author":[{"embeddable":true,"href":"https:\/\/fatoelado.com\/index.php?rest_route=\/wp\/v2\/users\/3"}],"replies":[{"embeddable":true,"href":"https:\/\/fatoelado.com\/index.php?rest_route=%2Fwp%2Fv2%2Fcomments&post=20898"}],"version-history":[{"count":1,"href":"https:\/\/fatoelado.com\/index.php?rest_route=\/wp\/v2\/posts\/20898\/revisions"}],"predecessor-version":[{"id":20900,"href":"https:\/\/fatoelado.com\/index.php?rest_route=\/wp\/v2\/posts\/20898\/revisions\/20900"}],"wp:featuredmedia":[{"embeddable":true,"href":"https:\/\/fatoelado.com\/index.php?rest_route=\/wp\/v2\/media\/20899"}],"wp:attachment":[{"href":"https:\/\/fatoelado.com\/index.php?rest_route=%2Fwp%2Fv2%2Fmedia&parent=20898"}],"wp:term":[{"taxonomy":"category","embeddable":true,"href":"https:\/\/fatoelado.com\/index.php?rest_route=%2Fwp%2Fv2%2Fcategories&post=20898"},{"taxonomy":"post_tag","embeddable":true,"href":"https:\/\/fatoelado.com\/index.php?rest_route=%2Fwp%2Fv2%2Ftags&post=20898"}],"curies":[{"name":"wp","href":"https:\/\/api.w.org\/{rel}","templated":true}]}}