{"id":20894,"date":"2026-04-27T05:36:37","date_gmt":"2026-04-27T08:36:37","guid":{"rendered":"https:\/\/fatoelado.com\/?p=20894"},"modified":"2026-04-26T21:37:43","modified_gmt":"2026-04-27T00:37:43","slug":"moraes-autoriza-prisao-domiciliar-para-ao-menos-18-idosos-condenados-pelo-8-de-janeiro","status":"publish","type":"post","link":"https:\/\/fatoelado.com\/?p=20894","title":{"rendered":"Moraes autoriza pris\u00e3o domiciliar para ao menos 18 idosos condenados pelo 8 de Janeiro"},"content":{"rendered":"<h2 class=\"article-subtitle\" style=\"text-align: center;\">Decis\u00e3o do ministro do STF beneficia condenados entre 62 e 70 anos, que cumpriam penas de at\u00e9 17 anos<\/h2>\n<p>&nbsp;<\/p>\n<div class=\"article-image-featured\" style=\"text-align: center;\"><img decoding=\"async\" class=\"i-amphtml-fill-content i-amphtml-replaced-content aligncenter\" src=\"https:\/\/www.meionews.com\/uploads\/imagens\/2026\/4\/26\/policia-militar-do-df--a30a2b25c9975ced.jpg\" alt=\"Pol\u00edcia Militar do DF  | Reprodu\u00e7\u00e3o\/ Joedson Alves\/Ag\u00eancia Brasil\" data-amp-loading=\"lazy\" \/><small>Pol\u00edcia Militar do DF | Foto: Reprodu\u00e7\u00e3o\/ Joedson Alves\/Ag\u00eancia Brasil<\/small><\/div>\n<div class=\"g-news\"><\/div>\n<div class=\"article-html\">\n<div class=\"article-html-more\">\n<p><strong>O ministro Alexandre de Moraes, do Supremo Tribunal Federal (STF), autorizou a pris\u00e3o domiciliar de ao menos 18 idosos condenados pelos<\/strong> atos antidemocr\u00e1ticos de 8 de janeiro de 2023, em Bras\u00edlia.<\/p>\n<p><span class=\"highlight\">A decis\u00e3o, publicada na sexta-feira (24), beneficia r\u00e9us com idades entre 62 e 70 anos que cumpriam penas de 13 a 17 anos de pris\u00e3o.\u00a0<\/span>Entre eles est\u00e1 Maria de F\u00e1tima Mendon\u00e7a Jacinto Souza, conhecida como \u201cF\u00e1tima de Tubar\u00e3o\u201d, de 70 anos, condenada a 17 anos de reclus\u00e3o.<\/p>\n<p><strong>Os beneficiados dever\u00e3o cumprir medidas cautelares para manter o benef\u00edcio, como o uso de tornozeleira eletr\u00f4nica e a suspens\u00e3o dos passaportes.<\/strong><\/p>\n<p>Al\u00e9m disso, Moraes determinou uma s\u00e9rie de restri\u00e7\u00f5es, entre elas a proibi\u00e7\u00e3o de sair do pa\u00eds, utilizar redes sociais, manter contato com outros envolvidos nos atos de 8 de janeiro e receber visitas que n\u00e3o sejam de familiares ou da defesa.<\/p>\n<h2 data-end=\"1583\" data-section-id=\"8jtof7\" data-start=\"1534\"><strong>Decis\u00e3o antecede an\u00e1lise de veto no Congresso<\/strong><\/h2>\n<p>A decis\u00e3o de Moraes ocorre poucos dias antes da sess\u00e3o do Congresso Nacional que analisar\u00e1 o veto do presidente Luiz In\u00e1cio Lula da Silva ao Projeto de Lei da Dosimetria.<\/p>\n<p><u>A proposta previa a redu\u00e7\u00e3o de penas para condenados pelos atos de 8 de janeiro e tamb\u00e9m para envolvidos em tentativa de golpe de Estado.\u00a0<\/u>O texto foi vetado pelo governo federal.<\/p>\n<p>&nbsp;<\/p>\n<div class=\"dimg\"><img decoding=\"async\" class=\"i-amphtml-intrinsic-sizer\" role=\"presentation\" src=\"data:;base64,<svg height=\"665px\" width=\"1200px\" xmlns=\"http:\/\/www.w3.org\/2000\/svg\" version=\"1.1\"\/>&#8221; alt=&#8221;&#8221; aria-hidden=&#8221;true&#8221; \/><img decoding=\"async\" class=\"i-amphtml-fill-content i-amphtml-replaced-content\" src=\"https:\/\/www.meionews.com\/uploads\/imagens\/2026\/4\/26\/moraes-autoriza-prisao-domiciliar-para-ao-menos-18-idosos-condenados-pelo-8-de-janeiro--e8a5620f6ecd50be.jpg\" alt=\"Confira a programa\u00e7\u00e3o do governo federal e STF para o 8 de janeiro (Foto: Reprodu\u00e7\u00e3o\/ Folha de S\u00e3o Paulo)\" data-amp-loading=\"lazy\" \/><\/div>\n<p><span class=\"fr-inner\">Confira a programa\u00e7\u00e3o do governo federal e STF para o 8 de janeiro (Foto: Reprodu\u00e7\u00e3o\/ Folha de S\u00e3o Paulo)<\/span>&nbsp;<\/p>\n<h2 data-end=\"1985\" data-section-id=\"srg9bt\" data-start=\"1949\"><strong>Relembre\u00a0<\/strong><\/h2>\n<p><span class=\"highlight\">Em 8 de janeiro de 2023, apoiadores do ex-presidente Jair Bolsonaro invadiram e depredaram as sedes dos Tr\u00eas Poderes, em Bras\u00edlia, em protesto contra a posse de Lula, eleito nas elei\u00e7\u00f5es presidenciais de 2022.<\/span><\/p>\n<p>Desde ent\u00e3o, o STF j\u00e1 contabiliza mais de 800 condena\u00e7\u00f5es relacionadas ao caso, al\u00e9m de 14 absolvi\u00e7\u00f5es e dezenas de foragidos.<\/p>\n<p>Segundo dados do gabinete de Moraes, embora mais de 835 pessoas tenham sido condenadas, apenas 158 estavam presas at\u00e9 janeiro deste ano, o equivalente a cerca de 19% dos r\u00e9us. Parte significativa dos condenados teve a pena convertida em presta\u00e7\u00e3o de servi\u00e7os \u00e0 comunidade, enquanto outros aguardam o encerramento dos processos em liberdade.<\/p>\n<p class=\"ads\">\n<div class=\"article-more\">\n<div class=\"more-news\">Fonte: Portal MeioNews.<br \/>\nConfira esta e outras mat\u00e9rias na \u00edntegra pelo link: https:\/\/www.meionews.com\/politica\/moraes-autoriza-prisao-domiciliar-para-ao-menos-18-idosos-condenados-pelo-8-de-janeiro-561950<\/div>\n<\/div>\n<\/div>\n<\/div>\n","protected":false},"excerpt":{"rendered":"<p>Decis\u00e3o do ministro do STF beneficia condenados entre 62 e 70 anos, que cumpriam penas de at\u00e9 17 anos &nbsp; Pol\u00edcia Militar do DF | Foto: Reprodu\u00e7\u00e3o\/ Joedson Alves\/Ag\u00eancia Brasil O ministro Alexandre de Moraes, do Supremo Tribunal Federal (STF), autorizou a pris\u00e3o domiciliar de ao menos 18 idosos condenados pelos atos antidemocr\u00e1ticos de 8 [&hellip;]<\/p>\n","protected":false},"author":3,"featured_media":20895,"comment_status":"open","ping_status":"open","sticky":false,"template":"","format":"standard","meta":{"om_disable_all_campaigns":false,"_monsterinsights_skip_tracking":false,"_monsterinsights_sitenote_active":false,"_monsterinsights_sitenote_note":"","_monsterinsights_sitenote_category":0,"footnotes":""},"categories":[47],"tags":[],"class_list":["post-20894","post","type-post","status-publish","format-standard","has-post-thumbnail","hentry","category-nacionais"],"jetpack_featured_media_url":"https:\/\/fatoelado.com\/wp-content\/uploads\/2026\/04\/policia-militar-do-df-a30a2b25c9975ced.jpg","_links":{"self":[{"href":"https:\/\/fatoelado.com\/index.php?rest_route=\/wp\/v2\/posts\/20894","targetHints":{"allow":["GET"]}}],"collection":[{"href":"https:\/\/fatoelado.com\/index.php?rest_route=\/wp\/v2\/posts"}],"about":[{"href":"https:\/\/fatoelado.com\/index.php?rest_route=\/wp\/v2\/types\/post"}],"author":[{"embeddable":true,"href":"https:\/\/fatoelado.com\/index.php?rest_route=\/wp\/v2\/users\/3"}],"replies":[{"embeddable":true,"href":"https:\/\/fatoelado.com\/index.php?rest_route=%2Fwp%2Fv2%2Fcomments&post=20894"}],"version-history":[{"count":2,"href":"https:\/\/fatoelado.com\/index.php?rest_route=\/wp\/v2\/posts\/20894\/revisions"}],"predecessor-version":[{"id":20897,"href":"https:\/\/fatoelado.com\/index.php?rest_route=\/wp\/v2\/posts\/20894\/revisions\/20897"}],"wp:featuredmedia":[{"embeddable":true,"href":"https:\/\/fatoelado.com\/index.php?rest_route=\/wp\/v2\/media\/20895"}],"wp:attachment":[{"href":"https:\/\/fatoelado.com\/index.php?rest_route=%2Fwp%2Fv2%2Fmedia&parent=20894"}],"wp:term":[{"taxonomy":"category","embeddable":true,"href":"https:\/\/fatoelado.com\/index.php?rest_route=%2Fwp%2Fv2%2Fcategories&post=20894"},{"taxonomy":"post_tag","embeddable":true,"href":"https:\/\/fatoelado.com\/index.php?rest_route=%2Fwp%2Fv2%2Ftags&post=20894"}],"curies":[{"name":"wp","href":"https:\/\/api.w.org\/{rel}","templated":true}]}}