{"id":20876,"date":"2026-04-26T19:38:48","date_gmt":"2026-04-26T22:38:48","guid":{"rendered":"https:\/\/fatoelado.com\/?p=20876"},"modified":"2026-04-26T19:38:48","modified_gmt":"2026-04-26T22:38:48","slug":"romeu-zema-afirma-que-vai-privatizar-petrobras-e-banco-do-brasil-plano-implacavel","status":"publish","type":"post","link":"https:\/\/fatoelado.com\/?p=20876","title":{"rendered":"Romeu Zema afirma que vai privatizar Petrobras e Banco do Brasil: \u2018Plano implac\u00e1vel\u2019"},"content":{"rendered":"<h2 class=\"article-subtitle\" style=\"text-align: center;\">Em v\u00eddeo publicado nas redes sociais, Zema criticou a pol\u00edtica econ\u00f4mica do governo do presidente Luiz In\u00e1cio Lula da Silva (PT).<\/h2>\n<p>&nbsp;<\/p>\n<div class=\"article-image-featured\" style=\"text-align: center;\"><img decoding=\"async\" class=\"i-amphtml-fill-content i-amphtml-replaced-content aligncenter\" src=\"https:\/\/www.meionews.com\/uploads\/imagens\/2026\/4\/26\/romeu-zema--0fe4056602ca12d4.jpg\" alt=\"Romeu Zema | Gil Leonardi\/Imprensa MG\" data-amp-loading=\"lazy\" \/><small>Romeu Zema | Foto: Gil Leonardi\/Imprensa MG<\/small><\/div>\n<div class=\"g-news\"><\/div>\n<div class=\"article-html\">\n<div class=\"article-html-more\">\n<p><strong>O ex-governador de Minas Gerais e pr\u00e9-candidato \u00e0 Presid\u00eancia da Rep\u00fablica pelo Novo, Romeu Zema, defendeu a ado\u00e7\u00e3o de um \u201cplano implac\u00e1vel\u201d de privatiza\u00e7\u00f5es caso seja eleito, incluindo a venda de estatais como a Petrobras e o Banco do Brasil.<\/strong><\/p>\n<p>Em v\u00eddeo publicado nas redes sociais, Zema criticou a pol\u00edtica econ\u00f4mica do governo do presidente Luiz In\u00e1cio Lula da Silva (PT), afirmando que o Estado gasta mais do que arrecada e recorre ao endividamento para fechar as contas p\u00fablicas.<\/p>\n<p>Segundo ele, esse desequil\u00edbrio faz com que a d\u00edvida p\u00fablica cres\u00e7a de forma cont\u00ednua. O pr\u00e9-candidato tamb\u00e9m afirmou que o governo paga juros elevados e classificou os gastos como excessivos.<\/p>\n<p>\u201cMeu plano para fazer o Brasil prosperar \u00e9 implac\u00e1vel. E ele come\u00e7a dizendo a voc\u00ea a verdade: o governo Lula gasta mais do que arrecada\u201d, disse, acrescentando que isso obriga o pa\u00eds a contrair d\u00edvidas.<\/p>\n<p>Zema defendeu que a redu\u00e7\u00e3o do tamanho do Estado e o avan\u00e7o das privatiza\u00e7\u00f5es seriam caminhos para reorganizar as contas p\u00fablicas. Entre as propostas, citou a venda da Petrobras e do Banco do Brasil, al\u00e9m de cortes em gastos p\u00fablicos, como sal\u00e1rios elevados e benef\u00edcios no servi\u00e7o p\u00fablico.<\/p>\n<p>Ele tamb\u00e9m afirmou que pretende incluir outras estatais no processo de desestatiza\u00e7\u00e3o, como os Correios, al\u00e9m de reduzir a participa\u00e7\u00e3o do governo em empresas privadas.<\/p>\n<p>O ex-governador destacou ainda que a defesa de privatiza\u00e7\u00f5es faz parte de sua trajet\u00f3ria pol\u00edtica. Em Minas Gerais, ele j\u00e1 havia defendido a venda de estatais como a Cemig e a Copasa dentro de um projeto de diminui\u00e7\u00e3o do Estado.<\/p>\n<p><strong>Durante sua gest\u00e3o, foi conclu\u00edda a privatiza\u00e7\u00e3o da companhia de saneamento no contexto de renegocia\u00e7\u00e3o da d\u00edvida estadual.\u00a0<\/strong>J\u00e1 a Cemig segue em debate pol\u00edtico, com o atual governo avaliando alternativas como a transforma\u00e7\u00e3o da empresa em uma \u201ccorporation\u201d, modelo em que o controle acion\u00e1rio \u00e9 dilu\u00eddo entre investidores.<\/p>\n<p class=\"ads\">\n<div class=\"article-more\">\n<div class=\"more-news\">Fonte: Portal MeioNews.<br \/>\nConfira esta e outras mat\u00e9rias na \u00edntegra pelo link: https:\/\/www.meionews.com\/politica\/romeu-zema-afirma-que-vai-privatizar-petrobras-e-banco-do-brasil-plano-implacavel-561946<\/div>\n<\/div>\n<\/div>\n<\/div>\n","protected":false},"excerpt":{"rendered":"<p>Em v\u00eddeo publicado nas redes sociais, Zema criticou a pol\u00edtica econ\u00f4mica do governo do presidente Luiz In\u00e1cio Lula da Silva (PT). &nbsp; Romeu Zema | Foto: Gil Leonardi\/Imprensa MG O ex-governador de Minas Gerais e pr\u00e9-candidato \u00e0 Presid\u00eancia da Rep\u00fablica pelo Novo, Romeu Zema, defendeu a ado\u00e7\u00e3o de um \u201cplano implac\u00e1vel\u201d de privatiza\u00e7\u00f5es caso seja [&hellip;]<\/p>\n","protected":false},"author":3,"featured_media":20877,"comment_status":"open","ping_status":"open","sticky":false,"template":"","format":"standard","meta":{"om_disable_all_campaigns":false,"_monsterinsights_skip_tracking":false,"_monsterinsights_sitenote_active":false,"_monsterinsights_sitenote_note":"","_monsterinsights_sitenote_category":0,"footnotes":""},"categories":[47,30],"tags":[],"class_list":["post-20876","post","type-post","status-publish","format-standard","has-post-thumbnail","hentry","category-nacionais","category-politica"],"jetpack_featured_media_url":"https:\/\/fatoelado.com\/wp-content\/uploads\/2026\/04\/romeu-zema-0fe4056602ca12d4.jpg","_links":{"self":[{"href":"https:\/\/fatoelado.com\/index.php?rest_route=\/wp\/v2\/posts\/20876","targetHints":{"allow":["GET"]}}],"collection":[{"href":"https:\/\/fatoelado.com\/index.php?rest_route=\/wp\/v2\/posts"}],"about":[{"href":"https:\/\/fatoelado.com\/index.php?rest_route=\/wp\/v2\/types\/post"}],"author":[{"embeddable":true,"href":"https:\/\/fatoelado.com\/index.php?rest_route=\/wp\/v2\/users\/3"}],"replies":[{"embeddable":true,"href":"https:\/\/fatoelado.com\/index.php?rest_route=%2Fwp%2Fv2%2Fcomments&post=20876"}],"version-history":[{"count":1,"href":"https:\/\/fatoelado.com\/index.php?rest_route=\/wp\/v2\/posts\/20876\/revisions"}],"predecessor-version":[{"id":20878,"href":"https:\/\/fatoelado.com\/index.php?rest_route=\/wp\/v2\/posts\/20876\/revisions\/20878"}],"wp:featuredmedia":[{"embeddable":true,"href":"https:\/\/fatoelado.com\/index.php?rest_route=\/wp\/v2\/media\/20877"}],"wp:attachment":[{"href":"https:\/\/fatoelado.com\/index.php?rest_route=%2Fwp%2Fv2%2Fmedia&parent=20876"}],"wp:term":[{"taxonomy":"category","embeddable":true,"href":"https:\/\/fatoelado.com\/index.php?rest_route=%2Fwp%2Fv2%2Fcategories&post=20876"},{"taxonomy":"post_tag","embeddable":true,"href":"https:\/\/fatoelado.com\/index.php?rest_route=%2Fwp%2Fv2%2Ftags&post=20876"}],"curies":[{"name":"wp","href":"https:\/\/api.w.org\/{rel}","templated":true}]}}