{"id":20866,"date":"2026-04-26T19:34:58","date_gmt":"2026-04-26T22:34:58","guid":{"rendered":"https:\/\/fatoelado.com\/?p=20866"},"modified":"2026-04-26T19:34:58","modified_gmt":"2026-04-26T22:34:58","slug":"evitar-acucar-na-infancia-reduz-risco-de-infarto-e-avc-indica-pesquisa","status":"publish","type":"post","link":"https:\/\/fatoelado.com\/?p=20866","title":{"rendered":"Evitar a\u00e7\u00facar na inf\u00e2ncia reduz risco de infarto e AVC, indica pesquisa"},"content":{"rendered":"<h2 class=\"article-subtitle\" style=\"text-align: center;\">Especialistas j\u00e1 apontam que o per\u00edodo que vai da gesta\u00e7\u00e3o at\u00e9 cerca dos dois anos de idade.<\/h2>\n<p>&nbsp;<\/p>\n<div class=\"article-image-featured\" style=\"text-align: center;\"><img decoding=\"async\" class=\"i-amphtml-fill-content i-amphtml-replaced-content aligncenter\" src=\"https:\/\/www.meionews.com\/uploads\/imagens\/2026\/4\/26\/o-impacto-do-acucar-na-infancia--ed33235aa6bcb543.jpg\" alt=\"O impacto do a\u00e7\u00facar na inf\u00e2ncia | Freepik\" data-amp-loading=\"lazy\" \/><small>O impacto do a\u00e7\u00facar na inf\u00e2ncia | Foto: Freepik<\/small><\/div>\n<div class=\"article-html\">\n<div class=\"article-html-more\">\n<section>&nbsp;<\/p>\n<p><strong>A redu\u00e7\u00e3o do consumo de a\u00e7\u00facar nos primeiros mil dias de vida pode ajudar a proteger contra problemas cardiovasculares, como infarto, insufici\u00eancia card\u00edaca e acidente vascular cerebral (AVC), al\u00e9m de retardar o surgimento dessas doen\u00e7as.<\/strong>\u00a0A conclus\u00e3o \u00e9 de um estudo publicado recentemente no\u00a0<em data-end=\"321\" data-start=\"292\">British Journal of Medicine<\/em>.<\/p>\n<p>Especialistas j\u00e1 apontam que o per\u00edodo que vai da gesta\u00e7\u00e3o at\u00e9 cerca dos dois anos de idade, conhecido como os primeiros mil dias, \u00e9 determinante para o risco cardiometab\u00f3lico ao longo da vida.<\/p>\n<p>Para analisar o impacto do a\u00e7\u00facar nessa fase, os pesquisadores utilizaram como base o per\u00edodo de racionamento do alimento no Reino Unido, entre 1942 e 1953, adotado durante e ap\u00f3s a Segunda Guerra Mundial para evitar a escassez.<\/p>\n<p>O estudo avaliou dados de 63.433 participantes do UK Biobank, nascidos entre outubro de 1951 e mar\u00e7o de 1956. Os volunt\u00e1rios foram divididos em dois grupos: aqueles expostos ao racionamento ainda durante a gesta\u00e7\u00e3o ou nos primeiros anos de vida e os que nasceram ap\u00f3s o fim da medida.<\/p>\n<p>Os resultados indicaram que quanto maior o tempo de restri\u00e7\u00e3o ao a\u00e7\u00facar, maior a prote\u00e7\u00e3o contra doen\u00e7as cardiovasculares. Entre os menos expostos ao ingrediente, houve redu\u00e7\u00e3o de 25% no risco de infarto e de 31% na probabilidade de AVC na vida adulta. Al\u00e9m disso, essas doen\u00e7as surgiram, em m\u00e9dia, cerca de dois anos mais tarde nesse grupo.<\/p>\n<p>Apesar dos achados, os autores destacam limita\u00e7\u00f5es. Por se tratar de um estudo observacional, baseado em dados hist\u00f3ricos, n\u00e3o \u00e9 poss\u00edvel estabelecer uma rela\u00e7\u00e3o direta de causa e efeito entre o consumo de a\u00e7\u00facar e o desenvolvimento dessas doen\u00e7as.<\/p>\n<p><strong>No Brasil, a Sociedade Brasileira de Pediatria (SBP) orienta que crian\u00e7as menores de dois anos n\u00e3o consumam a\u00e7\u00facar ou doces.\u00a0<\/strong>A recomenda\u00e7\u00e3o integra diretrizes de alimenta\u00e7\u00e3o saud\u00e1vel e considera evid\u00eancias de que a introdu\u00e7\u00e3o precoce do ingrediente est\u00e1 associada a maior risco de obesidade, c\u00e1ries, altera\u00e7\u00f5es metab\u00f3licas e prefer\u00eancia por alimentos ultraprocessados. Mesmo ap\u00f3s essa fase, o consumo deve ser moderado e ocasional.<\/p>\n<p>&nbsp;<\/p>\n<\/section>\n<div class=\"article-more\">\n<div class=\"more-news\">Fonte: Portal MeioNews.<br \/>\nConfira esta e outras mat\u00e9rias na \u00edntegra pelo link: https:\/\/www.meionews.com\/bem-estar\/evitar-acucar-na-infancia-reduz-risco-de-infarto-e-avc-indica-pesquisa-561936<\/div>\n<\/div>\n<\/div>\n<\/div>\n","protected":false},"excerpt":{"rendered":"<p>Especialistas j\u00e1 apontam que o per\u00edodo que vai da gesta\u00e7\u00e3o at\u00e9 cerca dos dois anos de idade. &nbsp; O impacto do a\u00e7\u00facar na inf\u00e2ncia | Foto: Freepik &nbsp; A redu\u00e7\u00e3o do consumo de a\u00e7\u00facar nos primeiros mil dias de vida pode ajudar a proteger contra problemas cardiovasculares, como infarto, insufici\u00eancia card\u00edaca e acidente vascular cerebral [&hellip;]<\/p>\n","protected":false},"author":3,"featured_media":20867,"comment_status":"open","ping_status":"open","sticky":false,"template":"","format":"standard","meta":{"om_disable_all_campaigns":false,"_monsterinsights_skip_tracking":false,"_monsterinsights_sitenote_active":false,"_monsterinsights_sitenote_note":"","_monsterinsights_sitenote_category":0,"footnotes":""},"categories":[42],"tags":[],"class_list":["post-20866","post","type-post","status-publish","format-standard","has-post-thumbnail","hentry","category-saude"],"jetpack_featured_media_url":"https:\/\/fatoelado.com\/wp-content\/uploads\/2026\/04\/o-impacto-do-acucar-na-infancia-ed33235aa6bcb543.jpg","_links":{"self":[{"href":"https:\/\/fatoelado.com\/index.php?rest_route=\/wp\/v2\/posts\/20866","targetHints":{"allow":["GET"]}}],"collection":[{"href":"https:\/\/fatoelado.com\/index.php?rest_route=\/wp\/v2\/posts"}],"about":[{"href":"https:\/\/fatoelado.com\/index.php?rest_route=\/wp\/v2\/types\/post"}],"author":[{"embeddable":true,"href":"https:\/\/fatoelado.com\/index.php?rest_route=\/wp\/v2\/users\/3"}],"replies":[{"embeddable":true,"href":"https:\/\/fatoelado.com\/index.php?rest_route=%2Fwp%2Fv2%2Fcomments&post=20866"}],"version-history":[{"count":1,"href":"https:\/\/fatoelado.com\/index.php?rest_route=\/wp\/v2\/posts\/20866\/revisions"}],"predecessor-version":[{"id":20868,"href":"https:\/\/fatoelado.com\/index.php?rest_route=\/wp\/v2\/posts\/20866\/revisions\/20868"}],"wp:featuredmedia":[{"embeddable":true,"href":"https:\/\/fatoelado.com\/index.php?rest_route=\/wp\/v2\/media\/20867"}],"wp:attachment":[{"href":"https:\/\/fatoelado.com\/index.php?rest_route=%2Fwp%2Fv2%2Fmedia&parent=20866"}],"wp:term":[{"taxonomy":"category","embeddable":true,"href":"https:\/\/fatoelado.com\/index.php?rest_route=%2Fwp%2Fv2%2Fcategories&post=20866"},{"taxonomy":"post_tag","embeddable":true,"href":"https:\/\/fatoelado.com\/index.php?rest_route=%2Fwp%2Fv2%2Ftags&post=20866"}],"curies":[{"name":"wp","href":"https:\/\/api.w.org\/{rel}","templated":true}]}}