{"id":20863,"date":"2026-04-26T19:28:58","date_gmt":"2026-04-26T22:28:58","guid":{"rendered":"https:\/\/fatoelado.com\/?p=20863"},"modified":"2026-04-26T19:28:58","modified_gmt":"2026-04-26T22:28:58","slug":"lula-repudia-ataque-a-tiros-ocorrido-em-evento-com-donald-trump","status":"publish","type":"post","link":"https:\/\/fatoelado.com\/?p=20863","title":{"rendered":"Lula repudia ataque a tiros ocorrido em evento com Donald Trump"},"content":{"rendered":"<p><img decoding=\"async\" class=\"aligncenter\" src=\"https:\/\/cidadeverde.com\/assets\/uploads\/colecoes\/2\/2026\/02\/lula-6x1.jpg\" alt=\"lula-6x1.jpg\" \/><\/p>\n<p>O presidente Luiz In\u00e1cio Lula da Silva disse, neste domingo (26) \u201crepudiar veementemente\u201d o\u00a0<a href=\"https:\/\/agenciabrasil.ebc.com.br\/internacional\/noticia\/2026-04\/homem-atira-durante-jantar-de-trump-com-correspondentes-em-washington\" target=\"_blank\" rel=\"noopener\">ataque contra o presidente dos Estados Unidos, Donald Trump<\/a>, ocorrido nesse s\u00e1bado (25) em um encontro com jornalistas em Washington.<img loading=\"lazy\" decoding=\"async\" src=\"data:image\/png;base64,iVBORw0KGgoAAAANSUhEUgAAAAEAAAABCAQAAAC1HAwCAAAAC0lEQVR4nGP6zwAAAgcBApocMXEAAAAASUVORK5CYII=\" width=\"1\" height=\"1\" border=\"0\" \/><img loading=\"lazy\" decoding=\"async\" src=\"data:image\/png;base64,iVBORw0KGgoAAAANSUhEUgAAAAEAAAABCAQAAAC1HAwCAAAAC0lEQVR4nGP6zwAAAgcBApocMXEAAAAASUVORK5CYII=\" width=\"1\" height=\"1\" border=\"0\" \/><\/p>\n<p>\u201cMinha solidariedade ao presidente Donald Trump, \u00e0 primeira-dama Melania Trump e a todos os presentes no jantar com correspondentes em Washington. O Brasil repudia veementemente o ataque de ontem \u00e0 noite\u201d, diz a nota publicada por Lula nas redes sociais.<\/p>\n<p>\u201cA viol\u00eancia pol\u00edtica \u00e9 uma afronta aos valores democr\u00e1ticos que todos devemos proteger\u201d, acrescentou o presidente brasileiro.<\/p>\n<p>Os disparos foram dados durante o jantar de Trump com correspondentes que cobrem a Casa Branca.<\/p>\n<p>Tiros foram ouvidos nas imedia\u00e7\u00f5es do local do evento e o presidente e a primeira-dama Melania Trump foram retirados rapidamente do lugar pelo Servi\u00e7o Secreto norte-americano. O suspeito de ter feito o ataque foi preso e ainda n\u00e3o teve sua identidade revelada.<\/p>\n<p>O suspeito atirou em um agente do servi\u00e7o secreto \u2013 que acabou sendo salvo por usar colete \u00e0 prova de balas. Al\u00e9m dos disparos, testemunhas disseram a ag\u00eancias internacionais que tamb\u00e9m foram ouvidas explos\u00f5es na \u00e1rea pr\u00f3xima ao hotel.<\/p>\n<p>O jantar teve as presen\u00e7as do vice-presidente J.D. Vance e do secret\u00e1rio de Estado Marco Rubio. Eles tamb\u00e9m foram retirados do hotel e est\u00e3o em seguran\u00e7a.<\/p>\n<p>O presidente Trump deu uma entrevista coletiva na Casa Branca ap\u00f3s o ataque e disse que o atirador \u00e9 um &#8220;lobo solit\u00e1rio&#8221;, termo usado para descrever supostos criminosos que atuam sozinhos.<\/p>\n<p>Apesar da fala de Trump, o Servi\u00e7o Secreto dos EUA n\u00e3o deu mais detalhes sobre o suspeito.<\/p>\n<p>&nbsp;<\/p>\n<p>Fonte: Portal CidadeVerde.<br \/>\nConfira esta e outras mat\u00e9rias na \u00edntegra pelo link: https:\/\/cidadeverde.com\/noticias\/454945\/lula-repudia-ataque-a-tiros-ocorrido-em-evento-com-donald-trump<\/p>\n","protected":false},"excerpt":{"rendered":"<p>O presidente Luiz In\u00e1cio Lula da Silva disse, neste domingo (26) \u201crepudiar veementemente\u201d o\u00a0ataque contra o presidente dos Estados Unidos, Donald Trump, ocorrido nesse s\u00e1bado (25) em um encontro com jornalistas em Washington. \u201cMinha solidariedade ao presidente Donald Trump, \u00e0 primeira-dama Melania Trump e a todos os presentes no jantar com correspondentes em Washington. O [&hellip;]<\/p>\n","protected":false},"author":3,"featured_media":20864,"comment_status":"open","ping_status":"open","sticky":false,"template":"","format":"standard","meta":{"om_disable_all_campaigns":false,"_monsterinsights_skip_tracking":false,"_monsterinsights_sitenote_active":false,"_monsterinsights_sitenote_note":"","_monsterinsights_sitenote_category":0,"footnotes":""},"categories":[47,30],"tags":[],"class_list":["post-20863","post","type-post","status-publish","format-standard","has-post-thumbnail","hentry","category-nacionais","category-politica"],"jetpack_featured_media_url":"https:\/\/fatoelado.com\/wp-content\/uploads\/2026\/04\/lula-6x1-1-1.jpg","_links":{"self":[{"href":"https:\/\/fatoelado.com\/index.php?rest_route=\/wp\/v2\/posts\/20863","targetHints":{"allow":["GET"]}}],"collection":[{"href":"https:\/\/fatoelado.com\/index.php?rest_route=\/wp\/v2\/posts"}],"about":[{"href":"https:\/\/fatoelado.com\/index.php?rest_route=\/wp\/v2\/types\/post"}],"author":[{"embeddable":true,"href":"https:\/\/fatoelado.com\/index.php?rest_route=\/wp\/v2\/users\/3"}],"replies":[{"embeddable":true,"href":"https:\/\/fatoelado.com\/index.php?rest_route=%2Fwp%2Fv2%2Fcomments&post=20863"}],"version-history":[{"count":1,"href":"https:\/\/fatoelado.com\/index.php?rest_route=\/wp\/v2\/posts\/20863\/revisions"}],"predecessor-version":[{"id":20865,"href":"https:\/\/fatoelado.com\/index.php?rest_route=\/wp\/v2\/posts\/20863\/revisions\/20865"}],"wp:featuredmedia":[{"embeddable":true,"href":"https:\/\/fatoelado.com\/index.php?rest_route=\/wp\/v2\/media\/20864"}],"wp:attachment":[{"href":"https:\/\/fatoelado.com\/index.php?rest_route=%2Fwp%2Fv2%2Fmedia&parent=20863"}],"wp:term":[{"taxonomy":"category","embeddable":true,"href":"https:\/\/fatoelado.com\/index.php?rest_route=%2Fwp%2Fv2%2Fcategories&post=20863"},{"taxonomy":"post_tag","embeddable":true,"href":"https:\/\/fatoelado.com\/index.php?rest_route=%2Fwp%2Fv2%2Ftags&post=20863"}],"curies":[{"name":"wp","href":"https:\/\/api.w.org\/{rel}","templated":true}]}}