{"id":20860,"date":"2026-04-26T19:28:12","date_gmt":"2026-04-26T22:28:12","guid":{"rendered":"https:\/\/fatoelado.com\/?p=20860"},"modified":"2026-04-26T19:28:12","modified_gmt":"2026-04-26T22:28:12","slug":"secretario-alerta-para-crescimento-da-dengue-e-reforca-prevencao-no-piaui","status":"publish","type":"post","link":"https:\/\/fatoelado.com\/?p=20860","title":{"rendered":"Secret\u00e1rio alerta para crescimento da dengue e refor\u00e7a preven\u00e7\u00e3o no Piau\u00ed"},"content":{"rendered":"<p><img decoding=\"async\" class=\"aligncenter\" src=\"https:\/\/cidadeverde.com\/assets\/uploads\/colecoes\/2\/2026\/04\/698a3ff5-f00f-4bee-83ab-822a1436fea9.jpg\" alt=\"Dirceu Campelo, secret\u00e1rio de sa\u00fade\" \/><\/p>\n<p>O secret\u00e1rio de Estado da Sa\u00fade do Piau\u00ed, Dirceu Camp\u00ealo, alertou a popula\u00e7\u00e3o para a necessidade de intensificar medidas de preven\u00e7\u00e3o contra a dengue, diante do cen\u00e1rio de aumento de casos em algumas regi\u00f5es do estado. O apelo ocorre no fim do per\u00edodo chuvoso, considerado cr\u00edtico para a prolifera\u00e7\u00e3o do mosquito transmissor. Somente em Parna\u00edba,<strong>\u00a0teve um aumento de 470%.<\/strong><\/p>\n<p>Ao comentar a situa\u00e7\u00e3o, o gestor destacou que, embora os indicadores locais ainda sejam inferiores aos de outros estados, o momento exige aten\u00e7\u00e3o redobrada.<\/p>\n<blockquote><p>\u201cA gente tem indicadores at\u00e9 menores do que outros estados, mas isso nos d\u00e1 o alerta de que esse \u00e9 o momento ideal para evitar aumento desses indicadores, aumento da incid\u00eancia de dengue, para a gente atuar na preven\u00e7\u00e3o junto aos munic\u00edpios. A popula\u00e7\u00e3o \u00e9 a grande protagonista desse cen\u00e1rio, mantendo a\u00e7\u00f5es simples como evitar \u00e1gua parada e eliminar criadouros do mosquito\u201d, afirmou.<\/p><\/blockquote>\n<p>&nbsp;<\/p>\n<p>Dados do Painel de Monitoramento das Arboviroses do Minist\u00e9rio da Sa\u00fade mostram que, em abril de 2026,\u00a0<strong>o Piau\u00ed registrou 1.464 casos prov\u00e1veis de dengue<\/strong>. No acumulado do ano, s\u00e3o 5.454 casos prov\u00e1veis, com um \u00f3bito confirmado. O coeficiente de incid\u00eancia est\u00e1 em 161,1, com letalidade de 0,02% nos casos prov\u00e1veis e 1,82% nos casos graves.<\/p>\n<p>A\u00a0<strong>preocupa\u00e7\u00e3o maior, segundo o secret\u00e1rio, est\u00e1 concentrada na regi\u00e3o da Serra da Capivara, especialmente em S\u00e3o Raimundo Nonato, onde houve aumento recente de casos.<\/strong>\u00a0\u201cAo longo das \u00faltimas duas semanas, a regi\u00e3o que tem maior incid\u00eancia \u00e9 a de S\u00e3o Raimundo Nonato e munic\u00edpios pr\u00f3ximos. As equipes refor\u00e7aram o atendimento nas unidades b\u00e1sicas de sa\u00fade, al\u00e9m do suporte da UPA e do hospital estadual para os casos que necessitam de interna\u00e7\u00e3o\u201d, explicou.<\/p>\n<p>No munic\u00edpio, a Secretaria de Estado da Sa\u00fade iniciou uma for\u00e7a-tarefa para conter o avan\u00e7o da doen\u00e7a. T\u00e9cnicos das \u00e1reas de vigil\u00e2ncia ambiental e epidemiol\u00f3gica foram enviados para refor\u00e7ar o monitoramento, orientar profissionais de sa\u00fade e intensificar o combate aos focos do mosquito. A a\u00e7\u00e3o inclui ainda investiga\u00e7\u00e3o de um \u00f3bito suspeito em Bonfim do Piau\u00ed e apoio na elabora\u00e7\u00e3o de planos de conting\u00eancia nos munic\u00edpios da regi\u00e3o.<\/p>\n<p>Outro ponto de aten\u00e7\u00e3o \u00e9<strong>\u00a0Parna\u00edba, no litoral do estado, onde foi registrado um crescimento expressivo dos casos.\u00a0<\/strong>Na Semana Epidemiol\u00f3gica 16, entre os dias 12 e 18 de abril, o aumento foi de cerca de 470% em rela\u00e7\u00e3o ao mesmo per\u00edodo do ano passado. Em 2026, o munic\u00edpio contabiliza 169 casos prov\u00e1veis e 136 confirmados, enquanto em 2025 haviam sido registrados 30 casos prov\u00e1veis e 29 confirmados.<\/p>\n<p>Diante desse cen\u00e1rio, a Secretaria de Sa\u00fade refor\u00e7a que a principal estrat\u00e9gia continua sendo a preven\u00e7\u00e3o. A orienta\u00e7\u00e3o \u00e9 eliminar recipientes que possam acumular \u00e1gua, manter caixas d\u2019\u00e1gua fechadas, limpar calhas e evitar o descarte irregular de lixo. A recomenda\u00e7\u00e3o \u00e9 que a popula\u00e7\u00e3o procure atendimento ao apresentar sintomas como febre, dores no corpo e manchas na pele, para diagn\u00f3stico e acompanhamento adequados.<\/p>\n<p>&nbsp;<\/p>\n<p>Fonte: Portal CidadeVerde.<br \/>\nConfira esta e outras mat\u00e9rias na \u00edntegra pelo link: https:\/\/cidadeverde.com\/noticias\/454860\/secretario-alerta-para-crescimento-da-dengue-e-reforca-prevencao-no-piaui<\/p>\n","protected":false},"excerpt":{"rendered":"<p>O secret\u00e1rio de Estado da Sa\u00fade do Piau\u00ed, Dirceu Camp\u00ealo, alertou a popula\u00e7\u00e3o para a necessidade de intensificar medidas de preven\u00e7\u00e3o contra a dengue, diante do cen\u00e1rio de aumento de casos em algumas regi\u00f5es do estado. O apelo ocorre no fim do per\u00edodo chuvoso, considerado cr\u00edtico para a prolifera\u00e7\u00e3o do mosquito transmissor. Somente em Parna\u00edba,\u00a0teve [&hellip;]<\/p>\n","protected":false},"author":3,"featured_media":20861,"comment_status":"open","ping_status":"open","sticky":false,"template":"","format":"standard","meta":{"om_disable_all_campaigns":false,"_monsterinsights_skip_tracking":false,"_monsterinsights_sitenote_active":false,"_monsterinsights_sitenote_note":"","_monsterinsights_sitenote_category":0,"footnotes":""},"categories":[33,42],"tags":[],"class_list":["post-20860","post","type-post","status-publish","format-standard","has-post-thumbnail","hentry","category-piaui","category-saude"],"jetpack_featured_media_url":"https:\/\/fatoelado.com\/wp-content\/uploads\/2026\/04\/698a3ff5-f00f-4bee-83ab-822a1436fea9.jpg","_links":{"self":[{"href":"https:\/\/fatoelado.com\/index.php?rest_route=\/wp\/v2\/posts\/20860","targetHints":{"allow":["GET"]}}],"collection":[{"href":"https:\/\/fatoelado.com\/index.php?rest_route=\/wp\/v2\/posts"}],"about":[{"href":"https:\/\/fatoelado.com\/index.php?rest_route=\/wp\/v2\/types\/post"}],"author":[{"embeddable":true,"href":"https:\/\/fatoelado.com\/index.php?rest_route=\/wp\/v2\/users\/3"}],"replies":[{"embeddable":true,"href":"https:\/\/fatoelado.com\/index.php?rest_route=%2Fwp%2Fv2%2Fcomments&post=20860"}],"version-history":[{"count":1,"href":"https:\/\/fatoelado.com\/index.php?rest_route=\/wp\/v2\/posts\/20860\/revisions"}],"predecessor-version":[{"id":20862,"href":"https:\/\/fatoelado.com\/index.php?rest_route=\/wp\/v2\/posts\/20860\/revisions\/20862"}],"wp:featuredmedia":[{"embeddable":true,"href":"https:\/\/fatoelado.com\/index.php?rest_route=\/wp\/v2\/media\/20861"}],"wp:attachment":[{"href":"https:\/\/fatoelado.com\/index.php?rest_route=%2Fwp%2Fv2%2Fmedia&parent=20860"}],"wp:term":[{"taxonomy":"category","embeddable":true,"href":"https:\/\/fatoelado.com\/index.php?rest_route=%2Fwp%2Fv2%2Fcategories&post=20860"},{"taxonomy":"post_tag","embeddable":true,"href":"https:\/\/fatoelado.com\/index.php?rest_route=%2Fwp%2Fv2%2Ftags&post=20860"}],"curies":[{"name":"wp","href":"https:\/\/api.w.org\/{rel}","templated":true}]}}