{"id":20857,"date":"2026-04-26T19:27:03","date_gmt":"2026-04-26T22:27:03","guid":{"rendered":"https:\/\/fatoelado.com\/?p=20857"},"modified":"2026-04-26T19:27:03","modified_gmt":"2026-04-26T22:27:03","slug":"alckmin-anuncia-r-10-bilhoes-para-modernizacao-de-maquinas-agricolas","status":"publish","type":"post","link":"https:\/\/fatoelado.com\/?p=20857","title":{"rendered":"Alckmin anuncia R$ 10 bilh\u00f5es para moderniza\u00e7\u00e3o de m\u00e1quinas agr\u00edcolas"},"content":{"rendered":"<p><img decoding=\"async\" class=\"aligncenter\" src=\"https:\/\/cidadeverde.com\/assets\/uploads\/colecoes\/2\/2026\/04\/whatsapp_image_2026-04-26_at_17_23_11.jpeg\" alt=\"Geraldo Alckmin - Vice-presidente\" \/><\/p>\n<p>O vice-presidente da Rep\u00fablica, Geraldo Alckmin, anunciou neste domingo (26) a cria\u00e7\u00e3o de uma nova linha de R$ 10 bilh\u00f5es em cr\u00e9dito para a moderniza\u00e7\u00e3o de m\u00e1quinas e implementos agr\u00edcolas.<\/p>\n<p>O an\u00fancio foi feito durante a abertura da Agrishow, em Ribeir\u00e3o Preto (SP). Os recursos integram uma nova modalidade do programa MOVE Brasil, voltada ao setor agropecu\u00e1rio.<\/p>\n<blockquote><p>\u201cS\u00e3o R$ 10 bilh\u00f5es para financiar trator, implementos, colheitadeiras, toda a parte de m\u00e1quinas agr\u00edcolas. Pela pr\u00f3pria Finep, diretamente, ou pelos parceiros: cooperativas, bancos privados e o Banco do Brasil\u201d, disse Alckmin.<\/p><\/blockquote>\n<p>Ele destacou que os recursos ser\u00e3o disponibilizados no prazo de tr\u00eas semanas, \u201ccom juros bem mais baixos para poder financiar a moderniza\u00e7\u00e3o e a troca de m\u00e1quinas e equipamentos\u201d.<\/p>\n<h2>Renegocia\u00e7\u00e3o de d\u00edvidas rurais<\/h2>\n<p>O vice-presidente afirmou ainda que o governo prepara um programa de renegocia\u00e7\u00e3o de d\u00edvidas rurais, medida que, segundo ele, pretende contemplar produtores inadimplentes e adimplentes. O objetivo \u00e9 ampliar a capacidade de investimento e a competitividade do setor.<\/p>\n<blockquote><p>\u201cO governo vai tratar dessa quest\u00e3o. Para quem est\u00e1 inadimplente e at\u00e9 para quem est\u00e1 adimplente, vai ter um empenho na renegocia\u00e7\u00e3o das d\u00edvidas\u201d, antecipou.<\/p><\/blockquote>\n<p>A nova linha segue o modelo do MOVE Brasil lan\u00e7ado para renova\u00e7\u00e3o da frota de caminh\u00f5es, em janeiro deste ano. Segundo o vice-presidente, o cr\u00e9dito foi esgotado em cerca de 60 dias.<\/p>\n<h2>Cr\u00e9dito e inova\u00e7\u00e3o<\/h2>\n<p>A nova modalidade do MOVE Brasil utilizar\u00e1 recursos do super\u00e1vit do Fundo Nacional de Desenvolvimento Cient\u00edfico e Tecnol\u00f3gico, sob gest\u00e3o da Finep, com foco em conte\u00fado nacional, inova\u00e7\u00e3o e pesquisa e desenvolvimento.<\/p>\n<p>A previs\u00e3o \u00e9 que os financiamentos estejam dispon\u00edveis em 20 a 30 dias.<\/p>\n<p>Pela primeira vez, cooperativas agr\u00edcolas poder\u00e3o acessar diretamente cr\u00e9dito da Finep para financiar m\u00e1quinas, equipamentos e solu\u00e7\u00f5es de agricultura digital.<\/p>\n<h2>Avalia\u00e7\u00e3o de ministros<\/h2>\n<p>Durante o evento, a ministra do Desenvolvimento Agr\u00e1rio e Agricultura Familiar, Fernanda Machiavelli, afirmou que a iniciativa contribui para a mecaniza\u00e7\u00e3o e a tecnifica\u00e7\u00e3o da agricultura familiar, com apoio da ind\u00fastria nacional.<\/p>\n<p>J\u00e1 o ministro da Agricultura e Pecu\u00e1ria, Andr\u00e9 de Paula, destacou que o setor deve ser impulsionado pela entrada em vigor do acordo Mercosul\u2013Uni\u00e3o Europeia, prevista para 1\u00ba de maio, com redu\u00e7\u00e3o tarif\u00e1ria para produtos agropecu\u00e1rios.<\/p>\n<p>&nbsp;<\/p>\n<p>Fonte: Portal CidadeVerde.<br \/>\nConfira esta e outras mat\u00e9rias na \u00edntegra pelo link: https:\/\/cidadeverde.com\/noticias\/454955\/alckmin-anuncia-r-10-bilhoes-para-modernizacao-de-maquinas-agricolas<\/p>\n","protected":false},"excerpt":{"rendered":"<p>O vice-presidente da Rep\u00fablica, Geraldo Alckmin, anunciou neste domingo (26) a cria\u00e7\u00e3o de uma nova linha de R$ 10 bilh\u00f5es em cr\u00e9dito para a moderniza\u00e7\u00e3o de m\u00e1quinas e implementos agr\u00edcolas. O an\u00fancio foi feito durante a abertura da Agrishow, em Ribeir\u00e3o Preto (SP). Os recursos integram uma nova modalidade do programa MOVE Brasil, voltada ao [&hellip;]<\/p>\n","protected":false},"author":3,"featured_media":20858,"comment_status":"open","ping_status":"open","sticky":false,"template":"","format":"standard","meta":{"om_disable_all_campaigns":false,"_monsterinsights_skip_tracking":false,"_monsterinsights_sitenote_active":false,"_monsterinsights_sitenote_note":"","_monsterinsights_sitenote_category":0,"footnotes":""},"categories":[47],"tags":[],"class_list":["post-20857","post","type-post","status-publish","format-standard","has-post-thumbnail","hentry","category-nacionais"],"jetpack_featured_media_url":"https:\/\/fatoelado.com\/wp-content\/uploads\/2026\/04\/whatsapp_image_2026-04-26_at_17_23_11.jpeg","_links":{"self":[{"href":"https:\/\/fatoelado.com\/index.php?rest_route=\/wp\/v2\/posts\/20857","targetHints":{"allow":["GET"]}}],"collection":[{"href":"https:\/\/fatoelado.com\/index.php?rest_route=\/wp\/v2\/posts"}],"about":[{"href":"https:\/\/fatoelado.com\/index.php?rest_route=\/wp\/v2\/types\/post"}],"author":[{"embeddable":true,"href":"https:\/\/fatoelado.com\/index.php?rest_route=\/wp\/v2\/users\/3"}],"replies":[{"embeddable":true,"href":"https:\/\/fatoelado.com\/index.php?rest_route=%2Fwp%2Fv2%2Fcomments&post=20857"}],"version-history":[{"count":1,"href":"https:\/\/fatoelado.com\/index.php?rest_route=\/wp\/v2\/posts\/20857\/revisions"}],"predecessor-version":[{"id":20859,"href":"https:\/\/fatoelado.com\/index.php?rest_route=\/wp\/v2\/posts\/20857\/revisions\/20859"}],"wp:featuredmedia":[{"embeddable":true,"href":"https:\/\/fatoelado.com\/index.php?rest_route=\/wp\/v2\/media\/20858"}],"wp:attachment":[{"href":"https:\/\/fatoelado.com\/index.php?rest_route=%2Fwp%2Fv2%2Fmedia&parent=20857"}],"wp:term":[{"taxonomy":"category","embeddable":true,"href":"https:\/\/fatoelado.com\/index.php?rest_route=%2Fwp%2Fv2%2Fcategories&post=20857"},{"taxonomy":"post_tag","embeddable":true,"href":"https:\/\/fatoelado.com\/index.php?rest_route=%2Fwp%2Fv2%2Ftags&post=20857"}],"curies":[{"name":"wp","href":"https:\/\/api.w.org\/{rel}","templated":true}]}}