{"id":20836,"date":"2026-04-26T05:31:18","date_gmt":"2026-04-26T08:31:18","guid":{"rendered":"https:\/\/fatoelado.com\/?p=20836"},"modified":"2026-04-25T23:32:24","modified_gmt":"2026-04-26T02:32:24","slug":"mercado-da-picarra-ou-mafua-rafael-fonteles-pede-ajuda-para-decidir-cafe-com-alok","status":"publish","type":"post","link":"https:\/\/fatoelado.com\/?p=20836","title":{"rendered":"\u201cMercado da Pi\u00e7arra ou Mafu\u00e1?\u201d Rafael Fonteles pede ajuda para decidir caf\u00e9 com Alok"},"content":{"rendered":"<h2 class=\"article-subtitle\" style=\"text-align: center;\">Governador do Piau\u00ed afirmou que pretende convidar o DJ para tomar caf\u00e9 da manh\u00e3 em Teresina ap\u00f3s show<\/h2>\n<p>&nbsp;<\/p>\n<div class=\"article-image-featured\" style=\"text-align: center;\"><img decoding=\"async\" class=\"i-amphtml-fill-content i-amphtml-replaced-content aligncenter\" src=\"https:\/\/www.meionews.com\/uploads\/imagens\/2026\/4\/25\/alok-faz-show-em-teresina--35a47cbc8197f663.jpg\" alt=\"Alok faz show em Teresina  | Foto: Juliana Oliveira \" data-amp-loading=\"lazy\" \/><small>Alok faz show em Teresina | Foto: Juliana Oliveira<\/small><\/div>\n<div class=\"g-news\"><\/div>\n<div class=\"article-html\">\n<div class=\"article-html-more\">\n<p>O governador do Piau\u00ed,\u00a0<strong>Rafael Fonteles<\/strong>, lan\u00e7ou uma enquete para o p\u00fablico sobre onde deve levar o\u00a0<strong>DJ Alok<\/strong> para tomar caf\u00e9 da manh\u00e3 ap\u00f3s show realizado em Teresina neste s\u00e1bado (25).<\/p>\n<p><strong><span class=\"highlight\">Em tom de brincadeira, Fonteles perguntou aos seguidores:<\/span><\/strong><\/p>\n<blockquote><p>\u00a0Para onde voc\u00eas acham que eu devo convidar o Alok para tomar caf\u00e9 da manh\u00e3 neste domingo? N\u00e3o sei se ele vai topar, mas vou dar duas op\u00e7\u00f5es para ele: Mercado da Pi\u00e7arra ou Mercado do Mafu\u00e1&#8221;,disse o gestor.<\/p><\/blockquote>\n<p>O gestor disse j\u00e1 \u201cest\u00e1 no esquenta do mega show do Alok\u201d.<\/p>\n<p>&nbsp;<\/p>\n<h2>PONTOS TUR\u00cdSTICOS TRADICIONAIS<\/h2>\n<p>O Mercado do Mafu\u00e1, localizado na zona Norte de Teresina e fundado em 1966 \u00e9 um dos principais pontos tur\u00edsticos da cidade de Teresina reconhecido como ponto de encontro de milhares de pessoas todos os dias.<\/p>\n<p>J\u00e1 o Mercado da Pi\u00e7arra, tamb\u00e9m bastante tradicional, fica na zona Sul da capital, e tamb\u00e9m \u00e9 bastante tradicional.<\/p>\n<p><strong><span class=\"highlight\">Ambos s\u00e3o reconhecidos pela variedade de pratos t\u00edpicos servidos no caf\u00e9 da manh\u00e3 como cuscuz de arroz, buchada, bolo frito, sucos etc.<\/span><\/strong><\/p>\n<h2>SHOW DO ALOK EM TERESINA<\/h2>\n<p><strong>O artista e DJ internacional Alok realiza um super show na noite deste s\u00e1bado (25) na arena Carhoo, pr\u00f3xima a Avenida Jo\u00e3o XXIII, zona Leste de Teresina.<\/strong><\/p>\n<p>Com uma mega estrutura e tecnologia de ponta, o evento de m\u00fasica eletr\u00f4nica deve reunir cerca de 150 mil pessoas e movimentar a economia local.<\/p>\n<h2>O QUE ESPERAR?<\/h2>\n<p>Alok, conhecido mundialmente e destaque nas paradas de m\u00fasica eletr\u00f4nica, chega a Teresina com a \u00c1urea Tour, seu mais novo projeto.\u00a0<strong>O show \u00e9 gratuito e promete uma experi\u00eancia tecnol\u00f3gica imersiva.<\/strong><\/p>\n<p>Um dos grandes destaques \u00e9 a pir\u00e2mide de aproximadamente 30 metros de altura. Al\u00e9m disso, o evento contar\u00e1 com mais de 600 m\u00b2 de pain\u00e9is de LED e 376 equipamentos de ilumina\u00e7\u00e3o.<\/p>\n<p>Tamb\u00e9m haver\u00e1 milhares de drones que formar\u00e3o imagens no c\u00e9u de Teresina, unindo tecnologia e m\u00fasica para animar o p\u00fablico.<\/p>\n<h2>TRANSMISS\u00c3O DA MEIO NORTE<\/h2>\n<p><strong>A Meio Norte ir\u00e1 transmitir o show do DJ e produtor musical Alok, que acontece em Teresina neste s\u00e1bado (25)<\/strong><strong>.<\/strong>\u00a0O p\u00fablico poder\u00e1 acompanhar, ao vivo, todos os detalhes da atra\u00e7\u00e3o sem sair de casa. Al\u00e9m disso, haver\u00e1 cobertura digital e transmiss\u00e3o pela Boa FM 94.1.<\/p>\n<p>Os espectadores poder\u00e3o acompanhar, minuto a minuto, tudo o que estiver acontecendo por meio do canal do YouTube MN+, no portal meionews.com e nas redes sociais.\u00a0<strong>Al\u00e9m disso, os perfis @meionorte e @entretemeio ir\u00e3o ampliar a experi\u00eancia e a intera\u00e7\u00e3o com o p\u00fablico em tempo real.<\/strong><\/p>\n<p>Este \u00e9 um dos shows mais aguardados nos \u00faltimos anos pelos teresinenses.<\/p>\n<p class=\"ads\">\n<div class=\"article-more\">\n<div class=\"more-news\">Fonte: Portal MeioNews.<br \/>\nConfira esta e outras mat\u00e9rias na \u00edntegra pelo link: https:\/\/www.meionews.com\/piaui\/mercado-da-picarra-ou-mafua-rafael-fonteles-pede-ajuda-para-decidir-cafe-com-alok-561879<\/div>\n<\/div>\n<\/div>\n<\/div>\n","protected":false},"excerpt":{"rendered":"<p>Governador do Piau\u00ed afirmou que pretende convidar o DJ para tomar caf\u00e9 da manh\u00e3 em Teresina ap\u00f3s show &nbsp; Alok faz show em Teresina | Foto: Juliana Oliveira O governador do Piau\u00ed,\u00a0Rafael Fonteles, lan\u00e7ou uma enquete para o p\u00fablico sobre onde deve levar o\u00a0DJ Alok para tomar caf\u00e9 da manh\u00e3 ap\u00f3s show realizado em Teresina [&hellip;]<\/p>\n","protected":false},"author":3,"featured_media":20837,"comment_status":"open","ping_status":"open","sticky":false,"template":"","format":"standard","meta":{"om_disable_all_campaigns":false,"_monsterinsights_skip_tracking":false,"_monsterinsights_sitenote_active":false,"_monsterinsights_sitenote_note":"","_monsterinsights_sitenote_category":0,"footnotes":""},"categories":[33],"tags":[],"class_list":["post-20836","post","type-post","status-publish","format-standard","has-post-thumbnail","hentry","category-piaui"],"jetpack_featured_media_url":"https:\/\/fatoelado.com\/wp-content\/uploads\/2026\/04\/alok-faz-show-em-teresina-35a47cbc8197f663.jpg","_links":{"self":[{"href":"https:\/\/fatoelado.com\/index.php?rest_route=\/wp\/v2\/posts\/20836","targetHints":{"allow":["GET"]}}],"collection":[{"href":"https:\/\/fatoelado.com\/index.php?rest_route=\/wp\/v2\/posts"}],"about":[{"href":"https:\/\/fatoelado.com\/index.php?rest_route=\/wp\/v2\/types\/post"}],"author":[{"embeddable":true,"href":"https:\/\/fatoelado.com\/index.php?rest_route=\/wp\/v2\/users\/3"}],"replies":[{"embeddable":true,"href":"https:\/\/fatoelado.com\/index.php?rest_route=%2Fwp%2Fv2%2Fcomments&post=20836"}],"version-history":[{"count":1,"href":"https:\/\/fatoelado.com\/index.php?rest_route=\/wp\/v2\/posts\/20836\/revisions"}],"predecessor-version":[{"id":20838,"href":"https:\/\/fatoelado.com\/index.php?rest_route=\/wp\/v2\/posts\/20836\/revisions\/20838"}],"wp:featuredmedia":[{"embeddable":true,"href":"https:\/\/fatoelado.com\/index.php?rest_route=\/wp\/v2\/media\/20837"}],"wp:attachment":[{"href":"https:\/\/fatoelado.com\/index.php?rest_route=%2Fwp%2Fv2%2Fmedia&parent=20836"}],"wp:term":[{"taxonomy":"category","embeddable":true,"href":"https:\/\/fatoelado.com\/index.php?rest_route=%2Fwp%2Fv2%2Fcategories&post=20836"},{"taxonomy":"post_tag","embeddable":true,"href":"https:\/\/fatoelado.com\/index.php?rest_route=%2Fwp%2Fv2%2Ftags&post=20836"}],"curies":[{"name":"wp","href":"https:\/\/api.w.org\/{rel}","templated":true}]}}